{"id":27536,"date":"2023-09-06T12:38:20","date_gmt":"2023-09-06T09:38:20","guid":{"rendered":"http:\/\/akdenizolaygazetesi.com\/?p=27536"},"modified":"2023-09-06T12:38:20","modified_gmt":"2023-09-06T09:38:20","slug":"akdeniz-belediye-baskani-gultak-zabitamizi-her-yonuyle-guclu-ve-etkili-bir-hale-getirdik","status":"publish","type":"post","link":"https:\/\/akdenizolaygazetesi.com\/?p=27536","title":{"rendered":"AKDEN\u0130Z BELED\u0130YE BA\u015eKANI G\u00dcLTAK; \u201cZABITAMIZI HER Y\u00d6N\u00dcYLE G\u00dc\u00c7L\u00dc VE ETK\u0130L\u0130 B\u0130R HALE GET\u0130RD\u0130K\u201d"},"content":{"rendered":"<p>Akdeniz Belediye Ba\u015fkan\u0131 G\u00fcltak, Zab\u0131ta Te\u015fkilat\u0131\u2019n\u0131n kurulu\u015funun 197\u2019inci y\u0131ld\u00f6n\u00fcm\u00fc dolay\u0131s\u0131yla, Zab\u0131ta M\u00fcd\u00fcrl\u00fc\u011f\u00fc personeli ve aileleriyle bir araya geldi. G\u00f6reve geldiklerinde zab\u0131ta biriminin her y\u00f6n\u00fcyle zay\u0131f oldu\u011funu belirten Ba\u015fkan G\u00fcltak; \u201cBirimin makam, ara\u00e7, motosiklet ve daha bir\u00e7ok eksi\u011fi vard\u0131. Fakat bizim d\u00f6nemimizde t\u00fcm eksikleri giderip zab\u0131tam\u0131z\u0131 her y\u00f6n\u00fcyle g\u00fc\u00e7l\u00fc ve etkin bir hale getirdik\u201d dedi.<br \/>\nZab\u0131ta Te\u015fkilat\u0131\u2019n\u0131n kurulu\u015funun 197\u2019inci y\u0131ld\u00f6n\u00fcm\u00fc dolay\u0131s\u0131yla, bir otelde d\u00fczenlenen toplant\u0131ya ba\u015fkan yard\u0131mc\u0131lar\u0131 ve birim m\u00fcd\u00fcrleri ile birlikte Mezitli Belediyesi Zab\u0131ta M\u00fcd\u00fcr\u00fc H\u00fcseyin Solak ile Toroslar Belediyesi Zab\u0131ta M\u00fcd\u00fcr\u00fc Alim Sevim de kat\u0131ld\u0131. Bulu\u015fmada ilk s\u00f6z alan Akdeniz Belediyesi Zab\u0131ta M\u00fcd\u00fcr\u00fc Ufuk Sivasl\u0131o\u011flu, \u201cAkdeniz Zab\u0131tas\u0131, belediyemizin aynas\u0131, halk ile belediye aras\u0131nda bir k\u00f6pr\u00fcd\u00fcr. Halk, zab\u0131taya bakarak belediyeye puan verir. Halk\u0131n s\u00fcrekli i\u00e7inde olan bir m\u00fcd\u00fcrl\u00fc\u011f\u00fcz. Dolay\u0131s\u0131yla zab\u0131ta, ger\u00e7ekten \u00f6nemli bir birimdir. Say\u0131n Ba\u015fkan\u0131m\u0131z da daima arkam\u0131zda duruyor ve deste\u011fini veriyor. Belediyemizin k\u0131t imk\u00e2nlar\u0131na ra\u011fmen Ba\u015fkan\u0131m\u0131zdan ald\u0131\u011f\u0131m\u0131z bu g\u00fc\u00e7 ve destekle denetimlerimizi ger\u00e7ekle\u015ftiriyor, halk\u0131m\u0131za hizmet veriyoruz\u201d dedi.<br \/>\n\u201cZab\u0131tam\u0131z\u0131n t\u00fcm eksiklerini giderip g\u00fc\u00e7l\u00fc bir birim haline getirdik\u201d<br \/>\nAkdeniz Belediye Ba\u015fkan\u0131 M. Mustafa G\u00fcltak da halk\u0131n huzuru, sa\u011fl\u0131\u011f\u0131 ve esenli\u011fi i\u00e7in \u00e7al\u0131\u015fan zab\u0131ta te\u015fkilat\u0131n\u0131n zor ve zahmetli bir hizmet verdi\u011fini ifade etti. \u201cBu meslekte y\u00fck a\u011f\u0131r, stres b\u00fcy\u00fck\u201d diyen Ba\u015fkan G\u00fcltak, \u201cBiz g\u00f6reve geldi\u011fimizde zab\u0131ta biriminin kadrosu zay\u0131ft\u0131. Makam, ara\u00e7 ve motosiklet eksi\u011fi vard\u0131. Fakat bizim d\u00f6nemimizde t\u00fcm eksikleri giderdik ve zab\u0131tam\u0131z\u0131 her y\u00f6n\u00fcyle g\u00fc\u00e7l\u00fc bir hale getirdik. Akdeniz zab\u0131tam\u0131z, di\u011fer belediyelerle koordineli bir \u015fekilde \u00e7al\u0131\u015f\u0131yor ve T\u00fcrkiye\u2019de ses getiren g\u00fczel i\u015fler, etkili hizmetler yap\u0131yor. M\u00fcd\u00fcr\u00fcm\u00fcz Ufuk Bey ve t\u00fcm ekibine te\u015fekk\u00fcr ediyorum\u201d diye konu\u015ftu.<br \/>\n\u201cT\u00fcm personelimin daima yan\u0131nday\u0131m, \u00e7\u00fcnk\u00fc biz bir ekibiz\u201d<br \/>\nS\u00f6zlerini; \u201cAkdeniz\u2019de iyi \u015feyler yapt\u0131k. Bar\u0131\u015f\u0131, karde\u015fli\u011fi sa\u011flad\u0131k. Akdeniz\u2019in sokaklar\u0131nda muhabbet var, rahat rahat gezebilirsiniz\u201d \u015feklinde s\u00fcrd\u00fcren Ba\u015fkan G\u00fcltak; \u201cAkdeniz\u2019e hizmet, proje ve yat\u0131r\u0131m getirdik. 25 y\u0131l sonra Mersin Merkez\u2019de kentsel d\u00f6n\u00fc\u015f\u00fcm projeleri bitti. Bunlar \u00f6nemli projeler, basit i\u015fler de\u011fil. Spor tesisleri a\u00e7t\u0131k, kad\u0131nlar ve gen\u00e7lerimiz i\u00e7in projelere imza att\u0131k. Ve biz bir ekibiz. \u00c7\u00fcnk\u00fc bir belediye ba\u015fkan\u0131 tek ba\u015f\u0131na bir \u015fey de\u011fildir. Ba\u015fkan yard\u0131mc\u0131lar\u0131, m\u00fcd\u00fcrleri, \u015fefleri, \u00e7avu\u015flar\u0131 vesaire \u00e7ok \u00f6nemli. Ekip ne kadar koordineli \u00e7al\u0131\u015f\u0131rsa oradan verim elde edilir. Ben de s\u00fcrekli ekiplerimizin yan\u0131nday\u0131m. Buradan da tabi sinerji ortaya \u00e7\u0131k\u0131yor ve bu da Akdeniz\u2019e yans\u0131yor. T\u00fcm zab\u0131ta karde\u015flerimin haftas\u0131n\u0131 kutluyorum, ailenizle birlikte sa\u011fl\u0131k, huzur ve mutluluk diliyorum\u201d ifadelerini kulland\u0131. <\/p>\n","protected":false},"excerpt":{"rendered":"<p>Akdeniz Belediye Ba\u015fkan\u0131 G\u00fcltak, Zab\u0131ta Te\u015fkilat\u0131\u2019n\u0131n kurulu\u015funun 197\u2019inci y\u0131ld\u00f6n\u00fcm\u00fc dolay\u0131s\u0131yla, Zab\u0131ta M\u00fcd\u00fcrl\u00fc\u011f\u00fc personeli ve aileleriyle bir araya geldi. G\u00f6reve geldiklerinde zab\u0131ta biriminin her y\u00f6n\u00fcyle zay\u0131f oldu\u011funu belirten Ba\u015fkan G\u00fcltak; \u201cBirimin &hellip; <a href=\"https:\/\/akdenizolaygazetesi.com\/?p=27536\" class=\"more-link\">Devam\u0131n\u0131 Oku&#8230;<\/a><\/p>\n","protected":false},"author":2,"featured_media":27537,"comment_status":"open","ping_status":"open","sticky":false,"template":"","format":"standard","meta":[],"categories":[1,2,3],"tags":[],"_links":{"self":[{"href":"https:\/\/akdenizolaygazetesi.com\/index.php?rest_route=\/wp\/v2\/posts\/27536"}],"collection":[{"href":"https:\/\/akdenizolaygazetesi.com\/index.php?rest_route=\/wp\/v2\/posts"}],"about":[{"href":"https:\/\/akdenizolaygazetesi.com\/index.php?rest_route=\/wp\/v2\/types\/post"}],"author":[{"embeddable":true,"href":"https:\/\/akdenizolaygazetesi.com\/index.php?rest_route=\/wp\/v2\/users\/2"}],"replies":[{"embeddable":true,"href":"https:\/\/akdenizolaygazetesi.com\/index.php?rest_route=%2Fwp%2Fv2%2Fcomments&post=27536"}],"version-history":[{"count":1,"href":"https:\/\/akdenizolaygazetesi.com\/index.php?rest_route=\/wp\/v2\/posts\/27536\/revisions"}],"predecessor-version":[{"id":27538,"href":"https:\/\/akdenizolaygazetesi.com\/index.php?rest_route=\/wp\/v2\/posts\/27536\/revisions\/27538"}],"wp:featuredmedia":[{"embeddable":true,"href":"https:\/\/akdenizolaygazetesi.com\/index.php?rest_route=\/wp\/v2\/media\/27537"}],"wp:attachment":[{"href":"https:\/\/akdenizolaygazetesi.com\/index.php?rest_route=%2Fwp%2Fv2%2Fmedia&parent=27536"}],"wp:term":[{"taxonomy":"category","embeddable":true,"href":"https:\/\/akdenizolaygazetesi.com\/index.php?rest_route=%2Fwp%2Fv2%2Fcategories&post=27536"},{"taxonomy":"post_tag","embeddable":true,"href":"https:\/\/akdenizolaygazetesi.com\/index.php?rest_route=%2Fwp%2Fv2%2Ftags&post=27536"}],"curies":[{"name":"wp","href":"https:\/\/api.w.org\/{rel}","templated":true}]}}