{"id":27571,"date":"2023-09-08T12:47:18","date_gmt":"2023-09-08T09:47:18","guid":{"rendered":"http:\/\/akdenizolaygazetesi.com\/?p=27571"},"modified":"2023-09-08T12:47:18","modified_gmt":"2023-09-08T09:47:18","slug":"okul-yapimi-icin-arsa-tahsis-edildi-sanatsal-ve-kulturel-etkinliklere-maddi-katki-karari-verildi","status":"publish","type":"post","link":"https:\/\/akdenizolaygazetesi.com\/?p=27571","title":{"rendered":"Okul yap\u0131m\u0131 i\u00e7in arsa tahsis edildi, sanatsal ve k\u00fclt\u00fcrel etkinliklere maddi katk\u0131 karar\u0131 verildi"},"content":{"rendered":"<p>Akdeniz Belediye Meclisi, il\u00e7eye yeni bir e\u011fitim yuvas\u0131 kazand\u0131r\u0131lmas\u0131 amac\u0131yla Akdeniz \u0130l\u00e7e Milli E\u011fitim M\u00fcd\u00fcrl\u00fc\u011f\u00fc\u2019ne arsa tahsisi ger\u00e7ekle\u015ftirdi. Toplant\u0131da ayr\u0131ca 21\u2019inci Mersin Uluslararas\u0131 M\u00fczik Festivali ile Mersin Arkeoloji G\u00fcnleri\u2019ne belediye taraf\u0131ndan maddi destek verilmesi de Meclis \u00fcyelerinin oybirli\u011fi ile kabul edildi.<br \/>\nAkdeniz Belediye Meclisi, Eyl\u00fcl ay\u0131 ikinci birle\u015fimini, Ba\u015fkanvekili Ayd\u0131n E\u011fin Ba\u015fkanl\u0131\u011f\u0131\u2019nda ger\u00e7ekle\u015ftirdi. Sayg\u0131 Duru\u015fu ve \u0130stiklal Mar\u015f\u0131 ile ba\u015flayan toplant\u0131, bir \u00f6nceki birle\u015fim tutanak \u00f6zetinin okunup oylanmas\u0131yla s\u00fcrd\u00fc. Ge\u00e7en oturumda komisyonlara havale edilen konular\u0131n g\u00f6r\u00fc\u015f\u00fcld\u00fc\u011f\u00fc toplant\u0131da, m\u00fclkiyeti Akdeniz Belediyesi\u2019ne ait Bekirde Mahallesinde bulunan 4 bin 557 metrekare y\u00fcz\u00f6l\u00e7\u00fcm\u00fcnde ve uygulama imar plan\u0131nda okul alan\u0131 olarak i\u015faretli ta\u015f\u0131nmaz\u0131n, \u201cokul yap\u0131lmas\u0131 \u015fart\u0131yla\u201d Akdeniz \u0130l\u00e7e Milli E\u011fitim M\u00fcd\u00fcrl\u00fc\u011f\u00fc\u2019ne tahsisi ile ilgili komisyon karar\u0131 g\u00f6r\u00fc\u015f\u00fcld\u00fc. Komisyonlardan oybirli\u011fi ile kabul edilip Meclis\u2019e gelen konu, \u00fcyelerin de oybirli\u011fi ile Meclis\u2019ten ge\u00e7ti. B\u00f6ylelikle il\u00e7e yeni bir okul binas\u0131, Akdenizli \u00e7ocuklar da yeni bir e\u011fitim yuvas\u0131 kazanacak.<br \/>\nUluslararas\u0131 M\u00fczik Festivali ve Mersin Arkeoloji G\u00fcnleri\u2019ne destek<br \/>\nMecliste, 22-24 Eyl\u00fcl 2023 tarihleri aras\u0131nda yap\u0131lacak 21\u2019inci Mersin Uluslararas\u0131 M\u00fczik Festivali\u2019ne Akdeniz Belediye Ba\u015fkanl\u0131\u011f\u0131nca yap\u0131lacak olan KDV d\u00e2hil 200 bin TL tutar\u0131ndaki maddi destek de g\u00f6r\u00fc\u015f\u00fcld\u00fc. Komisyonlardan yine oybirli\u011fi ile kabul edilip gelen konu, Meclis \u00fcyelerinin de oybirli\u011fi ile kabul edildi.<br \/>\nMeclis toplant\u0131s\u0131nda, Ekim 2023 tarihinde 28\u2019incisi ger\u00e7ekle\u015ftirilecek olan ve yerli-yabanc\u0131 \u00e7ok say\u0131da bilim ve k\u00fclt\u00fcr insan\u0131n\u0131n davet edildi\u011fi \u0130\u00e7el Sanat Kul\u00fcb\u00fc XXVIII. Mersin Arkeoloji G\u00fcnleri\u2019ne, Akdeniz Belediye Ba\u015fkanl\u0131\u011f\u0131nca yap\u0131lacak olan maddi deste\u011fin belirlenmesi hakk\u0131ndaki komisyon karar\u0131 da g\u00f6r\u00fc\u015f\u00fcld\u00fc. Komisyonlardan yine oybirli\u011fi ile kabul edilip gelen konu, \u00fcyelerin de oybirli\u011fi ile Meclis\u2019ten de ge\u00e7erek kabul edildi.<br \/>\n2024 Mali Y\u0131l\u0131 evsel kat\u0131 at\u0131k tarife t\u00fcr ve miktarlar tarife raporu kabul edildi<br \/>\nToplant\u0131da ayr\u0131ca At\u0131k su Altyap\u0131 ve Evsel Kat\u0131 At\u0131k Bertaraf Tesisleri Tarifelerinin Belirlenmesinde Uyulacak Usul ve Esaslara \u0130li\u015fkin Y\u00f6netmeli\u011fin 20\u2019inci maddesine g\u00f6re haz\u0131rlanan 2024 Mali Y\u0131l\u0131 evsel kat\u0131 at\u0131k tarife t\u00fcrleri ve miktarlar\u0131n\u0131 i\u00e7eren tarife raporu hakk\u0131nda, komisyonlardan gelen g\u00fcndem maddesi de ele al\u0131nd\u0131. Komisyonlardan oybirli\u011fi ile gelen konu, \u00fcyelerin de oybirli\u011fi ile kabul Meclis\u2019ten ge\u00e7ti.<br \/>\nAkdeniz Belediye Meclisi\u2019nin bir sonraki toplant\u0131s\u0131, 2 Ekim 2023 Pazartesi g\u00fcn\u00fc saat 10:00\u2019da konferans salonunda d\u00fczenlenecek.<\/p>\n","protected":false},"excerpt":{"rendered":"<p>Akdeniz Belediye Meclisi, il\u00e7eye yeni bir e\u011fitim yuvas\u0131 kazand\u0131r\u0131lmas\u0131 amac\u0131yla Akdeniz \u0130l\u00e7e Milli E\u011fitim M\u00fcd\u00fcrl\u00fc\u011f\u00fc\u2019ne arsa tahsisi ger\u00e7ekle\u015ftirdi. Toplant\u0131da ayr\u0131ca 21\u2019inci Mersin Uluslararas\u0131 M\u00fczik Festivali ile Mersin Arkeoloji G\u00fcnleri\u2019ne belediye &hellip; <a href=\"https:\/\/akdenizolaygazetesi.com\/?p=27571\" class=\"more-link\">Devam\u0131n\u0131 Oku&#8230;<\/a><\/p>\n","protected":false},"author":2,"featured_media":27572,"comment_status":"open","ping_status":"open","sticky":false,"template":"","format":"standard","meta":[],"categories":[1,2,3,6],"tags":[],"_links":{"self":[{"href":"https:\/\/akdenizolaygazetesi.com\/index.php?rest_route=\/wp\/v2\/posts\/27571"}],"collection":[{"href":"https:\/\/akdenizolaygazetesi.com\/index.php?rest_route=\/wp\/v2\/posts"}],"about":[{"href":"https:\/\/akdenizolaygazetesi.com\/index.php?rest_route=\/wp\/v2\/types\/post"}],"author":[{"embeddable":true,"href":"https:\/\/akdenizolaygazetesi.com\/index.php?rest_route=\/wp\/v2\/users\/2"}],"replies":[{"embeddable":true,"href":"https:\/\/akdenizolaygazetesi.com\/index.php?rest_route=%2Fwp%2Fv2%2Fcomments&post=27571"}],"version-history":[{"count":1,"href":"https:\/\/akdenizolaygazetesi.com\/index.php?rest_route=\/wp\/v2\/posts\/27571\/revisions"}],"predecessor-version":[{"id":27573,"href":"https:\/\/akdenizolaygazetesi.com\/index.php?rest_route=\/wp\/v2\/posts\/27571\/revisions\/27573"}],"wp:featuredmedia":[{"embeddable":true,"href":"https:\/\/akdenizolaygazetesi.com\/index.php?rest_route=\/wp\/v2\/media\/27572"}],"wp:attachment":[{"href":"https:\/\/akdenizolaygazetesi.com\/index.php?rest_route=%2Fwp%2Fv2%2Fmedia&parent=27571"}],"wp:term":[{"taxonomy":"category","embeddable":true,"href":"https:\/\/akdenizolaygazetesi.com\/index.php?rest_route=%2Fwp%2Fv2%2Fcategories&post=27571"},{"taxonomy":"post_tag","embeddable":true,"href":"https:\/\/akdenizolaygazetesi.com\/index.php?rest_route=%2Fwp%2Fv2%2Ftags&post=27571"}],"curies":[{"name":"wp","href":"https:\/\/api.w.org\/{rel}","templated":true}]}}