{"id":27587,"date":"2023-09-09T17:35:50","date_gmt":"2023-09-09T14:35:50","guid":{"rendered":"http:\/\/akdenizolaygazetesi.com\/?p=27587"},"modified":"2023-09-09T17:35:50","modified_gmt":"2023-09-09T14:35:50","slug":"baskan-yilmaz-yeni-egitim-ve-ogretim-yilini-kutladi","status":"publish","type":"post","link":"https:\/\/akdenizolaygazetesi.com\/?p=27587","title":{"rendered":"BA\u015eKAN YILMAZ, YEN\u0130 E\u011e\u0130T\u0130M VE \u00d6\u011eRET\u0130M YILINI KUTLADI"},"content":{"rendered":"<p>Toroslar Belediye Ba\u015fkan\u0131 Ats\u0131z Af\u015f\u0131n Y\u0131lmaz, il\u00e7edeki okullarda e\u011fitim kalitesinin artmas\u0131na, \u00f6\u011frencilerin daha sa\u011fl\u0131kl\u0131 ve g\u00fcvenli ortamlarda e\u011fitim almalar\u0131na \u00f6nem verdiklerini s\u00f6yledi.<\/p>\n<p>2023-2024 e\u011fitim \u00f6\u011fretim y\u0131l\u0131n\u0131 kutlayan Ba\u015fkan Y\u0131lmaz, il\u00e7edeki okullar\u0131n bah\u00e7elerini bak\u0131m ve onar\u0131mdan ge\u00e7irerek, yeni e\u011fitim \u00f6\u011fretim y\u0131l\u0131na haz\u0131rlad\u0131klar\u0131n\u0131 da kaydetti.<\/p>\n<p>&#8220;G\u00dc\u00c7L\u00dc VE KALKINMI\u015e B\u0130R T\u00dcRK\u0130YE&#8217;N\u0130N YOLU DA E\u011e\u0130T\u0130MDEN GE\u00c7ER&#8221;<\/p>\n<p>Yeni e\u011fitim \u00f6\u011fretim y\u0131l\u0131n\u0131n; \u00f6\u011frencilere, \u00f6\u011fretmenlere ve velilere hay\u0131rl\u0131 olmas\u0131n\u0131 dileyen Ba\u015fkan Y\u0131lmaz; &#8220;\u00c7ocuklar\u0131m\u0131z, uzun bir yaz tatilini geride b\u0131rakt\u0131. Bu s\u00fcre zarf\u0131nda Toroslar Belediyesi olarak, yaz spor okullar\u0131m\u0131z ve d\u00fczenledi\u011fimiz etkinliklerle \u00e7ocuklar\u0131m\u0131z\u0131n e\u011flenirken \u00f6\u011frenmesini, sanatla sporla b\u00fct\u00fcnle\u015fmelerini ve yaz tatilini verimli ge\u00e7irmelerini sa\u011flad\u0131k&#8221; dedi.<\/p>\n<p>&#8220;E\u011fitim ve \u00f6\u011fretime olan desteklerimiz artarak devam edecek&#8221; diyen Ba\u015fkan Y\u0131lmaz; &#8220;Gelece\u011fimizin teminat\u0131 \u00e7ocuklar\u0131m\u0131z\u0131n ve gen\u00e7lerimizin g\u00fc\u00e7l\u00fc bir T\u00fcrkiye i\u00e7in daha \u00e7ok \u00e7al\u0131\u015fmas\u0131 ve iyi bir e\u011fitim almas\u0131 gerekmektedir. Bunun i\u00e7in ba\u015fta e\u011fitimciler olmak \u00fczere hepimize b\u00fcy\u00fck g\u00f6revler d\u00fc\u015fmektedir. Toroslar Belediyesi olarak, bilgi \u00e7a\u011f\u0131n\u0131n b\u00fct\u00fcn geli\u015fmi\u015fliklerini kullanabilen, ara\u015ft\u0131ran, sporcu kimlikleriyle \u00f6ne \u00e7\u0131kan ve milli ve manevi de\u011ferlerine ba\u011fl\u0131 bireylerin yeti\u015fmesi i\u00e7in gayret g\u00f6steriyoruz&#8221; diye konu\u015ftu.<\/p>\n","protected":false},"excerpt":{"rendered":"<p>Toroslar Belediye Ba\u015fkan\u0131 Ats\u0131z Af\u015f\u0131n Y\u0131lmaz, il\u00e7edeki okullarda e\u011fitim kalitesinin artmas\u0131na, \u00f6\u011frencilerin daha sa\u011fl\u0131kl\u0131 ve g\u00fcvenli ortamlarda e\u011fitim almalar\u0131na \u00f6nem verdiklerini s\u00f6yledi. 2023-2024 e\u011fitim \u00f6\u011fretim y\u0131l\u0131n\u0131 kutlayan Ba\u015fkan Y\u0131lmaz, il\u00e7edeki &hellip; <a href=\"https:\/\/akdenizolaygazetesi.com\/?p=27587\" class=\"more-link\">Devam\u0131n\u0131 Oku&#8230;<\/a><\/p>\n","protected":false},"author":2,"featured_media":27588,"comment_status":"open","ping_status":"open","sticky":false,"template":"","format":"standard","meta":[],"categories":[2,3],"tags":[],"_links":{"self":[{"href":"https:\/\/akdenizolaygazetesi.com\/index.php?rest_route=\/wp\/v2\/posts\/27587"}],"collection":[{"href":"https:\/\/akdenizolaygazetesi.com\/index.php?rest_route=\/wp\/v2\/posts"}],"about":[{"href":"https:\/\/akdenizolaygazetesi.com\/index.php?rest_route=\/wp\/v2\/types\/post"}],"author":[{"embeddable":true,"href":"https:\/\/akdenizolaygazetesi.com\/index.php?rest_route=\/wp\/v2\/users\/2"}],"replies":[{"embeddable":true,"href":"https:\/\/akdenizolaygazetesi.com\/index.php?rest_route=%2Fwp%2Fv2%2Fcomments&post=27587"}],"version-history":[{"count":1,"href":"https:\/\/akdenizolaygazetesi.com\/index.php?rest_route=\/wp\/v2\/posts\/27587\/revisions"}],"predecessor-version":[{"id":27589,"href":"https:\/\/akdenizolaygazetesi.com\/index.php?rest_route=\/wp\/v2\/posts\/27587\/revisions\/27589"}],"wp:featuredmedia":[{"embeddable":true,"href":"https:\/\/akdenizolaygazetesi.com\/index.php?rest_route=\/wp\/v2\/media\/27588"}],"wp:attachment":[{"href":"https:\/\/akdenizolaygazetesi.com\/index.php?rest_route=%2Fwp%2Fv2%2Fmedia&parent=27587"}],"wp:term":[{"taxonomy":"category","embeddable":true,"href":"https:\/\/akdenizolaygazetesi.com\/index.php?rest_route=%2Fwp%2Fv2%2Fcategories&post=27587"},{"taxonomy":"post_tag","embeddable":true,"href":"https:\/\/akdenizolaygazetesi.com\/index.php?rest_route=%2Fwp%2Fv2%2Ftags&post=27587"}],"curies":[{"name":"wp","href":"https:\/\/api.w.org\/{rel}","templated":true}]}}