{"id":27590,"date":"2023-09-09T17:37:56","date_gmt":"2023-09-09T14:37:56","guid":{"rendered":"http:\/\/akdenizolaygazetesi.com\/?p=27590"},"modified":"2023-09-09T17:37:56","modified_gmt":"2023-09-09T14:37:56","slug":"yeni-yollar-aciliyor-sathi-kaplama-yapilip-kaldirimlar-yenileniyor","status":"publish","type":"post","link":"https:\/\/akdenizolaygazetesi.com\/?p=27590","title":{"rendered":"Yeni yollar a\u00e7\u0131l\u0131yor, sathi kaplama yap\u0131l\u0131p kald\u0131r\u0131mlar yenileniyor"},"content":{"rendered":"<p>Akdeniz Belediyesi, merkez-k\u0131rsal ay\u0131r\u0131m\u0131 yapmadan ihtiya\u00e7 duyan t\u00fcm mahallelerde yeni yol a\u00e7ma ve asfalt kaplama \u00e7al\u0131\u015fmas\u0131 ile birlikte kald\u0131r\u0131m ve kilit ta\u015f\u0131 yenileme hizmetlerine aral\u0131ks\u0131z \u015fekilde devam ediyor.<br \/>\nAkdeniz Belediyesi Fen \u0130\u015fleri M\u00fcd\u00fcrl\u00fc\u011f\u00fc, haz\u0131rlad\u0131\u011f\u0131 plan ve program kapsam\u0131nda uzak yak\u0131n demeden il\u00e7eye ba\u011fl\u0131 her mahalleye hizmet veriyor, vatanda\u015flar\u0131n g\u00fcnl\u00fck ya\u015fam\u0131n\u0131 kolayla\u015ft\u0131r\u0131yor. Bir yandan il\u00e7eye yeni imarl\u0131 yollar kazand\u0131ran ekipler, di\u011fer yandan k\u0131rsal yerle\u015fim alanlar\u0131n\u0131n bah\u00e7e yollar\u0131nda da so\u011fuk asfalt (sathi) kaplama \u00e7al\u0131\u015fmalar\u0131yla \u00fcreticilerin nakliye s\u0131k\u0131nt\u0131s\u0131n\u0131 ortadan kald\u0131r\u0131yor, ayr\u0131ca ihtiya\u00e7 duyan her mahallede asfalt yama, kald\u0131r\u0131m ve kilit ta\u015f\u0131 yenileme hizmetlerini de kesintisiz \u015fekilde s\u00fcrd\u00fcr\u00fcyor.<br \/>\nYeni yollar a\u00e7\u0131l\u0131yor, sathi kaplama yap\u0131l\u0131p kald\u0131r\u0131mlar yenileniyor<br \/>\nBu kapsamda bal\u0131k\u00e7\u0131l\u0131kla birlikte tar\u0131msal \u00fcretimle de \u00f6ne \u00e7\u0131kan Karaduvar Mahallesi\u2019nde yeni bir imar yolu a\u00e7mak i\u00e7in i\u015f makineleri deste\u011fiyle \u00e7al\u0131\u015fmalara ba\u015flayan fen i\u015fleri ekipler, \u00f6nce b\u00f6lgedeki ham topra\u011f\u0131 al\u0131p yolun istikametini belirledi. Sonras\u0131nda ise d\u00fczenlenen yola dolgu s\u0131k\u0131\u015ft\u0131rma ve m\u0131c\u0131r serimi yap\u0131lacak.<br \/>\nEkiplerin, \u00f6zellikle tar\u0131msal \u00fcretimle \u00f6ne \u00e7\u0131kan k\u0131rsal mahallelerin tar\u0131m yollar\u0131nda ba\u015flatt\u0131\u011f\u0131 sathi kaplama \u00e7al\u0131\u015fmas\u0131 da s\u00fcrerken, son olarak Civanyayla\u011f\u0131 Mahallesi\u2019nin bah\u00e7e yollar\u0131nda sath\u0131 kaplama asfalt \u00e7al\u0131\u015fmas\u0131 ger\u00e7ekle\u015ftirildi.<br \/>\n\u00d6te yandan fen i\u015fleri ekipleri; Gazi, K\u00fclt\u00fcr, G\u00fcne\u015f, \u00c7ay, \u00c7ilek, Hal ve Kiremithane mahallelerinin muhtelif sokaklar\u0131nda asfalt yama \u00e7al\u0131\u015fmas\u0131, kald\u0131r\u0131m ve kilitli parke ta\u015f\u0131 tamirat\u0131 ger\u00e7ekle\u015ftirdi. Akdeniz\u2019de; yol, asfalt, kald\u0131r\u0131m ihtiyac\u0131 duyan her mahallede, fen i\u015fleri m\u00fcd\u00fcrl\u00fc\u011f\u00fc taraf\u0131ndan haz\u0131rlanan plan ve program kapsam\u0131nda hizmetler kesintisiz \u015fekilde s\u00fcrecek.<\/p>\n","protected":false},"excerpt":{"rendered":"<p>Akdeniz Belediyesi, merkez-k\u0131rsal ay\u0131r\u0131m\u0131 yapmadan ihtiya\u00e7 duyan t\u00fcm mahallelerde yeni yol a\u00e7ma ve asfalt kaplama \u00e7al\u0131\u015fmas\u0131 ile birlikte kald\u0131r\u0131m ve kilit ta\u015f\u0131 yenileme hizmetlerine aral\u0131ks\u0131z \u015fekilde devam ediyor. Akdeniz Belediyesi &hellip; <a href=\"https:\/\/akdenizolaygazetesi.com\/?p=27590\" class=\"more-link\">Devam\u0131n\u0131 Oku&#8230;<\/a><\/p>\n","protected":false},"author":2,"featured_media":27591,"comment_status":"open","ping_status":"open","sticky":false,"template":"","format":"standard","meta":[],"categories":[2,3],"tags":[],"_links":{"self":[{"href":"https:\/\/akdenizolaygazetesi.com\/index.php?rest_route=\/wp\/v2\/posts\/27590"}],"collection":[{"href":"https:\/\/akdenizolaygazetesi.com\/index.php?rest_route=\/wp\/v2\/posts"}],"about":[{"href":"https:\/\/akdenizolaygazetesi.com\/index.php?rest_route=\/wp\/v2\/types\/post"}],"author":[{"embeddable":true,"href":"https:\/\/akdenizolaygazetesi.com\/index.php?rest_route=\/wp\/v2\/users\/2"}],"replies":[{"embeddable":true,"href":"https:\/\/akdenizolaygazetesi.com\/index.php?rest_route=%2Fwp%2Fv2%2Fcomments&post=27590"}],"version-history":[{"count":1,"href":"https:\/\/akdenizolaygazetesi.com\/index.php?rest_route=\/wp\/v2\/posts\/27590\/revisions"}],"predecessor-version":[{"id":27592,"href":"https:\/\/akdenizolaygazetesi.com\/index.php?rest_route=\/wp\/v2\/posts\/27590\/revisions\/27592"}],"wp:featuredmedia":[{"embeddable":true,"href":"https:\/\/akdenizolaygazetesi.com\/index.php?rest_route=\/wp\/v2\/media\/27591"}],"wp:attachment":[{"href":"https:\/\/akdenizolaygazetesi.com\/index.php?rest_route=%2Fwp%2Fv2%2Fmedia&parent=27590"}],"wp:term":[{"taxonomy":"category","embeddable":true,"href":"https:\/\/akdenizolaygazetesi.com\/index.php?rest_route=%2Fwp%2Fv2%2Fcategories&post=27590"},{"taxonomy":"post_tag","embeddable":true,"href":"https:\/\/akdenizolaygazetesi.com\/index.php?rest_route=%2Fwp%2Fv2%2Ftags&post=27590"}],"curies":[{"name":"wp","href":"https:\/\/api.w.org\/{rel}","templated":true}]}}