{"id":27596,"date":"2023-09-09T17:42:17","date_gmt":"2023-09-09T14:42:17","guid":{"rendered":"http:\/\/akdenizolaygazetesi.com\/?p=27596"},"modified":"2023-09-09T17:42:17","modified_gmt":"2023-09-09T14:42:17","slug":"baskan-secer-ve-esi-meral-secer-chpnin-100-yil-kutlama-programlarina-katildi","status":"publish","type":"post","link":"https:\/\/akdenizolaygazetesi.com\/?p=27596","title":{"rendered":"BA\u015eKAN SE\u00c7ER VE E\u015e\u0130 MERAL SE\u00c7ER, CHP&#8217;N\u0130N 100. YIL KUTLAMA PROGRAMLARINA KATILDI"},"content":{"rendered":"<p>Ge\u00e7mi\u015fin miras\u0131yla yeni y\u00fczy\u0131la haz\u0131rlanan T\u00fcrkiye&#8217;nin kurucu partisi Cumhuriyet Halk Partisi (CHP) 100 ya\u015f\u0131na girdi. CHP, kurulu\u015funun 100. y\u0131ld\u00f6n\u00fcm\u00fcne \u00f6zel bir\u00e7ok etkinlik planlad\u0131 ve Ankara&#8217;daki etkinlikler 3 g\u00fcn boyunca devam edecek. Mersin B\u00fcy\u00fck\u015fehir Belediye Ba\u015fkan\u0131 Vahap Se\u00e7er ve e\u015fi Meral Se\u00e7er de CHP&#8217;nin 100. y\u0131l kutlama programlar\u0131na kat\u0131ld\u0131. 3 g\u00fcn s\u00fcrecek olan program\u0131n ilk g\u00fcn\u00fcnden Ankara&#8217;da olan Ba\u015fkan Se\u00e7er ve Meral Se\u00e7er, Ankara&#8217;da CHP Genel Ba\u015fkan\u0131 Kemal K\u0131l\u0131\u00e7daro\u011flu ve partililer ile bir araya geldi.<\/p>\n<p>CHP&#8217;nin kurulu\u015funun 100. y\u0131l\u0131 dolay\u0131s\u0131yla 8-10 Eyl\u00fcl tarihleri aras\u0131nda d\u00fczenlenecek etkinliklerin ilki parti genel merkezinde ger\u00e7ekle\u015ftirildi. Etkinli\u011fe; CHP Genel Ba\u015fkan\u0131 Kemal K\u0131l\u0131\u00e7daro\u011flu&#8217;nun yan\u0131 s\u0131ra parti genel ba\u015fkan yard\u0131mc\u0131lar\u0131, milletvekilleri, CHP&#8217;li belediye ba\u015fkanlar\u0131 ve \u00e7ok say\u0131da partili kat\u0131ld\u0131. Kutlama program\u0131n\u0131n ilk g\u00fcn\u00fcnde \u00fcnl\u00fc besteci Bujor Hoinic&#8217;in K\u0131l\u0131\u00e7daro\u011flu&#8217;nun Adalet Y\u00fcr\u00fcy\u00fc\u015f\u00fc&#8217;nden esinlenerek besteledi\u011fi ve partiye hediye edilen 100. Y\u0131l Cumhuriyet Mar\u015f\u0131 ilk kez dinletildi. Sunay Ak\u0131n&#8217;\u0131n &#8216;Ayd\u0131nlanma Yolunda CHP&#8217; temal\u0131 anlat\u0131s\u0131n\u0131 ger\u00e7ekle\u015ftirmesinin ard\u0131ndan CHP&#8217;nin kurulu\u015f hikayesini anlatan ses ve \u0131\u015f\u0131k g\u00f6sterisi ger\u00e7ekle\u015ftirildi.<\/p>\n<p>Ata&#8217;n\u0131n huzuruna \u00e7\u0131k\u0131ld\u0131<\/p>\n<p>Program\u0131n 2. g\u00fcn\u00fcnde CHP Genel Ba\u015fkan\u0131 Kemal K\u0131l\u0131\u00e7daro\u011flu&#8217;nun da aralar\u0131nda oldu\u011fu ve toplumun her kesiminden 1922 ki\u015fi An\u0131tkabir&#8217;e Ata&#8217;n\u0131n huzuruna \u00e7\u0131kt\u0131. Programda Ba\u015fkan Se\u00e7er, CHP Genel Ba\u015fkan\u0131 Kemal K\u0131l\u0131\u00e7daro\u011flu ve partililer ile birlikte An\u0131tkabir&#8217;e gitti. Ba\u015fkan Se\u00e7er, Genel Ba\u015fkan K\u0131l\u0131\u00e7daro\u011flu ve partililer ile birlikte Aslanl\u0131 Yol&#8217;da y\u00fcr\u00fcd\u00fckten sonra Ata&#8217;n\u0131n huzuruna \u00e7\u0131kt\u0131.<\/p>\n<p>An\u0131tkabir ziyaretine CHP Genel Ba\u015fkan\u0131 Kemal K\u0131l\u0131\u00e7daro\u011flu ve 1922 ki\u015fi haricinde MYK \u00fcyeleri, parti meclisi \u00fcyeleri, il, kad\u0131n ve gen\u00e7lik kollar\u0131 ba\u015fkanlar\u0131, milletvekilleri ve belediye ba\u015fkanlar\u0131 da kat\u0131ld\u0131. Heyet taraf\u0131ndan An\u0131tkabir&#8217;de Ulu \u00d6nder Mustafa Kemal Atat\u00fcrk&#8217;\u00fcn mozolesine \u00e7elenk b\u0131rak\u0131ld\u0131ktan sonra sayg\u0131 duru\u015funda bulunuldu. B\u00fcy\u00fck bir kalabal\u0131kla An\u0131tkabir&#8217;e giden heyet, Ulu \u00d6nder Mustafa Kemal Atat\u00fcrk&#8217;\u00fc hep birlikte and\u0131. K\u0131l\u0131\u00e7daro\u011flu ayr\u0131ca An\u0131tkabir \u00d6zel Defteri&#8217;ni imzalad\u0131 ve mesajlar\u0131n\u0131 yazd\u0131.  <\/p>\n<p>K\u0131l\u0131\u00e7daro\u011flu, daha sonras\u0131nda ise CHP&#8217;nin \u0130kinci Genel Ba\u015fkan\u0131 \u0130smet \u0130n\u00f6n\u00fc&#8217;n\u00fcn mezar\u0131na \u00e7elenk b\u0131rakt\u0131. Program kapsam\u0131nda ak\u015fam saatlerinde de 100. Y\u0131l Bulu\u015fmas\u0131, A\u00e7\u0131l\u0131\u015f, 100. Y\u0131l K\u0131sa Film G\u00f6sterimi, Hoy-Tur Halk Danslar\u0131 Toplulu\u011fu G\u00f6sterisi, Genel Ba\u015fkanlara \u00d6d\u00fcl Takdimi, Genel Ba\u015fkan Kemal K\u0131l\u0131\u00e7daro\u011flu&#8217;nun konu\u015fmalar\u0131 yer alacak. Programda sanat\u00e7\u0131 Candan Er\u00e7etin konser verecek. Program\u0131n 3. ve son g\u00fcn\u00fc ise CHP 100. Y\u0131l Hat\u0131ra Orman\u0131 A\u00e7\u0131l\u0131\u015f\u0131 ile son bulacak. <\/p>\n","protected":false},"excerpt":{"rendered":"<p>Ge\u00e7mi\u015fin miras\u0131yla yeni y\u00fczy\u0131la haz\u0131rlanan T\u00fcrkiye&#8217;nin kurucu partisi Cumhuriyet Halk Partisi (CHP) 100 ya\u015f\u0131na girdi. CHP, kurulu\u015funun 100. y\u0131ld\u00f6n\u00fcm\u00fcne \u00f6zel bir\u00e7ok etkinlik planlad\u0131 ve Ankara&#8217;daki etkinlikler 3 g\u00fcn boyunca devam &hellip; <a href=\"https:\/\/akdenizolaygazetesi.com\/?p=27596\" class=\"more-link\">Devam\u0131n\u0131 Oku&#8230;<\/a><\/p>\n","protected":false},"author":2,"featured_media":27597,"comment_status":"open","ping_status":"open","sticky":false,"template":"","format":"standard","meta":[],"categories":[2,3,6],"tags":[],"_links":{"self":[{"href":"https:\/\/akdenizolaygazetesi.com\/index.php?rest_route=\/wp\/v2\/posts\/27596"}],"collection":[{"href":"https:\/\/akdenizolaygazetesi.com\/index.php?rest_route=\/wp\/v2\/posts"}],"about":[{"href":"https:\/\/akdenizolaygazetesi.com\/index.php?rest_route=\/wp\/v2\/types\/post"}],"author":[{"embeddable":true,"href":"https:\/\/akdenizolaygazetesi.com\/index.php?rest_route=\/wp\/v2\/users\/2"}],"replies":[{"embeddable":true,"href":"https:\/\/akdenizolaygazetesi.com\/index.php?rest_route=%2Fwp%2Fv2%2Fcomments&post=27596"}],"version-history":[{"count":1,"href":"https:\/\/akdenizolaygazetesi.com\/index.php?rest_route=\/wp\/v2\/posts\/27596\/revisions"}],"predecessor-version":[{"id":27598,"href":"https:\/\/akdenizolaygazetesi.com\/index.php?rest_route=\/wp\/v2\/posts\/27596\/revisions\/27598"}],"wp:featuredmedia":[{"embeddable":true,"href":"https:\/\/akdenizolaygazetesi.com\/index.php?rest_route=\/wp\/v2\/media\/27597"}],"wp:attachment":[{"href":"https:\/\/akdenizolaygazetesi.com\/index.php?rest_route=%2Fwp%2Fv2%2Fmedia&parent=27596"}],"wp:term":[{"taxonomy":"category","embeddable":true,"href":"https:\/\/akdenizolaygazetesi.com\/index.php?rest_route=%2Fwp%2Fv2%2Fcategories&post=27596"},{"taxonomy":"post_tag","embeddable":true,"href":"https:\/\/akdenizolaygazetesi.com\/index.php?rest_route=%2Fwp%2Fv2%2Ftags&post=27596"}],"curies":[{"name":"wp","href":"https:\/\/api.w.org\/{rel}","templated":true}]}}