{"id":27602,"date":"2023-09-11T13:29:33","date_gmt":"2023-09-11T10:29:33","guid":{"rendered":"http:\/\/akdenizolaygazetesi.com\/?p=27602"},"modified":"2023-09-11T13:29:33","modified_gmt":"2023-09-11T10:29:33","slug":"ilk-film-kemal-sunalin-copculer-krali","status":"publish","type":"post","link":"https:\/\/akdenizolaygazetesi.com\/?p=27602","title":{"rendered":"\u0130lk film Kemal Sunal\u2019\u0131n \u201c\u00c7\u00f6p\u00e7\u00fcler Kral\u0131\u201d"},"content":{"rendered":"<p>Akdeniz Belediyesi\u2019nin yeniden canland\u0131rd\u0131\u011f\u0131 ve yo\u011fun ilgi \u00e7eken nostaljik a\u00e7\u0131k hava sinema g\u00fcnleri ba\u015fl\u0131yor. Etkinlik sayesinde, T\u00fcrk Sinemas\u0131nda iz b\u0131rakm\u0131\u015f ve her izlendi\u011finde ayr\u0131 bir keyif veren filmler mahallelere geliyor.<br \/>\nAkdeniz Belediyesi, k\u00fclt\u00fcrel ve sanatsal etkinliklere imza atmaya devam ediyor. Akdeniz Belediyesi; a\u00e7\u0131k hava sinema g\u00fcnleri ile Mersinlileri yeniden ge\u00e7mi\u015fe g\u00f6t\u00fcrecek. Nostaljik etkinlik ile vatanda\u015flar, Ye\u015fil\u00e7am\u2019\u0131n sevilen filmlerini aileleriyle birlikte a\u00e7\u0131k havada ve beyaz perdede \u00fccretsiz izlemenin keyfini ya\u015fayacak.<br \/>\nK\u00fclt\u00fcr ve Sosyal \u0130\u015fler M\u00fcd\u00fcrl\u00fc\u011f\u00fc taraf\u0131ndan haz\u0131rlanan program kapsam\u0131nda, ilk olarak 12 Eyl\u00fcl Sal\u0131 g\u00fcn\u00fc (yar\u0131n) saat 20:00\u2019de; Anadolu Mahallesi Yusuf Bay\u0131k \u0130lk\u00f6\u011fretim Okulu \u00f6n\u00fcnde, t\u00fcm T\u00fcrkiye\u2019nin g\u00f6nl\u00fcnde taht kuran Kemal Sunal\u2019\u0131n unutulmaz filmi \u201c\u00c7\u00f6p\u00e7\u00fcler Kral\u0131\u201d seyirciyle bulu\u015facak. A\u00e7\u0131k hava nostaljik sinema g\u00fcnlerinin, \u00f6nceki y\u0131llarda oldu\u011fu gibi yine her ya\u015ftan vatanda\u015f\u0131n yo\u011fun ilgisini \u00e7ekmesi bekleniyor.<br \/>\nG\u00f6sterim program\u0131<br \/>\nA\u00e7\u0131k hava film g\u00f6sterimleri Akdeniz\u2019in farkl\u0131 mahallelerinde ger\u00e7ekle\u015fecek. G\u00f6sterim saatlerinin her ak\u015fam 20:00 oldu\u011fu program \u015f\u00f6yle; 13 Eyl\u00fcl \u00c7ar\u015famba: Ne\u015feli G\u00fcnler &#8211; Hebilli Muhtarl\u0131k \u00d6n\u00fc; 14 Eyl\u00fcl Per\u015fembe: Tosun Pa\u015fa &#8211; Abdullah \u015eahuto\u011flu \u0130lk\u00f6\u011fretim Okulu; 15 Eyl\u00fcl Cuma: S\u00fct Karde\u015fler \u2013 Pu\u011fkaracada\u011f K\u0131r D\u00fc\u011f\u00fcn\u00fc Salonu; 16 Eyl\u00fcl Cumartesi: Sultan \u2013 I\u011fd\u0131r Mahallesi I\u011fd\u0131r \u0130lk\u00f6\u011fretim Okulu.<\/p>\n","protected":false},"excerpt":{"rendered":"<p>Akdeniz Belediyesi\u2019nin yeniden canland\u0131rd\u0131\u011f\u0131 ve yo\u011fun ilgi \u00e7eken nostaljik a\u00e7\u0131k hava sinema g\u00fcnleri ba\u015fl\u0131yor. Etkinlik sayesinde, T\u00fcrk Sinemas\u0131nda iz b\u0131rakm\u0131\u015f ve her izlendi\u011finde ayr\u0131 bir keyif veren filmler mahallelere geliyor. &hellip; <a href=\"https:\/\/akdenizolaygazetesi.com\/?p=27602\" class=\"more-link\">Devam\u0131n\u0131 Oku&#8230;<\/a><\/p>\n","protected":false},"author":2,"featured_media":27603,"comment_status":"open","ping_status":"open","sticky":false,"template":"","format":"standard","meta":[],"categories":[3],"tags":[],"_links":{"self":[{"href":"https:\/\/akdenizolaygazetesi.com\/index.php?rest_route=\/wp\/v2\/posts\/27602"}],"collection":[{"href":"https:\/\/akdenizolaygazetesi.com\/index.php?rest_route=\/wp\/v2\/posts"}],"about":[{"href":"https:\/\/akdenizolaygazetesi.com\/index.php?rest_route=\/wp\/v2\/types\/post"}],"author":[{"embeddable":true,"href":"https:\/\/akdenizolaygazetesi.com\/index.php?rest_route=\/wp\/v2\/users\/2"}],"replies":[{"embeddable":true,"href":"https:\/\/akdenizolaygazetesi.com\/index.php?rest_route=%2Fwp%2Fv2%2Fcomments&post=27602"}],"version-history":[{"count":1,"href":"https:\/\/akdenizolaygazetesi.com\/index.php?rest_route=\/wp\/v2\/posts\/27602\/revisions"}],"predecessor-version":[{"id":27604,"href":"https:\/\/akdenizolaygazetesi.com\/index.php?rest_route=\/wp\/v2\/posts\/27602\/revisions\/27604"}],"wp:featuredmedia":[{"embeddable":true,"href":"https:\/\/akdenizolaygazetesi.com\/index.php?rest_route=\/wp\/v2\/media\/27603"}],"wp:attachment":[{"href":"https:\/\/akdenizolaygazetesi.com\/index.php?rest_route=%2Fwp%2Fv2%2Fmedia&parent=27602"}],"wp:term":[{"taxonomy":"category","embeddable":true,"href":"https:\/\/akdenizolaygazetesi.com\/index.php?rest_route=%2Fwp%2Fv2%2Fcategories&post=27602"},{"taxonomy":"post_tag","embeddable":true,"href":"https:\/\/akdenizolaygazetesi.com\/index.php?rest_route=%2Fwp%2Fv2%2Ftags&post=27602"}],"curies":[{"name":"wp","href":"https:\/\/api.w.org\/{rel}","templated":true}]}}