{"id":27611,"date":"2023-09-12T12:48:15","date_gmt":"2023-09-12T09:48:15","guid":{"rendered":"http:\/\/akdenizolaygazetesi.com\/?p=27611"},"modified":"2023-09-12T12:48:15","modified_gmt":"2023-09-12T09:48:15","slug":"toroslarin-zirvesi-gozne-kalesinde-klasik-muzik-ruzgari-esti","status":"publish","type":"post","link":"https:\/\/akdenizolaygazetesi.com\/?p=27611","title":{"rendered":"TOROSLAR&#8217;IN Z\u0130RVES\u0130 G\u00d6ZNE KALES\u0130&#8217;NDE, KLAS\u0130K M\u00dcZ\u0130K R\u00dcZGARI EST\u0130"},"content":{"rendered":"<p>Toroslar Belediyesi, bu y\u0131l 100. y\u0131l\u0131n\u0131 gururla kutlayaca\u011f\u0131m\u0131z Cumhuriyet Bayram\u0131&#8217;n\u0131n ilk etkinli\u011fini &#8220;Cumhuriyetimizin 100. Y\u0131l\u0131na Merhaba&#8221; konseri ile ger\u00e7ekle\u015ftirdi.<\/p>\n<p>Toroslar&#8217;\u0131n zirvesi G\u00f6zne Kalesi&#8217;nde d\u00fczenlenen ve Mersin Nevit Kodall\u0131 Polifonik Korosu&#8217;nun sahne ald\u0131\u011f\u0131 konserin co\u015fkusu ise Mersin&#8217;i sard\u0131.<\/p>\n<p>Mersin Nevit Kodall\u0131 Polifonik Korosu, koro \u015fefi Mehmet Erko\u00e7&#8217;un y\u00f6netiminde koro ve solo performanslar\u0131yla tam not ald\u0131.  Klasik m\u00fczi\u011fin yan\u0131 s\u0131ra, do\u011fu ve bat\u0131 m\u00fczi\u011finin harmanland\u0131\u011f\u0131 konserde T\u00fcrk Halk M\u00fczi\u011finden sevilen eserler de geceye damga vurdu.<\/p>\n<p>BA\u015eKAN YILMAZ, KOROYLA \u0130ZM\u0130R MAR\u015eI&#8217;NI S\u00d6YLED\u0130<\/p>\n<p>Konsere yo\u011fun ilgi g\u00f6steren sanatseverler, koronun seslendirdi\u011fi par\u00e7alara e\u015flik etti. Toroslar Belediye Ba\u015fkan\u0131 Ats\u0131z Af\u015f\u0131n Y\u0131lmaz da sahneye \u00e7\u0131karak koristlerle birlikte \u0130zmir Mar\u015f\u0131&#8217;n\u0131 s\u00f6yledi.<\/p>\n<p>Konsere kat\u0131lan t\u00fcm koristlere, gecede eme\u011fi ge\u00e7enlere ve kat\u0131l\u0131mc\u0131lara te\u015fekk\u00fcr eden Ba\u015fkan Y\u0131lmaz; &#8220;Cumhuriyetimizin 100. y\u0131l\u0131n\u0131 kutluyoruz. Cumhuriyetimizin hem 100. y\u0131l\u0131na hem de \u00f6n\u00fcm\u00fczdeki T\u00fcrkiye Y\u00fczy\u0131l\u0131&#8217;na ba\u015flang\u0131\u00e7 ve giri\u015f yap\u0131yoruz. Bunu anlamak, \u00e7ocuklar\u0131m\u0131za, gen\u00e7lerimize anlatmak, Cumhuriyeti idrak etmek bizim i\u00e7in \u00e7ok \u00f6nemli&#8221; dedi.<\/p>\n<p>Konsere; MHP Toroslar \u0130l\u00e7e Ba\u015fkan\u0131 Osman Mete Y\u0131ld\u0131z, Mersin Polifonik Korolar Derne\u011fi Ba\u015fkan\u0131 Selma Merze Ya\u011fc\u0131, Mersin Devlet Opera ve Balesi M\u00fcd\u00fcr\u00fc Serb\u00fclent Bi\u00e7er, Belediye Meclis \u00dcyeleri, Mahalle Muhtarlar\u0131 ve \u00e7ok say\u0131da vatanda\u015f kat\u0131ld\u0131.<\/p>\n<p>YA\u011eCI; &#8220;TOROSLAR&#8217;DA M\u00dcZ\u0130KLE, K\u00dcLT\u00dcRLE VE DE\u011eERL\u0130 DOSTLARIMIZLA BULU\u015eMAK \u00c7OK G\u00dcZEL&#8221;<\/p>\n<p>Mersin Polifonik Korolar Derne\u011fi Ba\u015fkan\u0131 Selma Merze Ya\u011fc\u0131, Toroslar Belediye Ba\u015fkan\u0131 Ats\u0131z Af\u015f\u0131n Y\u0131lmaz&#8217;a sanata ve sanat\u00e7\u0131ya sundu\u011fu desteklerinden dolay\u0131 te\u015fekk\u00fcr ederek; &#8220;M\u00fczikle, k\u00fclt\u00fcrle, sanatla ve siz de\u011ferli dostlar\u0131m\u0131zla bulu\u015fmak \u00e7ok g\u00fczel. Hep beraber, Gazi Mustafa Kemal Atat\u00fcrk&#8217;\u00fcn bize emanet etti\u011fi T\u00fcrkiye&#8217;yi y\u0131ld\u0131zlara ta\u015f\u0131yal\u0131m. Kendimiz, ailemiz ve T\u00fcrkiye i\u00e7in asla umudumuzdan vazge\u00e7meyelim. Bu vatan bizim. Ba\u015fkan\u0131m\u0131z Ats\u0131z Af\u015f\u0131n Y\u0131lamz&#8217;a ve hepinize \u00e7ok te\u015fekk\u00fcr ediyorum&#8221; dedi.<\/p>\n<p>BA\u015eKAN YILMAZ; &#8220;CUMHUR\u0130YET\u0130M\u0130Z\u0130N 100. YILINDA CO\u015eKUYLA Y\u0130NE B\u0130R ARADA OLACA\u011eIZ&#8221;<\/p>\n<p>Ba\u015fkan Y\u0131lmaz, Toroslar&#8217;da T\u00fcrkiye Cumhuriyeti&#8217;nin kurulu\u015funun 100. Y\u0131l\u0131na yak\u0131\u015f\u0131r etkinlikler d\u00fczenlemeye devam edeceklerini belirterek; &#8220;Cumhuriyetimizin kurulu\u015funda, milli m\u00fccadele d\u00f6neminde ve Kurtulu\u015f Sava\u015f\u0131m\u0131zda kan veren, can veren, al\u0131n teri ak\u0131tan ba\u015fta Gazi Mustafa Kemal Atat\u00fcrk olmak \u00fczere t\u00fcm b\u00fcy\u00fcklerimizi rahmetle, minnetle an\u0131yorum. Ruhlar\u0131 \u015fad olsun. Bu etkinli\u011fimizi G\u00f6zne Mahallemizde yapman\u0131n mutlulu\u011funu ya\u015f\u0131yoruz. G\u00f6zne, her zaman sanat\u0131n, k\u00fclt\u00fcr\u00fcn merkezi olmu\u015ftur&#8221; ifadelerini kulland\u0131.<\/p>\n<p>&#8220;SELMA ABLAMIZA TE\u015eEKK\u00dcR EDER\u0130Z&#8221;<\/p>\n<p>Toroslar Belediye Ba\u015fkan\u0131 Ats\u0131z Af\u015f\u0131n Y\u0131lmaz, bu etkinli\u011fi Mersin Polifonik Korolar Derne\u011fi Ba\u015fkan\u0131 Selma Merze Ya\u011fc\u0131&#8217;n\u0131n katk\u0131lar\u0131yla ger\u00e7ekle\u015ftirdiklerine dikkat \u00e7ekerek, Ya\u011fc\u0131&#8217;n\u0131n Mersin&#8217;e uluslararas\u0131 bir m\u00fczik festivali kazand\u0131rd\u0131\u011f\u0131n\u0131 da s\u00f6yledi.<\/p>\n<p>Ba\u015fkan Y\u0131lmaz; &#8220;Belediyemizin de destek verdi\u011fi 20. Mersin Uluslararas\u0131 M\u00fczik Festivali&#8217;ni yapt\u0131k. B\u00f6yle kurumsal ve uluslararas\u0131 etkinli\u011fin ger\u00e7ekle\u015ftirilmesini, d\u00fcnyan\u0131n bir\u00e7ok yerinden sanat\u00e7\u0131lar\u0131n Mersin&#8217;e gelmesini sa\u011flayan k\u0131ymetli Selma ablam\u0131za Mersin ad\u0131na, Toroslar ad\u0131na ve Toroslar Belediye Ba\u015fkan\u0131 olarak te\u015fekk\u00fcr ediyorum. Selma ablam\u0131z, Mersin&#8217;in kurtulu\u015funda, Mersin&#8217;deki kuvayi milliye m\u00fccadelesinde g\u00f6rev alm\u0131\u015f Merzeci ailesinin bir mensubudur. Ayr\u0131ca hayat\u0131 boyunca sanatla, m\u00fczikle u\u011fra\u015fm\u0131\u015f, m\u00fczik e\u011fitimi vermi\u015f ve m\u00fczik e\u011fitim alan gen\u00e7lere burs vermi\u015f bir sanat\u00e7\u0131d\u0131r. Bunun i\u00e7in de kendisine te\u015fekk\u00fcr ediyorum. Konserde eme\u011fi ge\u00e7en t\u00fcm arkada\u015flar\u0131m\u0131za, sanat\u00e7\u0131lar\u0131m\u0131za da sevgi ve sayg\u0131lar\u0131m\u0131 sunuyorum. Cumhuriyetimizin 100. y\u0131l\u0131 kutlu olsun&#8221; diye konu\u015ftu.<\/p>\n<p>Ba\u015fkan Y\u0131lmaz&#8217;\u0131n konu\u015fmas\u0131n\u0131n ard\u0131ndan Mersin Polifonik Korolar Derne\u011fi Ba\u015fkan\u0131 Selma Merze Ya\u011fc\u0131&#8217;n\u0131n s\u00f6yledi\u011fi &#8220;Hey Onbe\u015fli T\u00fcrk\u00fcs\u00fc&#8221; b\u00fcy\u00fck alk\u0131\u015f ald\u0131.<\/p>\n<p>Daha sonra, koro \u015fefi Mehmet Erko\u00e7&#8217;un y\u00f6netiminde sahneye \u00e7\u0131kan koristler de birbirinden g\u00fczel eserler seslendirerek, Mersinlilere unutulmaz bir m\u00fczik ziyafeti ya\u015fatt\u0131.<\/p>\n","protected":false},"excerpt":{"rendered":"<p>Toroslar Belediyesi, bu y\u0131l 100. y\u0131l\u0131n\u0131 gururla kutlayaca\u011f\u0131m\u0131z Cumhuriyet Bayram\u0131&#8217;n\u0131n ilk etkinli\u011fini &#8220;Cumhuriyetimizin 100. Y\u0131l\u0131na Merhaba&#8221; konseri ile ger\u00e7ekle\u015ftirdi. Toroslar&#8217;\u0131n zirvesi G\u00f6zne Kalesi&#8217;nde d\u00fczenlenen ve Mersin Nevit Kodall\u0131 Polifonik Korosu&#8217;nun &hellip; <a href=\"https:\/\/akdenizolaygazetesi.com\/?p=27611\" class=\"more-link\">Devam\u0131n\u0131 Oku&#8230;<\/a><\/p>\n","protected":false},"author":2,"featured_media":27612,"comment_status":"open","ping_status":"open","sticky":false,"template":"","format":"standard","meta":[],"categories":[2,3],"tags":[],"_links":{"self":[{"href":"https:\/\/akdenizolaygazetesi.com\/index.php?rest_route=\/wp\/v2\/posts\/27611"}],"collection":[{"href":"https:\/\/akdenizolaygazetesi.com\/index.php?rest_route=\/wp\/v2\/posts"}],"about":[{"href":"https:\/\/akdenizolaygazetesi.com\/index.php?rest_route=\/wp\/v2\/types\/post"}],"author":[{"embeddable":true,"href":"https:\/\/akdenizolaygazetesi.com\/index.php?rest_route=\/wp\/v2\/users\/2"}],"replies":[{"embeddable":true,"href":"https:\/\/akdenizolaygazetesi.com\/index.php?rest_route=%2Fwp%2Fv2%2Fcomments&post=27611"}],"version-history":[{"count":1,"href":"https:\/\/akdenizolaygazetesi.com\/index.php?rest_route=\/wp\/v2\/posts\/27611\/revisions"}],"predecessor-version":[{"id":27613,"href":"https:\/\/akdenizolaygazetesi.com\/index.php?rest_route=\/wp\/v2\/posts\/27611\/revisions\/27613"}],"wp:featuredmedia":[{"embeddable":true,"href":"https:\/\/akdenizolaygazetesi.com\/index.php?rest_route=\/wp\/v2\/media\/27612"}],"wp:attachment":[{"href":"https:\/\/akdenizolaygazetesi.com\/index.php?rest_route=%2Fwp%2Fv2%2Fmedia&parent=27611"}],"wp:term":[{"taxonomy":"category","embeddable":true,"href":"https:\/\/akdenizolaygazetesi.com\/index.php?rest_route=%2Fwp%2Fv2%2Fcategories&post=27611"},{"taxonomy":"post_tag","embeddable":true,"href":"https:\/\/akdenizolaygazetesi.com\/index.php?rest_route=%2Fwp%2Fv2%2Ftags&post=27611"}],"curies":[{"name":"wp","href":"https:\/\/api.w.org\/{rel}","templated":true}]}}