{"id":27614,"date":"2023-09-12T12:50:23","date_gmt":"2023-09-12T09:50:23","guid":{"rendered":"http:\/\/akdenizolaygazetesi.com\/?p=27614"},"modified":"2023-09-12T12:50:23","modified_gmt":"2023-09-12T09:50:23","slug":"her-sey-cocuklarimiz-icin","status":"publish","type":"post","link":"https:\/\/akdenizolaygazetesi.com\/?p=27614","title":{"rendered":"&#8220;HER \u015eEY \u00c7OCUKLARIMIZ \u0130\u00c7\u0130N&#8221;"},"content":{"rendered":"<p>Mersin B\u00fcy\u00fck\u015fehir Belediye Meclisi&#8217;nin 2023 Y\u0131l\u0131 Eyl\u00fcl Ay\u0131 Ola\u011fan Toplant\u0131s\u0131n\u0131n 1. Birle\u015fimi Kongre ve Sergi Saray\u0131 \u00c7ok Ama\u00e7l\u0131 Salon&#8217;da Ba\u015fkan Vahap Se\u00e7er ba\u015fkanl\u0131\u011f\u0131nda ger\u00e7ekle\u015ftirildi. Meclis Toplant\u0131s\u0131&#8217;nda komisyonlara havale edilen 16 ve birimlerden gelen 32 madde olmak \u00fczere toplam 48 madde g\u00f6r\u00fc\u015f\u00fcld\u00fc.<\/p>\n<p>&#8220;Birey e\u011fitimli ise d\u00fcnyay\u0131 de\u011fi\u015ftirebiliyor&#8221;<br \/>\nToplant\u0131n\u0131n g\u00fcndem d\u0131\u015f\u0131 konu\u015fmalar b\u00f6l\u00fcm\u00fcnde a\u00e7\u0131klamalarda bulunan Ba\u015fkan Se\u00e7er, bu hafta ba\u015flayan 2023-2024 e\u011fitim \u00f6\u011fretim y\u0131l\u0131 dolay\u0131s\u0131yla t\u00fcm \u00f6\u011frencilere ba\u015far\u0131lar diledi. E\u011fitimin toplumun temel ta\u015f\u0131 oldu\u011funa dikkat \u00e7eken Se\u00e7er, &#8220;Birey e\u011fitimli ise \u00fclkesini, toplumu hatta d\u00fcnyay\u0131 de\u011fi\u015ftirebiliyor. Ba\u015fta bakanl\u0131k ve biz belediyeler olmak \u00fczere b\u00fct\u00fcn kurumlar, e\u011fitime en iyi imk\u00e2nlar\u0131 sunarak, \u00e7a\u011fda\u015f d\u00fcnyada di\u011fer \u00fclkelerle rekabet etmenin yolunun da e\u011fitimli toplumdan ge\u00e7ti\u011fi bilinciyle, \u00e7ocuklar\u0131m\u0131z\u0131n en iyi e\u011fitim almalar\u0131na katk\u0131 vermek zorunlulu\u011fumuz var&#8221; dedi.<\/p>\n<p>&#8220;Her \u015fey \u00e7ocuklar\u0131m\u0131z i\u00e7in&#8221;<br \/>\nMersin B\u00fcy\u00fck\u015fehir Belediyesi olarak Mersin&#8217;de e\u011fitimin her t\u00fcrl\u00fc noktas\u0131na temas etmeye ve katk\u0131 sunmaya \u00e7al\u0131\u015ft\u0131klar\u0131n\u0131 vurgulayan Se\u00e7er, ge\u00e7ti\u011fimiz hafta ilk\u00f6\u011fretime ba\u015flayan 18 bin \u00e7ocu\u011fa &#8216;\u0130lk \u00c7antam&#8217; projesi kapsam\u0131nda i\u00e7erisinde k\u0131rtasiye malzemelerinin bulundu\u011fu \u00e7antalar\u0131 hediye ettiklerini hat\u0131rlatt\u0131. E\u011fitimde f\u0131rsat e\u015fitli\u011fi sa\u011flamay\u0131 hedefleyen B\u00fcy\u00fck\u015fehir Belediyesi kurs merkezlerinin Mersin&#8217;in 17 noktas\u0131na yay\u0131ld\u0131\u011f\u0131n\u0131 belirten Se\u00e7er, &#8220;Toplam 7 bin \u00f6\u011frenciye hem LGS hem \u00fcniversite i\u00e7in ciddi destekler veriyoruz. Gelir d\u00fczeyi g\u00f6rece olarak daha az olan ailelere bu katk\u0131n\u0131n \u00e7ok \u00f6nemli oldu\u011funu d\u00fc\u015f\u00fcnd\u00fc\u011f\u00fcm\u00fcz i\u00e7in b\u00f6yle bir uygulamay\u0131 s\u00fcrd\u00fcr\u00fcyoruz&#8221; ifadelerine yer verdi. \u00c7ocuklar\u0131n geli\u015fimi i\u00e7in g\u00f6z ard\u0131 edilmeyecek bir konu olan g\u0131daya ula\u015f\u0131m i\u00e7in de \u00f6nemli projeleri hayata ge\u00e7irdiklerini aktaran Se\u00e7er, &#8220;Okul s\u00fct\u00fcnden \u00e7ocuklara okulda at\u0131\u015ft\u0131rmal\u0131k \u00e7erez da\u011f\u0131t\u0131m\u0131na kadar, okuma salonlar\u0131na kadar bir\u00e7ok konuda g\u00f6revimizi eksiksiz yerine getirme gayreti i\u00e7erisindeyiz. Her \u015fey \u00e7ocuklar\u0131m\u0131z, e\u011fitimli bir toplum ve \u00fclkemizin daha iyi noktalara gelmesi i\u00e7in&#8221; diye konu\u015ftu.<\/p>\n<p>&#8220;Milyarlarca lira harcay\u0131p b\u00fct\u00fcn birimleri ayn\u0131 yerde toplamak ko\u015fullar\u0131m\u0131za uygun de\u011fil&#8221;<br \/>\nBir meclis \u00fcyesinin belediye birimlerinin tek bir binada toplanmas\u0131 gerekti\u011fini s\u00f6ylemesi \u00fczerine ise Ba\u015fkan Se\u00e7er, bunun i\u00e7in milyarlarca para harcanmas\u0131 gerekti\u011fine ve bunun da fuzuli bir harcama olaca\u011f\u0131na i\u015faret etti. Se\u00e7er, &#8220;Milyarlarca lira harcay\u0131p b\u00fct\u00fcn birimleri ayn\u0131 yerde toplaman\u0131n bizim ko\u015fullar\u0131m\u0131za uygun olmad\u0131\u011f\u0131n\u0131 d\u00fc\u015f\u00fcn\u00fcyorum. Bizim belediye hizmet binas\u0131 olarak kulland\u0131\u011f\u0131m\u0131z ve kiralad\u0131\u011f\u0131m\u0131z yerlerin y\u00fczde 75&#8217;i aktif. Depremin ard\u0131ndan K\u0131rm\u0131z\u0131 Lacivert ve \u00d6zel \u0130dare \u0130\u015f Han\u0131&#8217;n\u0131 da bo\u015faltt\u0131k. \u015eu anda birimlerimizin baz\u0131lar\u0131 metropol binas\u0131nda \u00e7al\u0131\u015f\u0131yor. \u00c7ok \u00e7ok makul kiralama bedelleri var&#8221; dedi.<\/p>\n<p>B\u00fcy\u00fck\u015fehir, \u015fiddetli ya\u011f\u0131\u015flara kar\u015f\u0131 7\/24 teyakkuzda<br \/>\n\u015eiddetli ya\u011f\u0131\u015flar sonucu olu\u015fabilecek olumsuzluklara kar\u015f\u0131 Mersin B\u00fcy\u00fck\u015fehir Belediyesi ve MESK\u0130&#8217;nin d\u00fczenli olarak \u00e7al\u0131\u015fma y\u00fcr\u00fctt\u00fcklerini kaydeden Se\u00e7er, &#8220;G\u00f6reve geldi\u011fimiz g\u00fcnden bu yana bir olumsuzluk da ya\u015famad\u0131k. Gerekli tedbirleri al\u0131yoruz ve 12 ay boyunca bu temizlikleri yap\u0131yoruz. \u00dcst d\u00fczey bak\u0131m onar\u0131m\u0131 kapsayan g\u00f6r\u00fcnt\u00fcleme, say\u0131salla\u015ft\u0131rma, temizleme gibi b\u00fct\u00fcn i\u015fleri yap\u0131yoruz. G\u00f6r\u00fcnt\u00fcleme sistemiyle kanalizasyon, ya\u011fmur suyu sistemlerinin MR&#8217;\u0131n\u0131 \u00e7ekiyoruz ve nerede ne var g\u00f6r\u00fcyoruz. Ya\u011fmur, f\u0131rt\u0131na, \u015fiddetli ya\u011f\u0131\u015flarda yetkili birimlerimiz de h\u0131zla \u00e7al\u0131\u015f\u0131yor&#8221; dedi.<\/p>\n<p>Erdemli Hali yak\u0131nda a\u00e7\u0131lacak<br \/>\nBa\u015fkan Se\u00e7er, Erdemli Hali&#8217;nde esnaf\u0131n d\u00fckkanlara yerle\u015fmesi i\u00e7in yap\u0131lacak kura \u00e7ekiminin Noter huzurunda yap\u0131lmas\u0131 talebi ve eski haldeki d\u00fckkan sahiplerinin yeni yap\u0131lan hale ge\u00e7ince metrekare b\u00fcy\u00fckl\u00fc\u011f\u00fc dolay\u0131s\u0131yla do\u011facak fiyat fark\u0131n\u0131n c\u00fczi tutulmas\u0131yla ilgili de konu\u015ftu. Erdemli Hali&#8217;nin uzun s\u00fcredir s\u00fcr\u00fcncemede kald\u0131\u011f\u0131n\u0131 ancak y\u00f6netime gelir gelmez konuya el att\u0131klar\u0131n\u0131 ifade eden Se\u00e7er,  &#8220;Bu y\u0131l\u0131n ba\u015f\u0131nda in\u015faat bitmi\u015fti. \u00c7ok da g\u00fczel bir yap\u0131 oldu. Komisyoncu arkada\u015flar, \u00fcreticiler g\u00fcle g\u00fcle kullans\u0131n ancak 9 ay bo\u015fa ge\u00e7medi. 6 \u015eubat depreminden sonra oras\u0131 kutsal bir vazife yapt\u0131; oradaki depremzedeleri a\u011f\u0131rlad\u0131. Bu muazzam bir l\u00fctuftu asl\u0131nda. Her t\u00fcrl\u00fc alt yap\u0131s\u0131, m\u00fc\u015ftemilat\u0131 olan bir tesise depremzedeleri yerle\u015ftirdik. Hala 120 ki\u015fi orada kal\u0131yor&#8221; dedi.<\/p>\n<p>Ba\u015fkan Se\u00e7er, Erdemli Hali&#8217;nde bulunan d\u00fckkanlar\u0131n bir k\u0131sm\u0131n\u0131 satmak istediklerini ancak Meclis&#8217;ten karar alamad\u0131klar\u0131n\u0131 ifade ederek, &#8220;Komisyoncu esnaf\u0131n\u0131n bir k\u0131sm\u0131n\u0131n bu konuya s\u0131cak bakaca\u011f\u0131n\u0131 biliyordum ama imkan\u0131 olmayan ya da &#8216;Ben sat\u0131n alm\u0131yorum&#8217; diyen i\u00e7in de ikinci bir alternatif vard\u0131; kiralama y\u00f6ntemi. Ay\u0131rd\u0131\u011f\u0131m\u0131z k\u0131s\u0131mlar da kiralanacakt\u0131, olmad\u0131. Mersin&#8217;in en b\u00fcy\u00fck gelir kaynaklar\u0131ndan biri olan sebze-meyvenin pazarland\u0131\u011f\u0131 bu mekanlar\u0131 daha temiz, \u00e7a\u011fa uygun, hijyenik, kullan\u0131\u015fl\u0131 hale getirmemiz laz\u0131m&#8221; diye konu\u015ftu.<\/p>\n<p>&#8220;Kamuyu da esnaf\u0131 da ma\u011fdur etmeyecek makul fiyatlar tespit edilecek&#8221;<br \/>\nErdemli Hali ile ilgili kiralama konusuna da de\u011finen Se\u00e7er, &#8220;\u015eu anda oradan kiralama devam ediyor. eski mekanlar\u0131 28 metrekare. Yeni mekanlar daha b\u00fcy\u00fck ve ilave bir \u00fccret istememiz gerekecek. Her iki taraf\u0131n da hakk\u0131n\u0131 koruyaca\u011f\u0131z. Hem halk\u0131n mal\u0131n\u0131, hem kamunun hakk\u0131n\u0131 koruyaca\u011f\u0131z, hem de esnaf\u0131 da ma\u011fdur etmeyecek makul bir fiyat tespit edip bu konuyu da hallettikten sonra \u00e7ok k\u0131sa bir s\u00fcre i\u00e7erisinde hep beraber gidip a\u00e7\u0131l\u0131\u015f\u0131n\u0131 yaparak esnaf\u0131m\u0131z\u0131n oraya ta\u015f\u0131nmas\u0131n\u0131 sa\u011flayaca\u011f\u0131z. Erdemlimize, Mersinimize hay\u0131rl\u0131 u\u011furlu olsun&#8221; dedi.<\/p>\n<p>Anamur ve Bozyaz\u0131&#8217;da yap\u0131lacak hallerle ilgili bilgi de payla\u015fan Se\u00e7er, \u015funlar\u0131 s\u00f6yledi: &#8220;Anamur Hali&#8217;nin hafriyat\u0131na ba\u015flad\u0131k. Ge\u00e7ti\u011fimiz hafta \u00e7al\u0131\u015fmalar ba\u015flad\u0131. Birka\u00e7 ay i\u00e7erisinde de temelini ataca\u011f\u0131z, yap\u0131m ihalesi yap\u0131l\u0131yor. B\u00f6lgeye uygun g\u00fczel bir proje oldu. Zaten komisyoncu esnaf\u0131n\u0131n katk\u0131lar\u0131yla oldu. Onlar\u0131n talepleri do\u011frultusunda birimleri projelendirdik. Anamur Hali&#8217;ne de ba\u015flay\u0131p k\u0131sa s\u00fcrede bitirece\u011fimizi d\u00fc\u015f\u00fcn\u00fcyorum. Ard\u0131ndan Bozyaz\u0131 ile ilgili bir \u00e7al\u0131\u015fma var. Bu b\u00f6lge tar\u0131m, sebze-meyve b\u00f6lgesi. Mersin&#8217;de toptanc\u0131 sebze halleri bize yak\u0131\u015f\u0131r modernlikte olsun istiyoruz. Bunu da yava\u015f yava\u015f ger\u00e7ekle\u015ftiriyoruz.&#8221;<\/p>\n<p>&#8216;Mezitli-3 Ocak Hafif Rayl\u0131 Sistem Metro Hatt\u0131n\u0131n \u0130n\u015faat ve Elektromekanik Sistemlerinin Temini, Montaj\u0131 ve \u0130\u015fletmeye Al\u0131nmas\u0131 \u0130\u015fi&#8217; i\u00e7in; Cumhurba\u015fkanl\u0131\u011f\u0131 2023 y\u0131l\u0131 yat\u0131r\u0131m program\u0131nda yer alan d\u0131\u015f bor\u00e7 miktar\u0131na istinaden 1 milyar 7 milyon 357 bin 510 TL tutar\u0131nda kredi teminiyle ilgili madde de Meclis&#8217;te g\u00f6r\u00fc\u015f\u00fcld\u00fc. Konu; ilgili komisyonlara havale edildi.<\/p>\n<p>Meclis Toplant\u0131s\u0131 komisyonlardan gelen raporlar\u0131n oy birli\u011fiyle kabul edilmesinin ard\u0131ndan sona erdi.<\/p>\n","protected":false},"excerpt":{"rendered":"<p>Mersin B\u00fcy\u00fck\u015fehir Belediye Meclisi&#8217;nin 2023 Y\u0131l\u0131 Eyl\u00fcl Ay\u0131 Ola\u011fan Toplant\u0131s\u0131n\u0131n 1. Birle\u015fimi Kongre ve Sergi Saray\u0131 \u00c7ok Ama\u00e7l\u0131 Salon&#8217;da Ba\u015fkan Vahap Se\u00e7er ba\u015fkanl\u0131\u011f\u0131nda ger\u00e7ekle\u015ftirildi. Meclis Toplant\u0131s\u0131&#8217;nda komisyonlara havale edilen 16 &hellip; <a href=\"https:\/\/akdenizolaygazetesi.com\/?p=27614\" class=\"more-link\">Devam\u0131n\u0131 Oku&#8230;<\/a><\/p>\n","protected":false},"author":2,"featured_media":27615,"comment_status":"open","ping_status":"open","sticky":false,"template":"","format":"standard","meta":[],"categories":[2,3],"tags":[],"_links":{"self":[{"href":"https:\/\/akdenizolaygazetesi.com\/index.php?rest_route=\/wp\/v2\/posts\/27614"}],"collection":[{"href":"https:\/\/akdenizolaygazetesi.com\/index.php?rest_route=\/wp\/v2\/posts"}],"about":[{"href":"https:\/\/akdenizolaygazetesi.com\/index.php?rest_route=\/wp\/v2\/types\/post"}],"author":[{"embeddable":true,"href":"https:\/\/akdenizolaygazetesi.com\/index.php?rest_route=\/wp\/v2\/users\/2"}],"replies":[{"embeddable":true,"href":"https:\/\/akdenizolaygazetesi.com\/index.php?rest_route=%2Fwp%2Fv2%2Fcomments&post=27614"}],"version-history":[{"count":1,"href":"https:\/\/akdenizolaygazetesi.com\/index.php?rest_route=\/wp\/v2\/posts\/27614\/revisions"}],"predecessor-version":[{"id":27616,"href":"https:\/\/akdenizolaygazetesi.com\/index.php?rest_route=\/wp\/v2\/posts\/27614\/revisions\/27616"}],"wp:featuredmedia":[{"embeddable":true,"href":"https:\/\/akdenizolaygazetesi.com\/index.php?rest_route=\/wp\/v2\/media\/27615"}],"wp:attachment":[{"href":"https:\/\/akdenizolaygazetesi.com\/index.php?rest_route=%2Fwp%2Fv2%2Fmedia&parent=27614"}],"wp:term":[{"taxonomy":"category","embeddable":true,"href":"https:\/\/akdenizolaygazetesi.com\/index.php?rest_route=%2Fwp%2Fv2%2Fcategories&post=27614"},{"taxonomy":"post_tag","embeddable":true,"href":"https:\/\/akdenizolaygazetesi.com\/index.php?rest_route=%2Fwp%2Fv2%2Ftags&post=27614"}],"curies":[{"name":"wp","href":"https:\/\/api.w.org\/{rel}","templated":true}]}}