{"id":27617,"date":"2023-09-12T12:52:49","date_gmt":"2023-09-12T09:52:49","guid":{"rendered":"http:\/\/akdenizolaygazetesi.com\/?p=27617"},"modified":"2023-09-12T12:52:49","modified_gmt":"2023-09-12T09:52:49","slug":"mersin-valisi-ali-hamza-pehlivan-yenisehir-belediyesi-betemi-gezdi","status":"publish","type":"post","link":"https:\/\/akdenizolaygazetesi.com\/?p=27617","title":{"rendered":"Mersin Valisi Ali Hamza Pehlivan, Yeni\u015fehir Belediyesi BETEM\u2019i gezdi"},"content":{"rendered":"<p>Mersin Valisi Ali Hamza Pehlivan, Mersin Yeni\u015fehir Belediyesinin T\u00fcrkiye\u2019de bir ilke imza atarak hayata ge\u00e7irdi\u011fi Erken \u00c7ocukluk Geli\u015fimi Projesi kapsam\u0131nda 2021 y\u0131l\u0131nda hizmete a\u00e7t\u0131\u011f\u0131 \u00d6mer Faruk \u0130lbilgen Beceri Temelli E\u011fitim Merkezi(BETEM)\u2019i gezdi. Yeni\u015fehir Belediye Ba\u015fkan\u0131 Abdullah \u00d6zyi\u011fit, Vali Ali Hamza Pehlivan\u2019a e\u015flik ederek, 3-6 ya\u015f aras\u0131ndaki \u00e7ocuklar\u0131n e\u011fitim g\u00f6rd\u00fc\u011f\u00fc BETEM\u2019i ve \u00f6rnek g\u00f6sterilen projeyi anlatt\u0131.<br \/>\nMersin\u2019de 2023-2024 e\u011fitim-\u00f6\u011fretim y\u0131l\u0131n\u0131n ba\u015flamas\u0131yla birlikte \u00f6\u011frenciler ve \u00f6\u011fretmenler ders ba\u015f\u0131 yapt\u0131. Mersin\u2019in Yeni\u015fehir il\u00e7esindeki Barbaros \u0130lkokulunda da \u0130lk\u00f6\u011fretim Haftas\u0131 Kutlama Program\u0131 d\u00fczenlendi.  Mersin Valisi Ali Hamza Pehlivan, Barbaros \u0130lkokulundaki programdan sonra Yeni\u015fehir Belediye Ba\u015fkan\u0131 Abdullah \u00d6zyi\u011fit ile birlikte Fuat Morel Mahallesi\u2019ndeki Yeni\u015fehir Belediyesi \u00d6mer Faruk \u0130lbilgen Beceri Temelli E\u011fitim Merkezi\u2019ni gezdi, \u00e7ocuklarla bulu\u015ftu. Vali Ali Hamza Pehlivan\u2019a Yeni\u015fehir Kaymakam\u0131 Nevzat \u015eeng\u00f6k, Mersin \u0130l Emniyet M\u00fcd\u00fcr Mehmet Aslan, Sahil G\u00fcvenlik Akdeniz B\u00f6lge Komutan\u0131 Tu\u011famiral O\u011fuz Bavbek, Mersin \u0130l Jandarma Komutan\u0131 Tu\u011fgeneral Ercan Atasoy, Mersin \u0130l Milli E\u011fitim M\u00fcd\u00fcr\u00fc Adem Koca, Mersin Orman B\u00f6lge M\u00fcd\u00fcr\u00fc Mustafa Yal\u00e7\u0131n ve \u0130l\u00e7e Milli E\u011fitim M\u00fcd\u00fcr\u00fc Mehmet Necmeddin Din\u00e7 de e\u015flik etti.<br \/>\n\u201c\u00d6rnek projemizle beceri temelli e\u011fitimler verdi\u011fimiz iki merkezi in\u015fa ederek hizmete a\u00e7t\u0131k.\u201d<br \/>\nYeni\u015fehir Belediye Ba\u015fkan\u0131 Abdullah \u00d6zyi\u011fit, BETEM\u2019de verdikleri e\u011fitimin niteli\u011fi ilgili bilgiler vererek, ikinci BETEM\u2019i de bug\u00fcn Mente\u015f Mahallesi\u2019nde hizmete a\u00e7t\u0131klar\u0131n\u0131 s\u00f6yledi. Ba\u015fkan \u00d6zyi\u011fit, \u201c\u00c7ocuklar\u0131m\u0131z bizim g\u00f6zbebe\u011fimiz, t\u00fcm imkanlar\u0131m\u0131zla onlar\u0131 en iyi \u015fekilde e\u011fitmek ve gelece\u011fe haz\u0131rlamak i\u00e7in \u00e7al\u0131\u015f\u0131yoruz. Erken \u00e7ocukluk geli\u015fimi konusunda hayata ge\u00e7irdi\u011fimiz proje ve \u00e7al\u0131\u015fmalarla k\u0131sa s\u00fcrede \u00e7ok \u00f6nemli bir mesafe kat ettik. \u00d6rnek projemizle beceri temelli e\u011fitimler verdi\u011fimiz iki merkezi in\u015fa ederek hizmete a\u00e7t\u0131k. Her biri 108 \u00f6\u011frenci kapasiteli ve \u00f6zel bir e\u011fitim program\u0131 uygulan\u0131yor.\u201d diye konu\u015ftu. <\/p>\n","protected":false},"excerpt":{"rendered":"<p>Mersin Valisi Ali Hamza Pehlivan, Mersin Yeni\u015fehir Belediyesinin T\u00fcrkiye\u2019de bir ilke imza atarak hayata ge\u00e7irdi\u011fi Erken \u00c7ocukluk Geli\u015fimi Projesi kapsam\u0131nda 2021 y\u0131l\u0131nda hizmete a\u00e7t\u0131\u011f\u0131 \u00d6mer Faruk \u0130lbilgen Beceri Temelli E\u011fitim &hellip; <a href=\"https:\/\/akdenizolaygazetesi.com\/?p=27617\" class=\"more-link\">Devam\u0131n\u0131 Oku&#8230;<\/a><\/p>\n","protected":false},"author":2,"featured_media":27618,"comment_status":"open","ping_status":"open","sticky":false,"template":"","format":"standard","meta":[],"categories":[1,2,3],"tags":[],"_links":{"self":[{"href":"https:\/\/akdenizolaygazetesi.com\/index.php?rest_route=\/wp\/v2\/posts\/27617"}],"collection":[{"href":"https:\/\/akdenizolaygazetesi.com\/index.php?rest_route=\/wp\/v2\/posts"}],"about":[{"href":"https:\/\/akdenizolaygazetesi.com\/index.php?rest_route=\/wp\/v2\/types\/post"}],"author":[{"embeddable":true,"href":"https:\/\/akdenizolaygazetesi.com\/index.php?rest_route=\/wp\/v2\/users\/2"}],"replies":[{"embeddable":true,"href":"https:\/\/akdenizolaygazetesi.com\/index.php?rest_route=%2Fwp%2Fv2%2Fcomments&post=27617"}],"version-history":[{"count":1,"href":"https:\/\/akdenizolaygazetesi.com\/index.php?rest_route=\/wp\/v2\/posts\/27617\/revisions"}],"predecessor-version":[{"id":27619,"href":"https:\/\/akdenizolaygazetesi.com\/index.php?rest_route=\/wp\/v2\/posts\/27617\/revisions\/27619"}],"wp:featuredmedia":[{"embeddable":true,"href":"https:\/\/akdenizolaygazetesi.com\/index.php?rest_route=\/wp\/v2\/media\/27618"}],"wp:attachment":[{"href":"https:\/\/akdenizolaygazetesi.com\/index.php?rest_route=%2Fwp%2Fv2%2Fmedia&parent=27617"}],"wp:term":[{"taxonomy":"category","embeddable":true,"href":"https:\/\/akdenizolaygazetesi.com\/index.php?rest_route=%2Fwp%2Fv2%2Fcategories&post=27617"},{"taxonomy":"post_tag","embeddable":true,"href":"https:\/\/akdenizolaygazetesi.com\/index.php?rest_route=%2Fwp%2Fv2%2Ftags&post=27617"}],"curies":[{"name":"wp","href":"https:\/\/api.w.org\/{rel}","templated":true}]}}