{"id":27623,"date":"2023-09-12T12:56:26","date_gmt":"2023-09-12T09:56:26","guid":{"rendered":"http:\/\/akdenizolaygazetesi.com\/?p=27623"},"modified":"2023-09-12T12:56:26","modified_gmt":"2023-09-12T09:56:26","slug":"yenisehir-belediyesi-insa-ettigi-ikinci-betemi-acti","status":"publish","type":"post","link":"https:\/\/akdenizolaygazetesi.com\/?p=27623","title":{"rendered":"Yeni\u015fehir Belediyesi in\u015fa etti\u011fi ikinci BETEM\u2019i a\u00e7t\u0131"},"content":{"rendered":"<p>Mersin Yeni\u015fehir Belediyesinin Erken \u00c7ocukluk Geli\u015fimi Projesi kapsam\u0131nda Mente\u015f Mahallesi\u2019nde in\u015fa etti\u011fi Mehmet Sad\u0131k G\u00fcrsoy Beceri Temelli E\u011fitim Merkezi(BETEM) 2023-2024 e\u011fitim-\u00f6\u011fretim y\u0131l\u0131n\u0131n ilk g\u00fcn\u00fcnde hizmete a\u00e7\u0131ld\u0131. 3-6 ya\u015f aras\u0131ndaki \u00e7ocuklara e\u011fitim verilecek BETEM\u2019de \u00e7ocuklar ve aileleriyle bir araya gelen Belediye Ba\u015fkan\u0131 Abdullah \u00d6zyi\u011fit,\u201c\u00c7ocuklar\u0131m\u0131za verdi\u011fimiz s\u00f6z\u00fc tuttuk. \u0130kincisini a\u00e7t\u0131\u011f\u0131m\u0131z BETEM kentimize ve \u00e7ocuklar\u0131m\u0131za hay\u0131rl\u0131 olsun. \u201d dedi.<br \/>\nMersin Yeni\u015fehir Belediyesi, Fuat Morel Mahallesi\u2019nde 2021 y\u0131l\u0131nda hizmete a\u00e7t\u0131\u011f\u0131 \u00d6mer Faruk \u0130lbilgen Beceri Temelli E\u011fitim Merkezi\u2019nden sonra Mente\u015f Mahallesi\u2019nde de Mehmet Sad\u0131k G\u00fcrsoy Beceri Temelli E\u011fitim Merkezi\u2019ni in\u015fa ederek hizmete a\u00e7t\u0131. Mehmet Sad\u0131k G\u00fcrsoy Beceri Temelli E\u011fitim Merkezi\u2019nde de 3-6 ya\u015f aras\u0131ndaki 108 \u00e7ocu\u011fa beceriyi esas alan bireyselle\u015ftirilmi\u015f bir programla e\u011fitim verilecek. Yeni\u015fehir Belediyesi farkl\u0131 at\u00f6lyelerle \u00e7ocuklar\u0131n potansiyellerini ortaya \u00e7\u0131kard\u0131\u011f\u0131 BETEM\u2019de Marmara \u00dcniversitesinde g\u00f6revli uzman akademisyenlerin dan\u0131\u015fmanl\u0131\u011f\u0131nda \u00e7ocuklar\u0131 gelece\u011fe haz\u0131rl\u0131yor.<br \/>\nBa\u015fkan \u00d6zyi\u011fit, \u201c\u00c7ocuklar\u0131m\u0131z\u0131n sa\u011fl\u0131kl\u0131 b\u00fcy\u00fcmesine, \u00f6\u011frenmesine ve geli\u015fmesine destek olmak i\u00e7in elimizden gelenin en iyisini yapmaya devam edece\u011fiz.\u201d<br \/>\n\u0130kinci BETEM\u2019i gezerek \u00e7ocuklarla ve aileleriyle bir araya gelen Yeni\u015fehir Belediye Ba\u015fkan\u0131 Abdullah \u00d6zyi\u011fit, \u201cErken \u00e7ocukluk d\u00f6nemi, \u00e7ocuklar\u0131m\u0131z\u0131n yeteneklerinin ve potansiyellerinin temelini olu\u015fturdu\u011fu bir d\u00f6nemdir. Bu nedenle, \u00e7ocuklar\u0131m\u0131za bu d\u00f6nemde en iyi e\u011fitimi sunmak, onlar\u0131n gelece\u011fini \u015fekillendirmek ad\u0131na b\u00fcy\u00fck bir sorumlulukla hareket ediyoruz.  Bu merkezde, \u00e7ocuklar\u0131m\u0131z becerilerini geli\u015ftirirken, ayn\u0131 zamanda mutlu bir \u00e7ocukluk ge\u00e7irme f\u0131rsat\u0131na sahip olacaklar. \u00c7ocuklar\u0131m\u0131za verdi\u011fimiz s\u00f6z\u00fc tuttuk ve ikinci BETEM&#8217;i a\u00e7man\u0131n mutlulu\u011funu ya\u015f\u0131yoruz. Bu projenin, Yeni\u015fehir&#8217;imizin ve \u00e7ocuklar\u0131m\u0131z\u0131n gelece\u011fine olumlu katk\u0131lar sunaca\u011f\u0131na inan\u0131yoruz. \u00c7ocuklar\u0131m\u0131z\u0131n sa\u011fl\u0131kl\u0131 b\u00fcy\u00fcmesine, \u00f6\u011frenmesine ve geli\u015fmesine destek olmak i\u00e7in elimizden gelenin en iyisini yapmaya devam edece\u011fiz. G\u00fcrsoy Grup Y\u00f6netim Kurulu Ba\u015fkan\u0131 Alper G\u00fcrsoy ba\u015fta olmak \u00fczere BETEM\u2019in in\u015fas\u0131nda bizlere destek veren t\u00fcm \u00e7al\u0131\u015fma arkada\u015flar\u0131m\u0131za te\u015fekk\u00fcr ediyorum.\u201d diye konu\u015ftu. <\/p>\n","protected":false},"excerpt":{"rendered":"<p>Mersin Yeni\u015fehir Belediyesinin Erken \u00c7ocukluk Geli\u015fimi Projesi kapsam\u0131nda Mente\u015f Mahallesi\u2019nde in\u015fa etti\u011fi Mehmet Sad\u0131k G\u00fcrsoy Beceri Temelli E\u011fitim Merkezi(BETEM) 2023-2024 e\u011fitim-\u00f6\u011fretim y\u0131l\u0131n\u0131n ilk g\u00fcn\u00fcnde hizmete a\u00e7\u0131ld\u0131. 3-6 ya\u015f aras\u0131ndaki \u00e7ocuklara &hellip; <a href=\"https:\/\/akdenizolaygazetesi.com\/?p=27623\" class=\"more-link\">Devam\u0131n\u0131 Oku&#8230;<\/a><\/p>\n","protected":false},"author":2,"featured_media":27624,"comment_status":"open","ping_status":"open","sticky":false,"template":"","format":"standard","meta":[],"categories":[1,2,3],"tags":[],"_links":{"self":[{"href":"https:\/\/akdenizolaygazetesi.com\/index.php?rest_route=\/wp\/v2\/posts\/27623"}],"collection":[{"href":"https:\/\/akdenizolaygazetesi.com\/index.php?rest_route=\/wp\/v2\/posts"}],"about":[{"href":"https:\/\/akdenizolaygazetesi.com\/index.php?rest_route=\/wp\/v2\/types\/post"}],"author":[{"embeddable":true,"href":"https:\/\/akdenizolaygazetesi.com\/index.php?rest_route=\/wp\/v2\/users\/2"}],"replies":[{"embeddable":true,"href":"https:\/\/akdenizolaygazetesi.com\/index.php?rest_route=%2Fwp%2Fv2%2Fcomments&post=27623"}],"version-history":[{"count":1,"href":"https:\/\/akdenizolaygazetesi.com\/index.php?rest_route=\/wp\/v2\/posts\/27623\/revisions"}],"predecessor-version":[{"id":27625,"href":"https:\/\/akdenizolaygazetesi.com\/index.php?rest_route=\/wp\/v2\/posts\/27623\/revisions\/27625"}],"wp:featuredmedia":[{"embeddable":true,"href":"https:\/\/akdenizolaygazetesi.com\/index.php?rest_route=\/wp\/v2\/media\/27624"}],"wp:attachment":[{"href":"https:\/\/akdenizolaygazetesi.com\/index.php?rest_route=%2Fwp%2Fv2%2Fmedia&parent=27623"}],"wp:term":[{"taxonomy":"category","embeddable":true,"href":"https:\/\/akdenizolaygazetesi.com\/index.php?rest_route=%2Fwp%2Fv2%2Fcategories&post=27623"},{"taxonomy":"post_tag","embeddable":true,"href":"https:\/\/akdenizolaygazetesi.com\/index.php?rest_route=%2Fwp%2Fv2%2Ftags&post=27623"}],"curies":[{"name":"wp","href":"https:\/\/api.w.org\/{rel}","templated":true}]}}