{"id":27626,"date":"2023-09-12T12:58:50","date_gmt":"2023-09-12T09:58:50","guid":{"rendered":"http:\/\/akdenizolaygazetesi.com\/?p=27626"},"modified":"2023-09-12T12:58:50","modified_gmt":"2023-09-12T09:58:50","slug":"baskan-secer-chpli-olmaktan-gurur-ve-onur-duyuyorum","status":"publish","type":"post","link":"https:\/\/akdenizolaygazetesi.com\/?p=27626","title":{"rendered":"BA\u015eKAN SE\u00c7ER: &#8220;CHP&#8217;L\u0130 OLMAKTAN GURUR VE ONUR DUYUYORUM&#8221;"},"content":{"rendered":"<p>Mersin B\u00fcy\u00fck\u015fehir Belediye Ba\u015fkan\u0131 Vahap Se\u00e7er, Cumhuriyet Halk Partisi&#8217;nin (CHP) 100. kurulu\u015f y\u0131ld\u00f6n\u00fcm\u00fc dolay\u0131s\u0131yla CHP Mersin \u0130l Ba\u015fkanl\u0131\u011f\u0131 taraf\u0131ndan d\u00fczenlenen kutlama program\u0131na kat\u0131ld\u0131.<\/p>\n<p>\u0130l Ba\u015fkanl\u0131\u011f\u0131 bah\u00e7esinde d\u00fczenlenen programa Ba\u015fkan Se\u00e7er&#8217;in yan\u0131 s\u0131ra, CHP Mersin \u0130l Ba\u015fkan\u0131 Koral \u00d6m\u00fcr, Parti Meclisi \u00dcyesi Emre Y\u0131lmaz, Mersin Milletvekilleri G\u00fclcan K\u0131\u015f, Talat Din\u00e7er ve Hasan Ufuk \u00c7ak\u0131r, Mezitli Belediye Ba\u015fkan\u0131 Ne\u015fet Tarhan, Gen\u00e7lik Kollar\u0131 Genel Ba\u015fkan Yard\u0131mc\u0131s\u0131 \u0130zzet K\u0131r\u0131lmaz, il\u00e7e ba\u015fkanlar\u0131, parti y\u00f6neticileri, meclis \u00fcyeleri, partililer, siyasi partilerin temsilcileri ve STK temsilcileri kat\u0131ld\u0131.<\/p>\n<p>Gen\u00e7lik Kollar\u0131 Mersin \u0130l Ba\u015fkan\u0131 Alk\u0131m S\u00fcmer&#8217;in CHP tarihiyle ilgili sunum yapmas\u0131yla ba\u015flayan program, Bujor Hoinic&#8217;in K\u0131l\u0131\u00e7daro\u011flu&#8217;nun Adalet Y\u00fcr\u00fcy\u00fc\u015f\u00fc&#8217;nden esinlenerek besteledi\u011fi ve partiye hediye edilen 100. Y\u0131l Cumhuriyet Mar\u015f\u0131&#8217;n\u0131n dinletilmesiyle devam etti.<\/p>\n<p>Konu\u015fmas\u0131na &#8220;Bitmeyen enerjileriyle, inan\u00e7lar\u0131yla, y\u00fcr\u00fcd\u00fc\u011f\u00fcm\u00fcz bu yolda her zaman omuz omuza kol kola oldu\u011fumuz m\u00fccadele arkada\u015flar\u0131m, do\u011fum g\u00fcn\u00fcm\u00fcz kutlu olsun&#8221; diyerek ba\u015flayan Ba\u015fkan Vahap Se\u00e7er, y\u00fcz\u00fc g\u00fclen, enerjisi y\u00fcksek insanlar\u0131n partiye g\u00fczel bir hava verdi\u011fini s\u00f6yledi.<\/p>\n<p>&#8220;CHP&#8217;li olmaktan gurur ve onur duyuyorum&#8221;<br \/>\nCHP Genel Merkezi&#8217;nde d\u00fczenlenen 100. kurulu\u015f y\u0131ld\u00f6n\u00fcm\u00fc kutlamalar\u0131na kat\u0131ld\u0131\u011f\u0131n\u0131 ve An\u0131tkabir&#8217;de Atat\u00fcrk&#8217;\u00fcn kabrine gitti\u011fini belirten Se\u00e7er, &#8220;Bizim kurucu liderimiz, Cumhuriyetimizin ve partimizin kurucusu, Ulu \u00d6nderimiz Mustafa Kemal Atat\u00fcrk&#8217;\u00fcn huzuruna \u00e7\u0131kt\u0131k. Cumhuriyet Halk Partili olmaktan gurur duyuyorum. Bu partinin bir mensubu olmaktan gurur ve \u00f6v\u00fcn\u00e7 duyuyorum. Bu partide belediye ba\u015fkanl\u0131\u011f\u0131 yapmaktan gurur ve onur duyuyorum, buradan T\u00fcrkiye duysun&#8221; dedi.<\/p>\n<p>&#8220;Partimizle, Ata&#8217;m\u0131zla, \u015fanl\u0131 tarihimizle \u00f6v\u00fcnece\u011fiz&#8221;<br \/>\nCHP&#8217;lilerin \u00e7akma hikayecilerin yazd\u0131\u011f\u0131 tarihle \u00f6v\u00fcnenlerden olmad\u0131\u011f\u0131na dikkat \u00e7eken Se\u00e7er, &#8220;Partimizle, Ata&#8217;m\u0131zla, \u015fanl\u0131 tarihimizle \u00f6v\u00fcnece\u011fiz. \u00c7akma hik\u00e2yecilerin yazd\u0131\u011f\u0131 tarih ile de\u011fil, sava\u015f meydanlar\u0131nda yaz\u0131lan tarihle, devrimleriyle, m\u00fccadeleleriyle, kurumlar\u0131yla yaz\u0131lan tarihle \u00f6v\u00fcnece\u011fiz. Buhranl\u0131 g\u00fcnlerden bu \u00fclkeyi \u00e7\u0131kartanlarla \u00f6v\u00fcnece\u011fiz. 2. D\u00fcnya Sava\u015f\u0131 buhran\u0131nda bu \u00fclkeyi sava\u015fa sokmayanlarla \u00f6v\u00fcnece\u011fiz. Bar\u0131\u015f\u0131 \u00f6nceleyenlerle, demokrasiyi bu \u00fclkeye getirenlerle, \u0130smet \u0130n\u00f6n\u00fc ile \u00f6v\u00fcnece\u011fiz&#8221; diye konu\u015ftu.<\/p>\n<p>&#8220;\u00c7ok de\u011ferli gen\u00e7lerimiz var&#8221;<br \/>\nCHP kadrolar\u0131n\u0131n \u00e7ok zengin oldu\u011funu ve gen\u00e7lerin partiye kat\u0131l\u0131m\u0131n\u0131n sa\u011flanmas\u0131n\u0131n \u00f6nemli oldu\u011funa vurgu yapan Ba\u015fkan Se\u00e7er, &#8220;\u00c7ok de\u011ferli gen\u00e7lerimiz var. Bizden \u00e7ok daha iyi birikimli hepimizin \u00e7ocuklar\u0131. \u00c7ocuklar\u0131n\u0131z sizden daha iyi e\u011fitimli, tarihi, bilimi \u00e7a\u011fda\u015fl\u0131\u011f\u0131 daha iyi biliyorlar. Onlar gelsin art\u0131k, partiye katk\u0131 versin. Onlar\u0131n \u00f6n\u00fcn\u00fc a\u00e7al\u0131m. Onlara yol g\u00f6sterici oluruz&#8221; \u015feklinde konu\u015ftu.<\/p>\n<p>&#8220;Biz dimdik ayaktay\u0131z, dimdik ayakta kalmaya da devam edece\u011fiz&#8221;<br \/>\nGenel se\u00e7imlerde elde edilen sonucun sadece aritmetik olarak bir kay\u0131p oldu\u011funun alt\u0131n\u0131 \u00e7izen Se\u00e7er, &#8220;Umut olarak, inan\u00e7 olarak kaybetmedik. Biz dimdik ayaktay\u0131z, dimdik ayakta kalmaya da devam edece\u011fiz. Bir se\u00e7im bitti, bir se\u00e7im gelecek. Demokrasiler b\u00f6yle. Zaman g\u00f6z a\u00e7\u0131p kapay\u0131ncaya kadar ge\u00e7iyor. Be\u015f y\u0131l ge\u00e7ti, yerel se\u00e7ime gidece\u011fiz, Hesap verece\u011fiz. \u00d6nce partiye. &#8216;Ne yapt\u0131n be\u015f y\u0131lda?&#8217; diye sorarlar adama. Yapt\u0131ysam bir \u015feyler, sokakta varsa bir \u015feyler &#8216;Devam et partimizi onurla, \u015ferefle temsil etmeye&#8217; diyecekler. Hep beraber adaylar\u0131m\u0131z\u0131n pe\u015finde, 13 il\u00e7emizde, B\u00fcy\u00fck\u015fehir&#8217;imizde s\u0131ms\u0131k\u0131 duraca\u011f\u0131z. \u00d6nce birlik olaca\u011f\u0131z, bunu da g\u00f6sterece\u011fiz&#8221; ifadelerini kulland\u0131.<\/p>\n<p>&#8220;CHP&#8217;liler onurlu insanlard\u0131r. Sayg\u0131y\u0131 iyi bilir ama biat\u0131 bilmez&#8221;<br \/>\nCHP&#8217;lilerin onurlu insanlar oldu\u011funu dile getiren ve parti i\u00e7i tart\u0131\u015fmalar\u0131n &#8216;Kavga ediyorlar&#8217; zannedilmemesini tavsiye eden Ba\u015fkan Se\u00e7er, &#8220;CHP&#8217;liler onurlu insanlard\u0131r. Sayg\u0131y\u0131 iyi bilir ama biat\u0131 bilmez. Dinlemeyi iyi bilir ama konu\u015fmay\u0131 da bilir. Bunu s\u00f6yleyece\u011fiz. Elbette ki sesimizi y\u00fckseltece\u011fiz. Elbette ki sinirlerimiz gerilecek, elbette ele\u015ftirece\u011fiz. Biz bir aileyiz, hep beraber olal\u0131m. Hepimiz hepimizi kucaklayaca\u011f\u0131z. Milletvekilleriniz, belediye ba\u015fkanlar\u0131n\u0131z eksik yapabilir ama bizden h\u0131rs\u0131z \u00e7\u0131kartmay\u0131z. Yetim hakk\u0131na tenezz\u00fcl edene, emek etmeyene, emek h\u0131rs\u0131zl\u0131\u011f\u0131 yapana asla taviz vermeyiz&#8221; dedi. <\/p>\n<p>&#8220;Cumhuriyet Halk Partisi t\u00fcm T\u00fcrkiye&#8217;nin partisidir&#8221;<br \/>\nT\u00fcrkiye&#8217;de oy verse de vermese de herkesin CHP&#8217;ye sahip \u00e7\u0131kmas\u0131 gerekti\u011fini vurgulayan Ba\u015fkan Se\u00e7er, &#8220;CHP; Mustafa Kemal Atat\u00fcrk ile omuz omuza m\u00fccadele etmi\u015f, \u00fclkeyi kurmu\u015f t\u00fcm atalar\u0131m\u0131z\u0131n bug\u00fcnk\u00fc torunlar\u0131n\u0131n, \u00e7ocuklar\u0131n\u0131n sahiplenmesi gereken bir partidir. Cumhuriyet Halk Partisi t\u00fcm T\u00fcrkiye&#8217;nin partisidir. CHP, iktidar u\u011fruna, siyasi ikbal u\u011fruna vatan\u0131 satmaz, i\u015f birli\u011fi yapmaz, d\u0131\u015f g\u00fc\u00e7lerle beraber y\u00fcr\u00fcmez. CHP do\u011fru bildi\u011fini yapar. Biz b\u00f6yle bir partinin mensuplar\u0131y\u0131z&#8221; ifadelerine yer verdi.<\/p>\n<p>&#8220;Hal ve \u015fart ne olursa olsun T\u00fcrkiye&#8217;de ba\u015far\u0131l\u0131 \u00e7\u0131kaca\u011f\u0131z&#8221;<br \/>\nYerel se\u00e7imlerle ilgili konu\u015fan Se\u00e7er, CHP&#8217;li belediyelerin t\u00fcm T\u00fcrkiye&#8217;de tarafl\u0131 tarafs\u0131z her kesimin takdirini ald\u0131\u011f\u0131n\u0131 kaydetti. Se\u00e7er, &#8220;Ama hal ve \u015fartlar ne olursa olsun T\u00fcrkiye&#8217;de ba\u015far\u0131l\u0131 olaca\u011f\u0131z. 11 b\u00fcy\u00fck\u015fehri kazanm\u0131\u015ft\u0131k 12, 13, 14, 15 olacak. \u00c7ok daha fazla il belediyesini, il\u00e7e belediyesini, belde belediyesini kazanaca\u011f\u0131z&#8221; dedi. Mersin&#8217;de B\u00fcy\u00fck\u015fehir Belediyesi&#8217;ni 2019 \u015fartlar\u0131ndan \u00e7ok daha iyi bir sonu\u00e7la, a\u00e7\u0131k ara farkla kazanacaklar\u0131n\u0131n alt\u0131n\u0131 \u00e7izen Se\u00e7er, &#8220;Bu ba\u015far\u0131yla olacak, ba\u015far\u0131 da \u00e7al\u0131\u015farak olacak. Hep beraber \u00e7al\u0131\u015faca\u011f\u0131z. Hep beraber el ele, kol kola, g\u00f6n\u00fcl g\u00f6n\u00fcle bir\u00e7ok ba\u015far\u0131ya imza ataca\u011f\u0131z. Tarih bizi yazacak, torunlar\u0131m\u0131z elde etti\u011fimiz ba\u015far\u0131larla gurur duyacak. Bunu \u00e7al\u0131\u015farak yapaca\u011f\u0131z. 100. ya\u015f\u0131m\u0131z kutlu olsun&#8221; dedi.<\/p>\n<p>&#8220;CHP, hep do\u011fru yolu g\u00f6sterdi ve hep daha derinlere k\u00f6k sald\u0131&#8221;<br \/>\nCHP&#8217;nin Cumhuriyet tarihi boyunca bir\u00e7ok \u00f6nemli olayda T\u00fcrkiye&#8217;yi d\u00fczl\u00fc\u011fe \u00e7\u0131kartt\u0131\u011f\u0131n\u0131 s\u00f6yleyen Mersin \u0130l Ba\u015fkan\u0131 Koral \u00d6m\u00fcr, &#8220;CHP, hep do\u011fru yolu g\u00f6sterdi ve hep daha derinlere k\u00f6k sald\u0131. Tabi ki bununla gurur duyuyoruz. Ancak bu gurur duyduklar\u0131m\u0131z\u0131n \u00f6tesinde bizim iktidara ve daha ileriye gitmeye, ba\u015far\u0131ya ihtiyac\u0131m\u0131z var. CHP&#8217;nin perspektifi iktidar olmal\u0131d\u0131r&#8221; diye konu\u015ftu.<\/p>\n<p>&#8220;T\u00fcrkiye&#8217;yi i\u00e7inden bulundu\u011fu durumdan kurtarmak gibi sorumlulu\u011fumuz var&#8221;<br \/>\nT\u00fcrkiye&#8217;yi de i\u00e7inde bulundu\u011fu durumdan kurtarman\u0131n CHP&#8217;nin sorumluluklar\u0131ndan birisi oldu\u011funa dikkat \u00e7eken \u00d6m\u00fcr, &#8220;T\u00fcrkiye&#8217;ye bir iktidar borcumuz var. Tabi ki yerel se\u00e7imlerde Mersin&#8217;den ba\u015flayarak, B\u00fcy\u00fck\u015fehir ve 13 il\u00e7emizi de kazanarak, \u00f6rg\u00fct olarak hep beraber \u00e7al\u0131\u015farak bu sorumlulu\u011fu yerine getirece\u011fiz. T\u00fcrkiye&#8217;yi i\u00e7inde bulundu\u011fu bu durumdan da kurtarmak yine bize d\u00fc\u015fecek. Ben T\u00fcrkiye&#8217;nin Cumhuriyet Halk Partisi&#8217;ne ihtiyac\u0131 oldu\u011funu, T\u00fcrkiye&#8217;ye kar\u015f\u0131 bir sorumlulu\u011fumuz oldu\u011funu unutmamam\u0131z d\u00fc\u015f\u00fcncesiyle partimizin 100. y\u0131l\u0131n\u0131 kutluyorum. Ya\u015fas\u0131n Cumhuriyet Halk Partisi, Ya\u015fas\u0131n Cumhuriyet Halk Partililer&#8221; diye konu\u015ftu.<\/p>\n<p>Kutlama program\u0131 konu\u015fmalar\u0131n ard\u0131ndan protokol \u00fcyeleri taraf\u0131ndan 100. Y\u0131l pastas\u0131 kesilmesi ve ard\u0131ndan m\u00fczik dinletisi ile sona erdi.<\/p>\n","protected":false},"excerpt":{"rendered":"<p>Mersin B\u00fcy\u00fck\u015fehir Belediye Ba\u015fkan\u0131 Vahap Se\u00e7er, Cumhuriyet Halk Partisi&#8217;nin (CHP) 100. kurulu\u015f y\u0131ld\u00f6n\u00fcm\u00fc dolay\u0131s\u0131yla CHP Mersin \u0130l Ba\u015fkanl\u0131\u011f\u0131 taraf\u0131ndan d\u00fczenlenen kutlama program\u0131na kat\u0131ld\u0131. \u0130l Ba\u015fkanl\u0131\u011f\u0131 bah\u00e7esinde d\u00fczenlenen programa Ba\u015fkan Se\u00e7er&#8217;in &hellip; <a href=\"https:\/\/akdenizolaygazetesi.com\/?p=27626\" class=\"more-link\">Devam\u0131n\u0131 Oku&#8230;<\/a><\/p>\n","protected":false},"author":2,"featured_media":27627,"comment_status":"open","ping_status":"open","sticky":false,"template":"","format":"standard","meta":[],"categories":[1,2,3,6],"tags":[],"_links":{"self":[{"href":"https:\/\/akdenizolaygazetesi.com\/index.php?rest_route=\/wp\/v2\/posts\/27626"}],"collection":[{"href":"https:\/\/akdenizolaygazetesi.com\/index.php?rest_route=\/wp\/v2\/posts"}],"about":[{"href":"https:\/\/akdenizolaygazetesi.com\/index.php?rest_route=\/wp\/v2\/types\/post"}],"author":[{"embeddable":true,"href":"https:\/\/akdenizolaygazetesi.com\/index.php?rest_route=\/wp\/v2\/users\/2"}],"replies":[{"embeddable":true,"href":"https:\/\/akdenizolaygazetesi.com\/index.php?rest_route=%2Fwp%2Fv2%2Fcomments&post=27626"}],"version-history":[{"count":1,"href":"https:\/\/akdenizolaygazetesi.com\/index.php?rest_route=\/wp\/v2\/posts\/27626\/revisions"}],"predecessor-version":[{"id":27628,"href":"https:\/\/akdenizolaygazetesi.com\/index.php?rest_route=\/wp\/v2\/posts\/27626\/revisions\/27628"}],"wp:featuredmedia":[{"embeddable":true,"href":"https:\/\/akdenizolaygazetesi.com\/index.php?rest_route=\/wp\/v2\/media\/27627"}],"wp:attachment":[{"href":"https:\/\/akdenizolaygazetesi.com\/index.php?rest_route=%2Fwp%2Fv2%2Fmedia&parent=27626"}],"wp:term":[{"taxonomy":"category","embeddable":true,"href":"https:\/\/akdenizolaygazetesi.com\/index.php?rest_route=%2Fwp%2Fv2%2Fcategories&post=27626"},{"taxonomy":"post_tag","embeddable":true,"href":"https:\/\/akdenizolaygazetesi.com\/index.php?rest_route=%2Fwp%2Fv2%2Ftags&post=27626"}],"curies":[{"name":"wp","href":"https:\/\/api.w.org\/{rel}","templated":true}]}}