{"id":27629,"date":"2023-09-13T13:15:54","date_gmt":"2023-09-13T10:15:54","guid":{"rendered":"http:\/\/akdenizolaygazetesi.com\/?p=27629"},"modified":"2023-09-13T13:15:54","modified_gmt":"2023-09-13T10:15:54","slug":"secer-uzun-yillardir-beklenen-planlanan-bir-calisma","status":"publish","type":"post","link":"https:\/\/akdenizolaygazetesi.com\/?p=27629","title":{"rendered":"SE\u00c7ER: &#8220;UZUN YILLARDIR BEKLENEN, PLANLANAN B\u0130R \u00c7ALI\u015eMA&#8221;"},"content":{"rendered":"<p>Mersin B\u00fcy\u00fck\u015fehir Belediye Ba\u015fkan\u0131 Vahap Se\u00e7er, Mersin Uluslararas\u0131 Liman \u0130\u015fletmecili\u011fi&#8217;ni (MIP) ziyaret ederek, Kap\u0131lar Projesi&#8217;nin son durumu hakk\u0131nda bilgi al\u0131p, projenin in\u015faat sahas\u0131n\u0131 inceledi.<\/p>\n<p>Ziyarette, Cumhuriyet Halk Partisi (CHP) Mersin Milletvekili G\u00fclcan K\u0131\u015f, MIP Genel M\u00fcd\u00fcr\u00fc Ajay Kumar Singh, MIP Kamu \u0130\u015fleri Komite Ba\u015fkan\u0131 Nuri Peker, MIP Kurumsal \u0130leti\u015fim M\u00fcd\u00fcr\u00fc Sevda Onba\u015fl\u0131,  Proje M\u00fcd\u00fcr\u00fc Serkan Mahmuto\u011flu ve Mersin B\u00fcy\u00fck\u015fehir Belediyesi Genel Sekreter Yard\u0131mc\u0131s\u0131 Tar\u0131k \u0130rde yer ald\u0131.<\/p>\n<p>MIP taraf\u0131ndan yap\u0131m\u0131 devam eden ve Mersin B\u00fcy\u00fck\u015fehir Belediyesi, Mersin Valili\u011fi, T\u00fcrkiye Cumhuriyeti Devlet Demiryollar\u0131, Karayollar\u0131 Genel M\u00fcd\u00fcrl\u00fc\u011f\u00fc i\u015f birli\u011finde s\u00fcrd\u00fcr\u00fclen Kap\u0131lar Projesi hakk\u0131nda yetkililerden bilgi alan Ba\u015fkan Se\u00e7er, ard\u0131ndan proje sahas\u0131nda teknik gezi ger\u00e7ekle\u015ftirdi.<\/p>\n<p>Se\u00e7er: &#8220;Uzun y\u0131llard\u0131r beklenen, planlanan bir \u00e7al\u0131\u015fma&#8221;<br \/>\n\u0130nceleme sonras\u0131 a\u00e7\u0131klamalarda bulunan Ba\u015fkan Se\u00e7er, projenin, Mersin&#8217;in do\u011fu giri\u015finde ya\u015fanan trafik sorununu ortadan kald\u0131rmak i\u00e7in son derece \u00f6nemli bir \u00e7al\u0131\u015fma oldu\u011funa dikkat \u00e7ekerek, &#8220;Kentin trafi\u011finin rahatlamas\u0131 a\u00e7\u0131s\u0131ndan bizim de son derece \u00f6nemli buldu\u011fumuz bir \u00e7al\u0131\u015fma ger\u00e7ekle\u015fmi\u015f olacak. Asl\u0131nda uzun y\u0131llard\u0131r beklenen, planlanan bir \u00e7al\u0131\u015fma. Nihayetinde bizim de katk\u0131lar\u0131m\u0131zla bize nasip olacak. Bu ay\u0131n sonunda yap\u0131lacak a\u00e7\u0131l\u0131\u015fla kap\u0131lar tamamen faaliyete girmi\u015f olacak&#8221; dedi.<\/p>\n<p>&#8220;Mersin&#8217;in do\u011fu giri\u015fi rahatlam\u0131\u015f olacak&#8221;<br \/>\nMersin&#8217;in do\u011fu giri\u015finde \u00f6zellikle Liman B Kap\u0131s\u0131&#8217;ndan limana giri\u015f yapan y\u00fck ta\u015f\u0131tlar\u0131n\u0131n trafi\u011fe b\u00fcy\u00fck sorun yaratt\u0131\u011f\u0131n\u0131 belirten Se\u00e7er, &#8220;Kentin g\u00f6r\u00fcnt\u00fcs\u00fc a\u00e7\u0131s\u0131ndan da esteti\u011fi a\u00e7\u0131s\u0131ndan da \u00e7ok ho\u015f g\u00f6r\u00fcnt\u00fcler vermiyordu. Bunu ortadan kald\u0131rma amac\u0131yla bu \u00e7al\u0131\u015fmalar ger\u00e7ekle\u015fti. Liman i\u015fletmeleri bu konuda da faaliyetini s\u00fcratli yapt\u0131. Baz\u0131 istem d\u0131\u015f\u0131 ko\u015fullardan gecikmeler oldu ama hummal\u0131 bir \u00e7al\u0131\u015fma hala devam ediyor. Bu ay\u0131n sonunda herhangi bir aksilik olmazsa kap\u0131lar a\u00e7\u0131lm\u0131\u015f olacak ve art\u0131k Liman Caddesi&#8217;nden, B Kap\u0131s\u0131&#8217;ndan ta\u015f\u0131tlar\u0131n girmesi ortadan kalk\u0131nca Mersin&#8217;in do\u011fu giri\u015fi de rahatlam\u0131\u015f olacak&#8221; diye konu\u015ftu.<\/p>\n<p>Proje tamamlan\u0131nca B\u00fcy\u00fck\u015fehir h\u0131zla \u00e7al\u0131\u015fmalara ba\u015flayacak<br \/>\nProje tamamland\u0131\u011f\u0131nda B\u00fcy\u00fck\u015fehir&#8217;in de h\u0131zla \u00e7al\u0131\u015fmalara ba\u015flayaca\u011f\u0131n\u0131 aktaran Se\u00e7er, &#8220;Biz de Mersin&#8217;in do\u011fu giri\u015fine yara\u015f\u0131r bir \u015fekilde bir d\u00fczenlemeyle yeni bir bulvar yap\u0131p, g\u00fczel bir giri\u015f haline getirece\u011fiz ve art\u0131k Mersin&#8217;in do\u011fu giri\u015finde de trafik sorunu ortadan kalkm\u0131\u015f olacak. Liman kenti Mersin&#8217;imiz i\u00e7in de, Mersin i\u00e7in \u00f6nemli olan liman i\u00e7in de \u00e7ok \u00f6nemli bir \u00e7al\u0131\u015fma oldu. Eme\u011fi ge\u00e7en herkese te\u015fekk\u00fcr ediyorum. Daha nice g\u00fczel projeleri birlikte ger\u00e7ekle\u015ftirmek dile\u011fiyle&#8221; ifadelerine yer verdi.<\/p>\n<p>Mahmuto\u011flu: &#8220;Liman d\u0131\u015f\u0131nda art\u0131k Liman ara\u00e7lar\u0131n\u0131 g\u00f6rmeyece\u011fiz&#8221;<br \/>\nBa\u015fkan Se\u00e7er&#8217;i bilgilendiren Kap\u0131lar Projesi M\u00fcd\u00fcr\u00fc Serkan Mahmuto\u011flu ise, proje d\u00e2hilinde Liman&#8217;\u0131n b\u00fct\u00fcn giri\u015flerini bir noktaya toplayacaklar\u0131n\u0131 ve bu sayede \u015fehir trafi\u011finden Liman trafi\u011fini ay\u0131rabileceklerini belirtti. D400 Karayolu&#8217;ndan art\u0131k t\u0131rlar\u0131n ge\u00e7meyece\u011fini s\u00f6yleyen Mahmuto\u011flu, &#8220;K4 Kav\u015fa\u011f\u0131&#8217;ndan itibaren b\u00fct\u00fcn Liman&#8217;a giri\u015f yap\u0131lacak olan ara\u00e7lar\u0131 yeni yapt\u0131\u011f\u0131m\u0131z yakla\u015f\u0131m yolundan i\u00e7eri almaya ba\u015flad\u0131k. \u015eu anda genel kargomuzun tamam\u0131 oradan gelmeye ba\u015flad\u0131 ve yeni kap\u0131lar\u0131m\u0131z\u0131 kullanmaya ba\u015flad\u0131lar. K\u00f6pr\u00fcm\u00fcz\u00fcn bu ay i\u00e7erisinde bitmesini planl\u0131yoruz. Bitti\u011fi zaman b\u00fct\u00fcn konteyner trafi\u011fini de yine yakla\u015f\u0131m yolundan i\u00e7eri ald\u0131\u011f\u0131m\u0131z zaman Liman d\u0131\u015f\u0131nda art\u0131k Liman ara\u00e7lar\u0131n\u0131 g\u00f6rmeyece\u011fiz. B\u00fct\u00fcn ara\u00e7lar bu yolu kullan\u0131yor olacaklar&#8221; dedi.<\/p>\n","protected":false},"excerpt":{"rendered":"<p>Mersin B\u00fcy\u00fck\u015fehir Belediye Ba\u015fkan\u0131 Vahap Se\u00e7er, Mersin Uluslararas\u0131 Liman \u0130\u015fletmecili\u011fi&#8217;ni (MIP) ziyaret ederek, Kap\u0131lar Projesi&#8217;nin son durumu hakk\u0131nda bilgi al\u0131p, projenin in\u015faat sahas\u0131n\u0131 inceledi. Ziyarette, Cumhuriyet Halk Partisi (CHP) Mersin &hellip; <a href=\"https:\/\/akdenizolaygazetesi.com\/?p=27629\" class=\"more-link\">Devam\u0131n\u0131 Oku&#8230;<\/a><\/p>\n","protected":false},"author":2,"featured_media":27630,"comment_status":"open","ping_status":"open","sticky":false,"template":"","format":"standard","meta":[],"categories":[1,2,3],"tags":[],"_links":{"self":[{"href":"https:\/\/akdenizolaygazetesi.com\/index.php?rest_route=\/wp\/v2\/posts\/27629"}],"collection":[{"href":"https:\/\/akdenizolaygazetesi.com\/index.php?rest_route=\/wp\/v2\/posts"}],"about":[{"href":"https:\/\/akdenizolaygazetesi.com\/index.php?rest_route=\/wp\/v2\/types\/post"}],"author":[{"embeddable":true,"href":"https:\/\/akdenizolaygazetesi.com\/index.php?rest_route=\/wp\/v2\/users\/2"}],"replies":[{"embeddable":true,"href":"https:\/\/akdenizolaygazetesi.com\/index.php?rest_route=%2Fwp%2Fv2%2Fcomments&post=27629"}],"version-history":[{"count":1,"href":"https:\/\/akdenizolaygazetesi.com\/index.php?rest_route=\/wp\/v2\/posts\/27629\/revisions"}],"predecessor-version":[{"id":27631,"href":"https:\/\/akdenizolaygazetesi.com\/index.php?rest_route=\/wp\/v2\/posts\/27629\/revisions\/27631"}],"wp:featuredmedia":[{"embeddable":true,"href":"https:\/\/akdenizolaygazetesi.com\/index.php?rest_route=\/wp\/v2\/media\/27630"}],"wp:attachment":[{"href":"https:\/\/akdenizolaygazetesi.com\/index.php?rest_route=%2Fwp%2Fv2%2Fmedia&parent=27629"}],"wp:term":[{"taxonomy":"category","embeddable":true,"href":"https:\/\/akdenizolaygazetesi.com\/index.php?rest_route=%2Fwp%2Fv2%2Fcategories&post=27629"},{"taxonomy":"post_tag","embeddable":true,"href":"https:\/\/akdenizolaygazetesi.com\/index.php?rest_route=%2Fwp%2Fv2%2Ftags&post=27629"}],"curies":[{"name":"wp","href":"https:\/\/api.w.org\/{rel}","templated":true}]}}