{"id":27632,"date":"2023-09-13T13:18:03","date_gmt":"2023-09-13T10:18:03","guid":{"rendered":"http:\/\/akdenizolaygazetesi.com\/?p=27632"},"modified":"2023-09-13T13:18:03","modified_gmt":"2023-09-13T10:18:03","slug":"benim-bakis-acim-cagdas-bir-imar-plani-yapmak","status":"publish","type":"post","link":"https:\/\/akdenizolaygazetesi.com\/?p=27632","title":{"rendered":"&#8220;BEN\u0130M BAKI\u015e A\u00c7IM \u00c7A\u011eDA\u015e B\u0130R \u0130MAR PLANI YAPMAK&#8221;"},"content":{"rendered":"<p>Mersin B\u00fcy\u00fck\u015fehir Belediye Ba\u015fkan\u0131 Vahap Se\u00e7er, Mersin Ticaret ve Sanayi Odas\u0131 (MTSO) 39 Nolu Emlak ve Destek Faaliyetleri Komitesi taraf\u0131ndan d\u00fczenlenen Mersin Emlak Sekt\u00f6r\u00fc E\u011fitim Semineri&#8217;ne kat\u0131ld\u0131.<\/p>\n<p>MTSO Konferans Salonu&#8217;nda ger\u00e7ekle\u015ftirilen seminere Ba\u015fkan Se\u00e7er&#8217;in yan\u0131 s\u0131ra, Cumhuriyet Halk Partisi (CHP) Mersin Milletvekili G\u00fclcan K\u0131\u015f, MTSO Ba\u015fkanvekili Cem Bucuge, MTSO Meclis Ba\u015fkan\u0131 Hamit \u0130zol, Mersin Emlak\u00e7\u0131lar Odas\u0131 Ba\u015fkan\u0131 Sinan Canpolat, 39 Nolu Emlak ve Destek Faaliyetleri Komitesi Ba\u015fkan\u0131 \u00dcmit Utku Mete, Master T\u00fcrk Grubu Ba\u015fkan\u0131 G\u00f6khan Ta\u015f, oda ba\u015fkanlar\u0131, \u00fcyeler ve emlak sekt\u00f6r\u00fcnden i\u015f insanlar\u0131 kat\u0131ld\u0131.<\/p>\n<p> &#8220;Mersin&#8217;in tan\u0131t\u0131m\u0131 emlak sekt\u00f6r\u00fcyle ba\u011flant\u0131l\u0131&#8221;<br \/>\nMersin&#8217;in tan\u0131t\u0131m\u0131n\u0131n emlak sekt\u00f6r\u00fcyle ba\u011flant\u0131l\u0131 oldu\u011funu belirten Ba\u015fkan Se\u00e7er, &#8220;\u00c7\u00fcnk\u00fc tan\u0131nmayan bir \u00fcr\u00fcne ra\u011fbet olmaz. Onun i\u00e7in milyonlarca dolar harcan\u0131r reklam yap\u0131l\u0131r. Bir \u00fcr\u00fcn \u00e7\u0131kar, bir marka olu\u015fur, \u00fcr\u00fcn \u00fcretilir, kimse bilmiyorsa rafta kal\u0131r ama biliyorsa, iyi bir ileti\u015fim kurulmu\u015fsa, topluma anlat\u0131lm\u0131\u015fsa kap\u0131\u015f kap\u0131\u015f sat\u0131l\u0131r. \u00dcretim artar, fiyatlar\u0131 artar \u00e7\u00fcnk\u00fc talep vard\u0131r. Mersin&#8217;in de\u011ferinin artmas\u0131n\u0131n temel sebebi Mersin&#8217;in hareketlili\u011fi, Mersin&#8217;in tan\u0131nma oran\u0131n\u0131n artmas\u0131d\u0131r. Mersin gibi m\u00fcstesna bir kentin belediye ba\u015fkan\u0131 olmaktan son derece mutluyum ve onurluyum&#8221; diye konu\u015ftu.<\/p>\n<p>&#8220;Mersin, Mevlana gibi herkesi kucaklad\u0131&#8221;<br \/>\nMersin&#8217;in gen\u00e7 ve kapasitesi olan bir kent oldu\u011funu vurgulayan Se\u00e7er, ancak bu kapasitelerin tam olarak kullan\u0131lamad\u0131\u011f\u0131n\u0131 kaydetti. Mersin&#8217;in g\u00fczelliklerinin ve kapasitesinin tan\u0131t\u0131lmas\u0131 gerekti\u011fine de\u011finen Ba\u015fkan Se\u00e7er, &#8220;Ne kadar \u00e7ok bas\u0131nda yer al\u0131rsan\u0131z, ne kadar \u00e7ok ba\u015far\u0131l\u0131 siyaset\u00e7i \u00e7\u0131kar\u0131rsan\u0131z, ne kadar \u00e7ok ba\u015far\u0131l\u0131 sporcu, sanat\u00e7\u0131n\u0131z olursa ne kadar \u00e7ok ba\u015far\u0131l\u0131 i\u015f insan\u0131n\u0131z olursa iyiye dair ne kadar g\u00fczel i\u015fler yaparsan\u0131z kentiniz o kadar iyi tan\u0131n\u0131r. Biz iyi tan\u0131nmak istiyoruz \u00e7\u00fcnk\u00fc iyiyiz, \u00e7\u00fcnk\u00fc g\u00fczeliz. Bu kadar rengarenk, renk c\u00fcmb\u00fc\u015f\u00fc bir demografi, huzurlu T\u00fcrkiye&#8217;de ka\u00e7 tane kent var? Herkes gayet g\u00fczel, mutlu, huzurlu. Her \u00e7e\u015fit insan var. Do\u011fu&#8217;dan, Bat\u0131&#8217;dan, Kuzey&#8217;den, G\u00fcney&#8217;den Orta Anadolu&#8217;dan, hatta Arap yar\u0131madas\u0131ndan, Kafkaslar&#8217;dan, Balkanlar&#8217;dan; herkes burada. Mersin, Mevlana gibi herkesi kucaklad\u0131&#8221; ifadelerini kulland\u0131.<\/p>\n<p>&#8220;\u00d6\u011frencilerin Mersin&#8217;i tercih etmesinde bizim uygulamalar\u0131m\u0131z\u0131n rol\u00fc b\u00fcy\u00fck&#8221;<br \/>\nEmlak sekt\u00f6r\u00fcn\u00fcn geli\u015fmesinde \u00fcniversite \u00f6\u011frencilerinin Mersin&#8217;e gelmesinin de pay\u0131 oldu\u011funu aktaran Ba\u015fkan Se\u00e7er, &#8220;Mersin&#8217;de 4 tane \u00fcniversite var; iki vak\u0131f, iki devlet \u00fcniversitesi, bir tanesi yeni a\u00e7\u0131ld\u0131 ve h\u0131zla geli\u015fiyor. Mersin \u00dcniversitesi&#8217;ne ra\u011fbet artt\u0131. Belediyemizin uygulamalar\u0131n\u0131n \u00e7ok b\u00fcy\u00fck bir rol\u00fc var. Bunu siyasi bir reklam olarak almay\u0131n. T\u00fcrkiye&#8217;nin neresinde 1 TL \u00f6\u011frenci otob\u00fcs\u00fc fiyat\u0131; nerede 6 liraya yemek al\u0131yor. Nerede \u00e7ama\u015f\u0131rhaneye gidiyor, \u00e7ay\u0131n\u0131 kahvesini i\u00e7iyor, \u00e7ama\u015f\u0131r\u0131n\u0131 y\u0131k\u0131yor para \u00f6demiyor, hangi okuma salonuna giriyor, \u00e7ay kahve i\u00e7iyor, \u00e7orbas\u0131n\u0131 bedava i\u00e7iyor, isterse 6 liraya yemek al\u0131yor, belediyenin yeme\u011fini yiyor. 24 saat a\u00e7\u0131k okuma salonunda ders \u00e7al\u0131\u015f\u0131yor. \u00c7ocuk evinde sobas\u0131n\u0131 yak\u0131yor mu ki, oraya geliyor. O kadar \u00e7ok ra\u011fbet var ki randevuya ba\u011flad\u0131k ve iki saati ge\u00e7emiyor&#8221; dedi.<\/p>\n<p>&#8220;Benim bak\u0131\u015f a\u00e7\u0131m \u00e7a\u011fda\u015f bir imar plan\u0131 yapmak&#8221;<br \/>\nKendisine sorulan 1\/5000&#8217;lik ve 1\/1000&#8217;lik planlarla ilgili de konu\u015fan Ba\u015fkan Se\u00e7er, &#8220;Bu \u00e7al\u0131\u015fmalar 25 y\u0131ld\u0131r yap\u0131lan \u00e7al\u0131\u015fmalar. 4 y\u0131ld\u0131r g\u00f6revdeyiz. Ben bu kenti liyakatli kadrolarla y\u00f6netiyorum. Bu para tamam g\u00fczel de, bilin\u00e7siz bir adama oy verdi\u011finizde bu paray\u0131 bat\u0131r\u0131r. Bilin\u00e7li adamla olacak, projeler yapacak&#8221; dedi. B\u00fcy\u00fck\u015fehir&#8217;in imar planlar\u0131n\u0131 bu y\u0131l i\u00e7erisinde tamamlad\u0131\u011f\u0131n\u0131 belirten Se\u00e7er, &#8220;1\/5000&#8217;lik planlar Mersin B\u00fcy\u00fck\u015fehir Belediyesi&#8217;ne ait. Yeni\u015fehir ve Mezitli&#8217;de bitti. Toroslar&#8217;da bir ya da iki etap \u015fu anda g\u00f6r\u00fc\u015f\u00fcl\u00fcyor. Akdeniz&#8217;i iki etaba b\u00f6ld\u00fck; Deli\u00e7ay-Mersin taraf\u0131, Deli\u00e7ay-Tarsus taraf\u0131. Deli\u00e7ay-Mersin taraf\u0131n\u0131 bitirdik. Yeni\u015fehir ve Mezitli konutlar\u0131 bitti. Toroslar konutun \u00f6nemli bir k\u0131sm\u0131 bitti. Anamur&#8217;un, Silifke&#8217;nin 1\/5 binli\u011fini yapt\u0131k&#8221; ifadelerini kulland\u0131.<\/p>\n<p>Se\u00e7er, yaylalarda ise imar plan\u0131 olmad\u0131\u011f\u0131na dikkat \u00e7ekerek, &#8220;Geliyorlar, mevcut yasalara g\u00f6re yaylalarda evlerini konduruyorlar, plans\u0131z bir \u015fehir gibi olup, yayla olmaktan \u00e7\u0131k\u0131yor. Yaylalara da ba\u015flad\u0131k, 1\/5000&#8217;liklerini yap\u0131yoruz. Bunlar zaman al\u0131yor. Paran\u0131n oldu\u011fu yerde i\u015f yapmak, rant\u0131n oldu\u011fu yerde i\u015f yapmak kolay de\u011fil. Boyac\u0131 k\u00fcp\u00fc de\u011fil ki bat\u0131r \u00e7\u0131kar boyand\u0131 de. Hangi vicdanla imza ataca\u011f\u0131m, bir kalem oynatmak, bir yo\u011funluk oynatmak milyonlarca lira&#8221; diye konu\u015ftu. B\u00fcy\u00fck\u015fehir Belediyesi olarak t\u00fcm il\u00e7elerde imar planlar\u0131 ile ilgili \u00e7al\u0131\u015fmalar\u0131 s\u00fcrd\u00fcrd\u00fcklerini ifade eden Ba\u015fkan Se\u00e7er, merkez il\u00e7eler olan Yeni\u015fehir, Akdeniz, Toroslar ve Mezitli&#8217;nin 1\/1000&#8217;lik planlar\u0131n\u0131n da bir\u00e7ok noktada tamamland\u0131\u011f\u0131n\u0131n bilinmesini istedi\u011fini s\u00f6yledi.<\/p>\n<p>1\/1000&#8217;lik binlik planlar uygulanan imar planlar\u0131n\u0131n il\u00e7e belediyelerine ait oldu\u011funu da s\u00f6yleyen Ba\u015fkan Se\u00e7er, &#8220;Benim bak\u0131\u015f a\u00e7\u0131m \u00e7a\u011fda\u015f bir imar plan\u0131 yapmak;  rant\u0131 d\u00fc\u015f\u00fcnmemek. Rant olmaz de\u011fil her hareketimiz rantt\u0131r.  S\u0131k\u0131nt\u0131, rant\u0131n haks\u0131z b\u00f6l\u00fc\u015f\u00fclmesi. Benim halk\u0131m bu ranttan alm\u0131yorsa, \u00fc\u00e7 tane arsa spek\u00fclat\u00f6r\u00fcn\u00fcn cebine giriyorsa benim vicdan\u0131m kabul etmez. Onu nas\u0131l imzalayay\u0131m, kim ne derse desin anlat\u0131r\u0131m her yerde&#8221; dedi.<\/p>\n<p>Konut fiyatlar\u0131 hakk\u0131nda: &#8220;Bunlar suni fiyatlar&#8221;<br \/>\nKonut fiyatlar\u0131nda ki art\u0131\u015f\u0131 de\u011ferlendiren Ba\u015fkan Se\u00e7er, fiyatlar\u0131n &#8216;suni&#8217; oldu\u011fu tahmininde bulundu\u011funu belirterek &#8220;\u00c7\u00fcnk\u00fc ekonomik dengeler, pandemi, siyasi gerilimler, se\u00e7imler, ekonomiyi alt \u00fcst etti. Yurtd\u0131\u015f\u0131n\u0131n bize bak\u0131\u015f\u0131n\u0131 olumsuz etkiledi. Para gelmeyince, g\u00fcven olmay\u0131nca, g\u00fcvenin olmad\u0131\u011f\u0131 yere sermaye gelmez. Kavga olan yere hi\u00e7 gelmez. Durum bundan ibaret. Biz de muztaribiz, vatanda\u015fta. \u015eimdi kim ka\u00e7 paraya ne sat\u0131yor herhalde kimse fark\u0131nda de\u011fil. B\u00fcy\u00fck dengesizlik var&#8221; dedi.<\/p>\n<p>&#8220;Mesle\u011finizin yasal mevzuat \u00e7er\u00e7evesinde olmas\u0131 laz\u0131m&#8221;<br \/>\nGayrimenkul Dan\u0131\u015fmanl\u0131\u011f\u0131 mesle\u011fini muteber insanlar\u0131n yapmas\u0131 gerekti\u011fine i\u015faret eden Se\u00e7er, &#8220;Bu konuda parlamentoda da bir d\u00fczenleme yap\u0131lmas\u0131 laz\u0131m. Bu i\u015fler, istekle, niyetle olmaz. Bir yasal mevzuat \u00e7er\u00e7evesinde olmas\u0131 laz\u0131m. Bu insan\u0131n bir kere muteber olmas\u0131 laz\u0131m. Bu zaten b\u00fct\u00fcn mesleklerde istenen bir etik durumdur ama sizin bunu kontrol alt\u0131nda tutman\u0131z laz\u0131m. Bu da sizin \u00e7abalar\u0131n\u0131zla olur. Bug\u00fcnk\u00fc \u00e7aban\u0131z \u00f6nemlidir.&#8221; diye konu\u015ftu.<\/p>\n<p>&#8220;2.d\u00f6nemimiz i\u00e7in halk\u0131m\u0131za sosyal konut projeksiyonu sunaca\u011f\u0131z&#8221;<br \/>\nMersinde konut yapacak arsa sorununun a\u015f\u0131ld\u0131\u011f\u0131n\u0131, l\u00fcks, orta ve orta \u00fcst gelirliler i\u00e7inde konut sorunu olmad\u0131\u011f\u0131n\u0131n alt\u0131n\u0131 \u00e7izen Ba\u015fkan Se\u00e7er, &#8220;Mersinde sosyal konut sorunu var, b\u00fct\u00fcn mesele bu. Bu kadar dengesizlik olmaz. Gelir da\u011f\u0131l\u0131m\u0131, adaletsizlik, gelir gidere yetmiyor ama fiyatlar da tamamen k\u00f6p\u00fck fiyatlar. Bunlar\u0131n zaman i\u00e7inde dengeye oturaca\u011f\u0131n\u0131 d\u00fc\u015f\u00fcn\u00fcyorum. Son s\u00f6z olarak sosyal konut konusunda bir \u015fey s\u00f6ylemek istiyorum. 2. d\u00f6nem belediye ba\u015fkanl\u0131\u011f\u0131mda, mutlaka kazanaca\u011f\u0131z, siyaset iddia i\u015fidir, takdiri halk verecek. Belediyeler sosyal konut yap\u0131p satmaz, kiraya da verebilir. Bunun modelleri var. Bu konuda da arkada\u015flar \u00e7al\u0131\u015f\u0131yor. Yapal\u0131m bin, 2 bin, 5 bin sosyal konut, belediye olarak bunlar\u0131 kiraya verelim, biraz rahatlatal\u0131m. Bunun i\u00e7in \u00e7al\u0131\u015fmalar\u0131m\u0131z\u0131 s\u00fcrd\u00fcr\u00fcyoruz&#8221; ifadelerini kulland\u0131.<\/p>\n<p>K\u0131\u015f: &#8220;1\/5000&#8217;lik planlarda ciddi anlamda bir yol kat ettik&#8221;<br \/>\nCHP Mersin Milletvekili G\u00fclcan K\u0131\u015f da, &#8220;Kentin planlar\u0131 ile ilgili \u00e7al\u0131\u015fmalarda Vahap Ba\u015fkan\u0131m\u0131z\u0131n \u00e7al\u0131\u015fmalar\u0131na yakinen tan\u0131k olanlardan biriyim. \u00c7\u00fcnk\u00fc ben de 4.5 y\u0131l boyunca imar komisyonunda g\u00f6rev yapm\u0131\u015f olan bir arkada\u015f\u0131n\u0131z\u0131m. \u00d6zellikle kentin planlar\u0131yla ilgili Vahap Ba\u015fkan\u0131m\u0131z\u0131n titiz ve hassas \u00e7al\u0131\u015fmalar\u0131 noktas\u0131nda bizler \u0130mar Komisyonu olarak \u00e7ok \u00e7al\u0131\u015fma y\u00fcr\u00fctt\u00fck. 1\/5000&#8217;lik planlarda ciddi anlamda bir yol kat ettik ve art\u0131k 1\/1000&#8217;lik plan \u00e7al\u0131\u015fmalar\u0131yla da bu s\u00fcre\u00e7 tamamlanaca\u011f\u0131 noktas\u0131nday\u0131z&#8221; diye konu\u015ftu.<\/p>\n<p>Bucuge: &#8220;Sekt\u00f6r\u00fcm\u00fcz gizli bir fabrikas\u0131 olmayan baca gibi&#8221;<br \/>\nEmlak ve in\u015faat sekt\u00f6r\u00fcn\u00fcn her ge\u00e7en g\u00fcn daha da b\u00fcy\u00fcme kaydetti\u011fini ve b\u00fcy\u00fck bir potansiyel ta\u015f\u0131d\u0131\u011f\u0131n\u0131 belirten MTSO Ba\u015fkanvekili Cem Bucuge ise, &#8220;\u0130n\u015faat ve emlak sekt\u00f6r\u00fcnde 2022 verilerine g\u00f6re 4 bin 512 ki\u015fi faaliyet g\u00f6steriyor. Ge\u00e7en seneye g\u00f6re y\u00fczde 13&#8217;l\u00fck bir art\u0131\u015f anlam\u0131na geliyor. Emlak ve in\u015faat sekt\u00f6r\u00fcnde istihdam edilen ki\u015fi say\u0131s\u0131 ise 73 bin 219. Bu da bir \u00f6nceki y\u0131la g\u00f6re y\u00fczde 24&#8217;l\u00fck bir art\u0131\u015f anlam\u0131na geliyor. Bir fabrika a\u00e7\u0131ld\u0131\u011f\u0131nda 500 ki\u015fi veya bin ki\u015fi istihdam edildi\u011finde \u00e7ok ciddi bir rakam olarak nitelendirilir. Sekt\u00f6r\u00fcm\u00fczde asl\u0131nda bir bacas\u0131z fabrika olarak nitelendirilebilir&#8221; dedi.<\/p>\n<p>&#8220;\u00dc\u00e7 d\u00f6nemdir kanayan yara olan imar plan\u0131n\u0131 b\u00fcy\u00fck bir m\u00fczakere ile \u00e7\u00f6zd\u00fck&#8221;<br \/>\nMersin&#8217;de son zamanlarda emlak fiyatlar\u0131n\u0131n \u00e7ok u\u00e7uk rakamlara do\u011fru evrildi\u011fini belirten Bucuge, konutlarla ilgili sosyal patlaman\u0131n ya\u015fand\u0131\u011f\u0131n\u0131 anlatarak, konutlarda ciddi taleplerin oldu\u011funu ancak bunu kar\u015f\u0131layacak konut ihtiyac\u0131n\u0131n ve \u00e7\u00f6z\u00fcm noktas\u0131 konusunda da insanlar\u0131n sorun ya\u015fad\u0131\u011f\u0131n\u0131 aktard\u0131. Ayl\u0131k ev kiralar\u0131n\u0131n ortalama 15 binin \u00fczerine \u00e7\u0131kt\u0131\u011f\u0131n\u0131 vurgulayan Bucuge, &#8220;Asgari \u00fccret alan bir ki\u015fi bunu kar\u015f\u0131layamayacaksa o zaman h\u00fck\u00fcmetin, devletin ya da yerelde belediyelerin bu konuya TOK\u0130 tarz\u0131 sosyal konutlarla el atmas\u0131 laz\u0131m&#8221; dedi. Mersin&#8217;de y\u00fcr\u00fct\u00fclen imar planlar\u0131yla ilgili de konu\u015fan Bucuge, &#8220;Ba\u015fkan\u0131m\u0131z Vahap Se\u00e7er&#8217;e \u00e7ok te\u015fekk\u00fcr ediyorum. Takribi olarak, \u00fc\u00e7 d\u00f6nemdir kanayan yara olan 1\/5000&#8217;lik naz\u0131m imar plan\u0131n\u0131 b\u00fcy\u00fck bir \u00e7abayla, iyi bir m\u00fczakereyle ge\u00e7irdiler&#8221; \u015feklinde konu\u015ftu.<\/p>\n<p>\u0130zol: &#8220;Mersin&#8217;in de\u011ferinin artmas\u0131n\u0131n en b\u00fcy\u00fck nedenlerden biri Vahap Se\u00e7er ba\u015fkan\u0131m\u0131zd\u0131r&#8221;<br \/>\nMTSO Meclis Ba\u015fkan\u0131 Hamit \u0130zol ise, Mersin&#8217;in \u00e7ok de\u011ferli bir kent oldu\u011funu ve Mersin&#8217;in de\u011fer kazanmas\u0131nda Ba\u015fkan Se\u00e7er&#8217;in b\u00fcy\u00fck bir pay\u0131 oldu\u011funu vurgulayarak, &#8220;Mersin&#8217;in kalabal\u0131kla\u015fmas\u0131n\u0131n ve de\u011ferinin artmas\u0131n\u0131n en b\u00fcy\u00fck nedenlerden biri de Vahap Se\u00e7er ba\u015fkan\u0131m\u0131zd\u0131r. Bir \u015fehre bakarsan\u0131z, \u015fehri temiz tutarsan\u0131z, \u015fehre, insanlara iyi davran\u0131rsan\u0131z, insanlar\u0131n i\u015fini g\u00f6r\u00fcrseniz, kimsenin \u00f6n\u00fcn\u00fc t\u0131kamaz, a\u00e7arsan\u0131z o \u015fehir de\u011ferlenir. \u015eehrimizin daha \u00e7ok de\u011fer kazanmas\u0131 ve bundan sonra da bu \u015fehirde birlik beraberli\u011fimizi sa\u011flamam\u0131z, g\u00fczellikler i\u00e7inde ya\u015famam\u0131z\u0131 sa\u011flayan Vahap Ba\u015fkan\u0131m\u0131za tekrar te\u015fekk\u00fcr ediyoruz&#8221; dedi.<\/p>\n<p>Canpolat: &#8220;Mesle\u011fimiz, 150 bin esnafa ekmek kap\u0131s\u0131 a\u00e7an bir meslektir&#8221;<br \/>\nMersin Emlak\u00e7\u0131lar Odas\u0131 Ba\u015fkan\u0131 Sinan Canpolat ise, &#8220;Bizim mesle\u011fimiz T\u00fcrkiye&#8217;de lokomotif olan, T\u00fcrkiye&#8217;nin karlar\u0131n\u0131 d\u00f6nd\u00fcren bir meslektir. 300 i\u015f kolunu bar\u0131nd\u0131ran 150 bin esnafa ekmek kap\u0131s\u0131 a\u00e7an bir meslektir. Bizim her hal\u00fckarda \u00f6nemsenmemiz ve dikkate al\u0131nmam\u0131z gerekmektedir&#8221; dedi.<\/p>\n<p>Mete: &#8220;Ba\u015fkan\u0131m\u0131z\u0131n sayesinde 4 senede Mersinimizde b\u00fcy\u00fck de\u011fi\u015fiklikler oldu&#8221;<br \/>\n39 No&#8217;lu Emlak ve Destek Faaliyetleri Komitesi Ba\u015fkan\u0131 \u00dcmit Utku Mete de &#8220;B\u00fcy\u00fck\u015fehir Belediye Ba\u015fkan\u0131m\u0131z\u0131n sayesinde 4 senede Mersinimizde b\u00fcy\u00fck de\u011fi\u015fiklikler oldu. Biz buraya se\u00e7imle geldik, g\u00f6rev edindik, bu g\u00f6revi de lay\u0131\u011f\u0131yla yapmaya \u00e7al\u0131\u015f\u0131yoruz&#8221; ifadelerini kulland\u0131.<\/p>\n<p>Konu\u015fmalar\u0131n ard\u0131ndan gayrimenkul sekt\u00f6r\u00fcn\u00fcn duayenlerinden G\u00f6khan Ta\u015f, Ba\u015fkan Se\u00e7er&#8217;e imzal\u0131 kitab\u0131n\u0131 hediye etti. Ard\u0131ndan seminere katk\u0131lar\u0131ndan \u00f6t\u00fcr\u00fc, aralar\u0131nda Ba\u015fkan Se\u00e7er&#8217;in de bulundu\u011fu kat\u0131l\u0131mc\u0131lara plaket takdim edildi.<\/p>\n","protected":false},"excerpt":{"rendered":"<p>Mersin B\u00fcy\u00fck\u015fehir Belediye Ba\u015fkan\u0131 Vahap Se\u00e7er, Mersin Ticaret ve Sanayi Odas\u0131 (MTSO) 39 Nolu Emlak ve Destek Faaliyetleri Komitesi taraf\u0131ndan d\u00fczenlenen Mersin Emlak Sekt\u00f6r\u00fc E\u011fitim Semineri&#8217;ne kat\u0131ld\u0131. MTSO Konferans Salonu&#8217;nda &hellip; <a href=\"https:\/\/akdenizolaygazetesi.com\/?p=27632\" class=\"more-link\">Devam\u0131n\u0131 Oku&#8230;<\/a><\/p>\n","protected":false},"author":2,"featured_media":27633,"comment_status":"open","ping_status":"open","sticky":false,"template":"","format":"standard","meta":[],"categories":[1,2,3],"tags":[],"_links":{"self":[{"href":"https:\/\/akdenizolaygazetesi.com\/index.php?rest_route=\/wp\/v2\/posts\/27632"}],"collection":[{"href":"https:\/\/akdenizolaygazetesi.com\/index.php?rest_route=\/wp\/v2\/posts"}],"about":[{"href":"https:\/\/akdenizolaygazetesi.com\/index.php?rest_route=\/wp\/v2\/types\/post"}],"author":[{"embeddable":true,"href":"https:\/\/akdenizolaygazetesi.com\/index.php?rest_route=\/wp\/v2\/users\/2"}],"replies":[{"embeddable":true,"href":"https:\/\/akdenizolaygazetesi.com\/index.php?rest_route=%2Fwp%2Fv2%2Fcomments&post=27632"}],"version-history":[{"count":1,"href":"https:\/\/akdenizolaygazetesi.com\/index.php?rest_route=\/wp\/v2\/posts\/27632\/revisions"}],"predecessor-version":[{"id":27634,"href":"https:\/\/akdenizolaygazetesi.com\/index.php?rest_route=\/wp\/v2\/posts\/27632\/revisions\/27634"}],"wp:featuredmedia":[{"embeddable":true,"href":"https:\/\/akdenizolaygazetesi.com\/index.php?rest_route=\/wp\/v2\/media\/27633"}],"wp:attachment":[{"href":"https:\/\/akdenizolaygazetesi.com\/index.php?rest_route=%2Fwp%2Fv2%2Fmedia&parent=27632"}],"wp:term":[{"taxonomy":"category","embeddable":true,"href":"https:\/\/akdenizolaygazetesi.com\/index.php?rest_route=%2Fwp%2Fv2%2Fcategories&post=27632"},{"taxonomy":"post_tag","embeddable":true,"href":"https:\/\/akdenizolaygazetesi.com\/index.php?rest_route=%2Fwp%2Fv2%2Ftags&post=27632"}],"curies":[{"name":"wp","href":"https:\/\/api.w.org\/{rel}","templated":true}]}}