{"id":27638,"date":"2023-09-13T13:23:42","date_gmt":"2023-09-13T10:23:42","guid":{"rendered":"http:\/\/akdenizolaygazetesi.com\/?p=27638"},"modified":"2023-09-13T13:23:42","modified_gmt":"2023-09-13T10:23:42","slug":"buyuksehirin-rehber-ogretmenlerinden-velilere-onemli-tavsiyeler","status":"publish","type":"post","link":"https:\/\/akdenizolaygazetesi.com\/?p=27638","title":{"rendered":"B\u00dcY\u00dcK\u015eEH\u0130R&#8217;\u0130N REHBER \u00d6\u011eRETMENLER\u0130NDEN VEL\u0130LERE \u00d6NEML\u0130 TAVS\u0130YELER"},"content":{"rendered":"<p>Mersin B\u00fcy\u00fck\u015fehir Belediyesi Sosyal Hizmetler Dairesi b\u00fcnyesinde hizmet veren E\u011fitim ve \u00d6\u011fretimi Destekleme Kurs Merkezi Akdeniz \u015eubesi&#8217;nde rehber \u00f6\u011fretmen olarak g\u00f6rev yapan Rukiye T\u00fcrk, \u00e7ocu\u011fu okula yeni ba\u015flayacak velilere \u00f6nemli tavsiyelerde bulundu. T\u00fcrk, ayr\u0131ca \u00fcst s\u0131n\u0131fa ge\u00e7en \u00e7ocuklar\u0131n velilerine de \u00f6nerilerde bulundu.<\/p>\n<p>Ailelerin, \u00e7ocuklar\u0131na okula al\u0131\u015fma konusunda zaman tan\u0131mas\u0131 gerekti\u011fini s\u00f6yleyen T\u00fcrk, s\u00fcrecin sa\u011fl\u0131kl\u0131 y\u00f6netilmesi sayesinde ya\u015fanan baz\u0131 sorunlar\u0131n daha rahat atlat\u0131labilece\u011fini aktard\u0131. Okula yeni ba\u015flayan \u00e7ocuklarda \u00f6zellikle anneden ayr\u0131lma kayg\u0131s\u0131, isteksizlik, motivasyon kayb\u0131 gibi semptomlar\u0131n da g\u00f6r\u00fclebilece\u011fini de ifade eden T\u00fcrk, okul kayg\u0131s\u0131 ya\u015fayan \u00e7ocuklar\u0131n farkl\u0131 tav\u0131rlar sergilemelerinin normal oldu\u011funu kaydetti. T\u00fcrk, velilerde en \u00f6nemli noktan\u0131n empati yapmak oldu\u011funu s\u00f6yleyerek, \u00e7ocu\u011fun duygular\u0131na sayg\u0131 g\u00f6sterilmesi gerekti\u011fini aktard\u0131.<\/p>\n<p>&#8220;Veliler, kayg\u0131lar\u0131n\u0131 \u00e7ocuklar\u0131na yans\u0131tmamal\u0131&#8221;<br \/>\nRehber \u00d6\u011fretmen Rukiye T\u00fcrk, bu s\u00fcre\u00e7te velilerin de en az \u00f6\u011frenciler kadar heyecanl\u0131 ve kayg\u0131l\u0131 oldu\u011funu belirterek, &#8220;\u00d6\u011frencilerin bu s\u00fcre\u00e7te kayg\u0131 ya\u015famas\u0131nda velilerin ya\u015fad\u0131\u011f\u0131 duygular da \u00e7ok etkili oluyor. Bazen velilerimiz, ya\u015fad\u0131klar\u0131 kayg\u0131y\u0131 fark\u0131nda olmadan yans\u0131tabiliyorlar ve sosyal \u00f6\u011frenme sonucu \u00e7ocuk da ayn\u0131 duyguyu daha fazla besleyip b\u00fcy\u00fctebiliyor&#8221; dedi.<\/p>\n<p>&#8220;Okulun ne kadar gerekli oldu\u011fu anlat\u0131lmal\u0131&#8221;<br \/>\nOkul \u00f6ncesi s\u00fcre\u00e7te \u00e7ocuklara baz\u0131 konular\u0131n anlat\u0131lmas\u0131 gerekti\u011fini aktaran T\u00fcrk, &#8220;Bu s\u00fcre\u00e7te \u00f6\u011frenciye okulun ne kadar gerekli oldu\u011fu, okulda neler \u00f6\u011frenildi\u011fi a\u00e7\u0131klanmal\u0131. \u0130lk oryantasyon s\u00fcrecinde g\u00fcven duydu\u011fu bir velinin ona e\u015flik etmesi \u00e7ok k\u0131ymetli. Veliler, kendilerinin de okul deneyimleri oldu\u011funu dile getirmeli ve tutamayaca\u011f\u0131 s\u00f6zler vermemeli. \u00d6rne\u011fin; &#8216;ben okul d\u0131\u015f\u0131nda bekleyece\u011fim, hi\u00e7bir yere gitmeyece\u011fim&#8217; ya da &#8216;seni okuldan hemen geri alaca\u011f\u0131m&#8217; gibi c\u00fcmleler s\u00f6ylememeli&#8221; diye konu\u015ftu.<\/p>\n<p>T\u00fcrk, \u00e7ocuklar\u0131n okulda, evde oldu\u011fundan farkl\u0131 davran\u0131\u015flar i\u00e7ine girebilece\u011fini de hat\u0131rlatarak, &#8220;Kendi ya\u015f\u0131tlar\u0131 ile ileti\u015fimi, ebeveynleriyle olan ileti\u015fimiyle ayn\u0131 olmuyor. Agresifle\u015febiliyorlar, i\u00e7lerine kapanabiliyorlar, ileti\u015fimleri tamamen de\u011fi\u015febiliyor. Bu her \u00e7ocu\u011fun kendi \u00f6zelli\u011fiyle de\u011fi\u015febilen bir \u015fey. Her \u00e7ocuk i\u00e7in b\u00f6yledir, bunu hisseder diyemeyiz. \u00d6ncelikle veliler \u00e7ocuklar\u0131n duygular\u0131n\u0131 kabul etmeliler. &#8216;Evde farkl\u0131, okulda farkl\u0131 davran\u0131yorsun. Bu sen de\u011filsin&#8217; gibi c\u00fcmleler s\u00f6ylenmemeli. Veliler, \u00e7ocu\u011fun hissetti\u011fi \u015feyleri anlad\u0131klar\u0131n\u0131n alt\u0131n\u0131 \u00e7izerlerse, \u00e7ocuk duygusunu sa\u011fl\u0131kl\u0131 bir \u015fekilde ya\u015far ve duygunun s\u00fcrecini uzatmaz. Ama s\u00fcrekli olumsuz geri bildirimlerde bulunulursa \u00e7ocuk bu sefer evdeki ilgisinden mahrum kalmamak i\u00e7in okula dair daha olumsuz tutumlar sergileyebilir&#8221; ifadelerini kulland\u0131.<\/p>\n<p>&#8220;Okul al\u0131\u015fveri\u015finin \u00e7ocukla birlikte yap\u0131lmas\u0131 gerekiyor&#8221;<br \/>\n\u00c7ocu\u011fun okula al\u0131\u015fabilmesi i\u00e7in bir di\u011fer \u00f6nemli noktay\u0131 da payla\u015fan T\u00fcrk, &#8220;\u00c7ocu\u011fun aidiyet duygusunu beslemek i\u00e7in okul al\u0131\u015fveri\u015finin kesinlikle birlikte yap\u0131lmas\u0131 gerekiyor. Se\u00e7imlerin \u00e7ocu\u011fa b\u0131rak\u0131lmas\u0131 gerekiyor. B\u00fct\u00e7enin ne oldu\u011fu \u00e7ocu\u011fa a\u00e7\u0131k a\u00e7\u0131k iletilmeli ve se\u00e7im \u00e7ocu\u011fa b\u0131rak\u0131lmal\u0131&#8221; dedi.<\/p>\n<p>T\u00fcrk, velilerin, \u00e7ocuklar\u0131yla empati yapmas\u0131n\u0131n ve bu y\u00f6nde c\u00fcmleler kurmas\u0131n\u0131n \u00e7ocu\u011fu rahatlataca\u011f\u0131n\u0131 aktararak, &#8220;Okul, \u00e7ocuklar i\u00e7in ikinci bir ev evet ama o g\u00fcveni sa\u011flayabilmek gerekiyor. Okulla ya da i\u015fleyecekleri derslerle ilgili ne kadar bilgi sahibiyseniz \u00e7ocuk size g\u00fcvendi\u011fi i\u00e7in okula dair, o fiziki ko\u015fullara dair de \u00e7ok b\u00fcy\u00fck bir g\u00fcven sa\u011fl\u0131yor ve olumsuz duygular\u0131 en aza indirgiyor&#8221; diye konu\u015ftu.<\/p>\n<p>\u00dcst s\u0131n\u0131fa ge\u00e7en \u00f6\u011frenciler de adaptasyon s\u00fcreci ya\u015f\u0131yor<br \/>\nT\u00fcrk, ilkokula ba\u015flayacaklar\u0131n yan\u0131 s\u0131ra bir \u00fcst s\u0131n\u0131fa ge\u00e7en \u00f6\u011frencilerin de tatil d\u00f6n\u00fc\u015f\u00fc zorland\u0131\u011f\u0131n\u0131 s\u00f6yledi. Zorlanmamak i\u00e7in yap\u0131lmas\u0131 gerekenleri payla\u015fan T\u00fcrk, &#8220;\u00d6ncelikle bu yaz tatilinin sonlar\u0131na do\u011fru bir uyku d\u00fczeninin olu\u015fturulmas\u0131 gerekiyor. \u00c7ocuklar sabah uyanmakta zorland\u0131klar\u0131 i\u00e7in odaklanmakta da zorlanabiliyorlar ve uzun s\u00fcre v\u00fccudun tembelli\u011finden sonra 5-6 saat bir ders ortam\u0131nda oturmak \u00e7ocuklar\u0131 \u00e7ok zorlayabiliyor. \u00d6nceki senelerden ya\u015fan\u0131lan olumlu deneyimlere de\u011finilebilir. Ba\u015far\u0131l\u0131 oldu\u011fu dersler hakk\u0131nda konu\u015fulabilir. Her \u00e7ocu\u011fun \u00f6yle ya da b\u00f6yle ba\u015far\u0131l\u0131 oldu\u011fu, keyif ald\u0131\u011f\u0131 en az bir tane ders vard\u0131r. Onlara odaklan\u0131labilir. Bu s\u00fcre\u00e7te okulu olumlamak \u00e7ok k\u0131ymetli&#8221; ifadelerini kulland\u0131.<\/p>\n<p>&#8220;\u00d6\u011frencilerimizin sorun ya\u015famamalar\u0131 i\u00e7in \u00f6nleyici e\u011fitim sa\u011fl\u0131yoruz&#8221;<br \/>\nB\u00fcy\u00fck\u015fehir Belediyesi&#8217;nin Kurs Merkezi&#8217;ne gelen \u00f6\u011frenciler i\u00e7in de al\u0131\u015fma s\u00fcreci oldu\u011funu ve bu s\u00fcre\u00e7te \u00f6\u011frencilerin yan\u0131nda olduklar\u0131n\u0131 da aktaran T\u00fcrk, \u015funlar\u0131 s\u00f6yledi:<br \/>\n&#8220;Bizler de Kurs Merkezleri olarak hem LGS hem YKS grubuyla birlikte \u00e7al\u0131\u015f\u0131yoruz ve onlar\u0131n da oryantasyon s\u00fcrecinde sorun ya\u015famamalar\u0131 i\u00e7in \u00f6nleyici bir e\u011fitim sa\u011fl\u0131yoruz. Biz bu s\u00fcre\u00e7te velilerimizle s\u00fcrekli ileti\u015fim halindeyiz. \u00c7\u00fcnk\u00fc \u00f6\u011frencinin ba\u015far\u0131s\u0131 i\u00e7in veli, \u00f6\u011fretmen ve \u00f6\u011frencinin ortak tutumu \u00e7ok k\u0131ymetli. Velilerimizle ileti\u015fim kurarken \u00f6\u011frencinin \u00e7al\u0131\u015ft\u0131\u011f\u0131 ortam\u0131 da g\u00f6rmeye \u00f6zen g\u00f6steriyoruz. Hem velilerimiz bizi ziyaret ediyor hem de biz onlar\u0131n \u00e7al\u0131\u015ft\u0131\u011f\u0131 ko\u015fullar\u0131 g\u00f6rmek i\u00e7in evlerini ziyaret ediyoruz. Bu \u015fekilde ba\u015far\u0131ya ula\u015f\u0131yoruz.&#8221;<\/p>\n","protected":false},"excerpt":{"rendered":"<p>Mersin B\u00fcy\u00fck\u015fehir Belediyesi Sosyal Hizmetler Dairesi b\u00fcnyesinde hizmet veren E\u011fitim ve \u00d6\u011fretimi Destekleme Kurs Merkezi Akdeniz \u015eubesi&#8217;nde rehber \u00f6\u011fretmen olarak g\u00f6rev yapan Rukiye T\u00fcrk, \u00e7ocu\u011fu okula yeni ba\u015flayacak velilere \u00f6nemli &hellip; <a href=\"https:\/\/akdenizolaygazetesi.com\/?p=27638\" class=\"more-link\">Devam\u0131n\u0131 Oku&#8230;<\/a><\/p>\n","protected":false},"author":2,"featured_media":27639,"comment_status":"open","ping_status":"open","sticky":false,"template":"","format":"standard","meta":[],"categories":[1,3,9],"tags":[],"_links":{"self":[{"href":"https:\/\/akdenizolaygazetesi.com\/index.php?rest_route=\/wp\/v2\/posts\/27638"}],"collection":[{"href":"https:\/\/akdenizolaygazetesi.com\/index.php?rest_route=\/wp\/v2\/posts"}],"about":[{"href":"https:\/\/akdenizolaygazetesi.com\/index.php?rest_route=\/wp\/v2\/types\/post"}],"author":[{"embeddable":true,"href":"https:\/\/akdenizolaygazetesi.com\/index.php?rest_route=\/wp\/v2\/users\/2"}],"replies":[{"embeddable":true,"href":"https:\/\/akdenizolaygazetesi.com\/index.php?rest_route=%2Fwp%2Fv2%2Fcomments&post=27638"}],"version-history":[{"count":1,"href":"https:\/\/akdenizolaygazetesi.com\/index.php?rest_route=\/wp\/v2\/posts\/27638\/revisions"}],"predecessor-version":[{"id":27640,"href":"https:\/\/akdenizolaygazetesi.com\/index.php?rest_route=\/wp\/v2\/posts\/27638\/revisions\/27640"}],"wp:featuredmedia":[{"embeddable":true,"href":"https:\/\/akdenizolaygazetesi.com\/index.php?rest_route=\/wp\/v2\/media\/27639"}],"wp:attachment":[{"href":"https:\/\/akdenizolaygazetesi.com\/index.php?rest_route=%2Fwp%2Fv2%2Fmedia&parent=27638"}],"wp:term":[{"taxonomy":"category","embeddable":true,"href":"https:\/\/akdenizolaygazetesi.com\/index.php?rest_route=%2Fwp%2Fv2%2Fcategories&post=27638"},{"taxonomy":"post_tag","embeddable":true,"href":"https:\/\/akdenizolaygazetesi.com\/index.php?rest_route=%2Fwp%2Fv2%2Ftags&post=27638"}],"curies":[{"name":"wp","href":"https:\/\/api.w.org\/{rel}","templated":true}]}}