{"id":2764,"date":"2020-11-04T18:23:15","date_gmt":"2020-11-04T15:23:15","guid":{"rendered":"http:\/\/mersinekonomipolitikagazetesi.com\/?p=2764"},"modified":"2020-11-04T18:23:15","modified_gmt":"2020-11-04T15:23:15","slug":"ceylandan-on-secim-talebi","status":"publish","type":"post","link":"https:\/\/akdenizolaygazetesi.com\/?p=2764","title":{"rendered":"Ceylan\u2019dan \u00f6n se\u00e7im talebi"},"content":{"rendered":"<p>Yeni\u015fehir Belediye Ba\u015fkan A. Aday\u0131 \u0130\u015fadam\u0131 Y\u00fccel Ceylan, \u00f6n se\u00e7im talebinde bulundu. Yeni\u015fehir Belediye Ba\u015fkan Aday Aday\u0131 Y\u00fccel Ceylan, \u201cAday belirleme y\u00f6ntemlerinde \u00f6n se\u00e7im olmas\u0131 gerekti\u011fini belirterek, \u00d6n se\u00e7imi \u00e7ok istedim. Olsayd\u0131 iyi olurdu.\u201d dedi.<\/p>\n<p>CHP\u2019den Yeni\u015fehir Belediye Ba\u015fkan A. Aday\u0131 olan \u0130\u015fadam\u0131 Y\u00fccel Ceylan, bas\u0131n mensuplar\u0131n\u0131n kar\u015f\u0131s\u0131na \u00e7\u0131karak, Yeni\u015fehir&#8217;de de\u011fi\u015fim zaman\u0131n\u0131n geldi\u011fini belirtti ve ger\u00e7ekle\u015ftirece\u011fi projeleri payla\u015ft\u0131. E\u015fi ve \u00c7ocuklar\u0131 ile birlikte bas\u0131n bulu\u015fmas\u0131n\u0131 ger\u00e7ekle\u015ftiren Y\u00fccel Ceylan, ilk olarak bas\u0131n emek\u00e7ilerinin sorunlar\u0131na de\u011findi. Mersin bas\u0131n\u0131n\u0131n da ihtiyac\u0131 olan Mersin Gazeteciler Cemiyeti&#8217;ne bir yer tahsisi yapaca\u011f\u0131n\u0131n s\u00f6z\u00fcn\u00fc veren Ceylan, bas\u0131n mensuplar\u0131na kat\u0131l\u0131mlar\u0131ndan dolay\u0131 te\u015fekk\u00fcr etti.\u00a0<br \/>\nMemur bir baban\u0131n, okuryazar olmayan bir annenin 12 \u00e7ocu\u011fundan biri oldu\u011funu s\u00f6yleyen Ceylan, \u201cBabam emeklilikten sonra daha iyi bir ya\u015fam i\u00e7in bizi Mersin\u2019e getirdi. 3 kat yatakl\u0131 iki g\u00f6z bir odaya yerle\u015ftik. \u00c7ocuk ya\u015flar\u0131mda i\u015f hayat\u0131na at\u0131l\u0131p \u00e7al\u0131\u015fmaya ba\u015flad\u0131m. Babama yard\u0131m etme ihtiyac\u0131n\u0131 kendimde hissettim. Ticari hayat\u0131ma ba\u015flarken ayn\u0131 zamanda gece okullar\u0131nda okudum. Askere gidip geldikten sonra e\u015fim Sevil Han\u0131m ile tan\u0131\u015ft\u0131m ve evlendim. 32 y\u0131ll\u0131k evlili\u011fimizde 2 \u00e7ocu\u011fumuz var. 2 d\u00f6nem meclis \u00fcyeli\u011fi yapt\u0131m sonra 24.d\u00f6nem milletvekili aday aday\u0131 oldum ama k\u0131smet olmad\u0131. Partime hi\u00e7bir zaman k\u00fcsmedim, dar\u0131lmadan yine \u00e7al\u0131\u015ft\u0131m.\u201difadelerini kulland\u0131.<\/p>\n<p>Ceylan se\u00e7ime haz\u0131rlanma s\u00fcrecini anlatt\u0131. Ge\u00e7ti\u011fimiz d\u00f6nem arkada\u015flar\u0131m ve dostlar\u0131m sen belediyecisin, Yeni\u015fehir\u2019in de kurucusu say\u0131l\u0131rs\u0131n belediye ba\u015fkanl\u0131\u011f\u0131n\u0131 d\u00fc\u015f\u00fcnm\u00fcyo rmusun sorusunu sordular diyen Y\u00fccel, \u201cD\u00fc\u015f\u00fcn\u00fcnce bana da mant\u0131kl\u0131 geldi. 50 y\u0131l \u00f6nce Mersin\u2019e geldim ve bu \u015fehrin problerini iyi biliyorum. Turun\u00e7lar\u0131n hepsini mandalina ve portakala \u00e7evirece\u011fim.\u201d dedi. 26 proje ile huzurunuza \u00e7\u0131k\u0131yorum diyen Y\u00fccel Ceylan, \u201cBu 26 projeyi \u00e7ok iyi bir kadro ile haz\u0131rlad\u0131k. Projelerimize, \u2018Yeni\u015fehir e\u011fitim seviyesi y\u00fcksek, belli standartlarda, ye\u015fil alan\u0131 var\u2019 g\u00f6z\u00fcyle bakt\u0131k. Eksikliklerden biri de Mersin halk\u0131n\u0131n gidece\u011fi alanlar\u0131n olmamas\u0131. Yapay g\u00f6l \u00e7evresinde bir piknik alan\u0131 yaparak insanlar\u0131n s\u0131n\u0131rs\u0131zca e\u011flenmesi istiyorum istiyorum. Ayr\u0131ca Yeni\u015fehir&#8217;e yeni sistem \u00e7\u00f6p konteynerleri getirece\u011fiz. Geri d\u00f6n\u00fc\u015f\u00fcm sistemlerinde de yeni bir sistem<br \/>\nba\u015flataca\u011f\u0131z.\u201d ifadelerini kulland\u0131.<\/p>\n<p>\u00d6n se\u00e7imi \u00e7ok istiyorum<\/p>\n<p>Yeni\u015fehir Belediye Ba\u015fkan Aday Aday\u0131 Y\u00fccel Ceylan konu\u015fmas\u0131na aday belirleme y\u00f6ntemlerinde \u00f6nse\u00e7im olmas\u0131 gerekti\u011fini belirterek, \u00d6n se\u00e7imi \u00e7ok istedim. Olsayd\u0131 iyi olurdu. Ama Genel Merkezimizin karar\u0131na herkes sayg\u0131 duymal\u0131. Biz Yeni\u015fehir&#8217;de y\u00fczde 40&#8217;lardaki oyumuzu y\u00fczde 55&#8217;lerin \u00fcst\u00fcne, oy say\u0131m\u0131z\u0131 da 100 bine \u00e7\u0131karaca\u011f\u0131z. Yeni\u015fehir&#8217;de \u015fimdi de\u011fi\u015fim zaman\u0131. Yeni\u015fehir&#8217;in modern kent ya\u015fam\u0131n\u0131 daha iyi bir d\u00fczene ula\u015ft\u0131rmak hedefindeyiz. Partimizi iktidara ta\u015f\u0131man\u0131n en \u00f6nemli ad\u0131mlar\u0131ndan biri olan yerel y\u00f6netimlerde ba\u015far\u0131l\u0131 olarak yerel demokrasiyi kurumsalla\u015ft\u0131rarak yayg\u0131nla\u015ft\u0131rmak istiyoruz. Projelerimize g\u00fcveniyoruz ve Yeni\u015fehir&#8217;de yap\u0131lmayan farkl\u0131 projeleri ger\u00e7ekle\u015ftirece\u011fiz. Bunun i\u00e7in ekibimiz haz\u0131r. Betonla\u015fma de\u011fil, insana ve do\u011faya yat\u0131r\u0131m d\u00fc\u015f\u00fcncesiyle, e\u015fitlik\u00e7i, payla\u015f\u0131mc\u0131, adil, sosyal ve yenilik\u00e7i bir yerel y\u00f6netim ger\u00e7ekle\u015ftirmek, kad\u0131na \u015fiddet ve \u00e7ocuk istismar\u0131n\u0131 \u00f6nlemek ve yerel y\u00f6netimlerde kad\u0131n istihdam\u0131n\u0131 artt\u0131rmak ve de g\u00fc\u00e7lendirmek amac\u0131yla Yeni\u015fehir&#8217;e Belediye ba\u015fkan aday aday\u0131 oldum. Yeni\u015fehir&#8217;i Avrupa standart\u0131na uygun bir il\u00e7e olu\u015fturaca\u011f\u0131z. Hak etti\u011fi de\u011fi\u015fimi ger\u00e7ekle\u015ftirece\u011fiz&#8221; \u015feklinde konu\u015ftu. Bulu\u015fmada daha sonra soru cevap k\u0131sm\u0131na ge\u00e7ildi ve Ceylan gazetecilerin sorular\u0131n\u0131 yan\u0131tlad\u0131.<\/p>\n<p>Ceylan Yeni\u015fehirli kad\u0131nlara ilgili planlar\u0131n\u0131 da anlatt\u0131. Ceylan, Yeni\u015fehir n\u00fcfusunun y\u00fczde 52\u2019lik k\u0131sm\u0131n\u0131n kad\u0131n oldu\u011funu s\u00f6yleyerek, \u201cKad\u0131nlar\u0131m\u0131z\u0131 g\u00fc\u00e7lendirmek i\u00e7in gelen her \u015feyi yapaca\u011f\u0131z.\u201d dedi.<br \/>\n\u00c7ocuk \u0130stismar\u0131 ile M\u00fccadele Derne\u011fi\u2019nin Genel Ba\u015fkan Yard\u0131mc\u0131s\u0131 oldu\u011fu vurgusunu yapan Ceylan, \u201c\u00c7ocuklar\u0131n istismara marus kalmalar\u0131n\u0131n ana temeli kad\u0131nlar\u0131m\u0131z\u0131n g\u00fc\u00e7s\u00fczl\u00fc\u011f\u00fcd\u00fcr. \u00c7\u00fcnk\u00fc pedofiller genelde aile i\u00e7inden \u00e7\u0131kmaktad\u0131r. Biz bunlar\u0131n tespitini yapt\u0131k. Bunun i\u00e7in Yeni\u015fehir Belediyemizde, belediyenin s\u0131rt\u0131na y\u00fck olmadan kad\u0131nlar\u0131m\u0131z\u0131n istihdam\u0131na a\u011f\u0131rl\u0131k verece\u011fim.\u201d dedi.<\/p>\n","protected":false},"excerpt":{"rendered":"<p>Yeni\u015fehir Belediye Ba\u015fkan A. Aday\u0131 \u0130\u015fadam\u0131 Y\u00fccel Ceylan, \u00f6n se\u00e7im talebinde bulundu. Yeni\u015fehir Belediye Ba\u015fkan Aday Aday\u0131 Y\u00fccel Ceylan, \u201cAday belirleme y\u00f6ntemlerinde \u00f6n se\u00e7im olmas\u0131 gerekti\u011fini belirterek, \u00d6n se\u00e7imi \u00e7ok &hellip; <a href=\"https:\/\/akdenizolaygazetesi.com\/?p=2764\" class=\"more-link\">Devam\u0131n\u0131 Oku&#8230;<\/a><\/p>\n","protected":false},"author":1,"featured_media":0,"comment_status":"open","ping_status":"open","sticky":false,"template":"","format":"standard","meta":[],"categories":[],"tags":[],"_links":{"self":[{"href":"https:\/\/akdenizolaygazetesi.com\/index.php?rest_route=\/wp\/v2\/posts\/2764"}],"collection":[{"href":"https:\/\/akdenizolaygazetesi.com\/index.php?rest_route=\/wp\/v2\/posts"}],"about":[{"href":"https:\/\/akdenizolaygazetesi.com\/index.php?rest_route=\/wp\/v2\/types\/post"}],"author":[{"embeddable":true,"href":"https:\/\/akdenizolaygazetesi.com\/index.php?rest_route=\/wp\/v2\/users\/1"}],"replies":[{"embeddable":true,"href":"https:\/\/akdenizolaygazetesi.com\/index.php?rest_route=%2Fwp%2Fv2%2Fcomments&post=2764"}],"version-history":[{"count":0,"href":"https:\/\/akdenizolaygazetesi.com\/index.php?rest_route=\/wp\/v2\/posts\/2764\/revisions"}],"wp:attachment":[{"href":"https:\/\/akdenizolaygazetesi.com\/index.php?rest_route=%2Fwp%2Fv2%2Fmedia&parent=2764"}],"wp:term":[{"taxonomy":"category","embeddable":true,"href":"https:\/\/akdenizolaygazetesi.com\/index.php?rest_route=%2Fwp%2Fv2%2Fcategories&post=2764"},{"taxonomy":"post_tag","embeddable":true,"href":"https:\/\/akdenizolaygazetesi.com\/index.php?rest_route=%2Fwp%2Fv2%2Ftags&post=2764"}],"curies":[{"name":"wp","href":"https:\/\/api.w.org\/{rel}","templated":true}]}}