{"id":27647,"date":"2023-09-13T13:30:10","date_gmt":"2023-09-13T10:30:10","guid":{"rendered":"http:\/\/akdenizolaygazetesi.com\/?p=27647"},"modified":"2023-09-13T13:30:10","modified_gmt":"2023-09-13T10:30:10","slug":"akdeniz-belediyesi-acik-hava-sinemasiyla-nostaljiyi-yasatiyor","status":"publish","type":"post","link":"https:\/\/akdenizolaygazetesi.com\/?p=27647","title":{"rendered":"AKDEN\u0130Z BELED\u0130YES\u0130  A\u00c7IK HAVA S\u0130NEMASIYLA NOSTALJ\u0130Y\u0130 YA\u015eATIYOR"},"content":{"rendered":"<p>Akdeniz Belediyesi\u2019nin, ge\u00e7en y\u0131llarda oldu\u011fu gibi bu y\u0131l da d\u00fczenledi\u011fi \u201cNostaljik Sinema G\u00fcnleri\u201d, Anadolu Mahallesi\u2019nde a\u00e7\u0131k alanda kurulan beyaz perdede, Kemal Sunal\u2019\u0131n oynad\u0131\u011f\u0131 \u201c\u00c7\u00f6p\u00e7\u00fcler Kral\u0131\u201d filmi ile ba\u015flad\u0131.<br \/>\nAkdeniz Belediyesi K\u00fclt\u00fcr ve Sosyal \u0130\u015fler M\u00fcd\u00fcrl\u00fc\u011f\u00fc, a\u00e7\u0131k hava film g\u00f6sterimleri etkinli\u011fi ile bu y\u0131l da Ye\u015fil\u00e7am&#8217;\u0131n en \u00e7ok be\u011fenilen ve izlenen nostaljik sinema filmlerini \u00fccretsiz olarak mahallelere getiriyor. \u0130lk g\u00f6sterim, y\u00f6netmenli\u011fini Zeki \u00d6kten\u2019in \u00fcstlendi\u011fi, ba\u015frollerini Kemal Sunal, \u015eener \u015een ve Ay\u015fen Gruda gibi Ye\u015fil\u00e7am\u2019\u0131n sevilen sanat\u00e7\u0131lar\u0131n\u0131n payla\u015ft\u0131\u011f\u0131 1977 yap\u0131m\u0131 \u201c\u00c7\u00f6p\u00e7\u00fcler Kral\u0131\u201d filmi ile ba\u015flad\u0131.<br \/>\nAnadolu Mahallesi Yusuf Bay\u0131k \u0130lk\u00f6\u011fretim Okulu yan\u0131nda ger\u00e7ekle\u015fen g\u00f6sterimde mahalle sakinleri, \u00e7ocuklar\u0131yla birlikte a\u00e7\u0131k havada kurulan beyaz perdede film izlemenin keyfini ya\u015fad\u0131. G\u00f6sterim \u00f6ncesi seyircilere kek ve meyve suyu ikram edildi. Akdeniz Belediye Meclis \u00fcyesi Ayd\u0131n Egin\u2019in de kat\u0131ld\u0131\u011f\u0131 bulu\u015fmada, Anadolu Mahallesi Muhtar\u0131 Abdurrahman Bilgi ve filmi izlemeye gelen vatanda\u015flar, ilk kez tan\u0131k olduklar\u0131 etkinlik nedeniyle Akdeniz Belediye Ba\u015fkan\u0131 M. Mustafa G\u00fcltak ve ekibine te\u015fekk\u00fcr etti.<br \/>\nA\u00e7\u0131k hava sinema g\u00fcnleri program\u0131<br \/>\nBug\u00fcn ak\u015fam saat 20:00\u2019de Hebilli Mahallesi Muhtarl\u0131\u011f\u0131 \u00f6n\u00fcnde Ye\u015fil\u00e7am\u2019\u0131n en sevilen duygusal yap\u0131mlar\u0131ndan \u201cNe\u015feli G\u00fcnler\u201d, 14 Eyl\u00fcl Per\u015fembe g\u00fcn\u00fc saat 20:00\u2019de Abdullah \u015eahuto\u011flu \u0130lk\u00f6\u011fretim Okulu \u00f6n\u00fcnde unutulmaz komedi filmi \u201cTosun Pa\u015fa\u201d;  15 Eyl\u00fcl Cuma g\u00fcn\u00fc Pu\u011fkaracada\u011f Mahallesi\u2019nde \u201cS\u00fct Karde\u015fler\u201d; 16 Eyl\u00fcl Cumartesi g\u00fcn\u00fc ise I\u011fd\u0131r Mahallesi\u2019nde T\u00fcrkan \u015eoray\u2019\u0131n oynad\u0131\u011f\u0131 unutulmaz yap\u0131mlardan biri olan \u201cSultan\u201d filmi beyaz perdede seyirciyle bulu\u015facak.<\/p>\n","protected":false},"excerpt":{"rendered":"<p>Akdeniz Belediyesi\u2019nin, ge\u00e7en y\u0131llarda oldu\u011fu gibi bu y\u0131l da d\u00fczenledi\u011fi \u201cNostaljik Sinema G\u00fcnleri\u201d, Anadolu Mahallesi\u2019nde a\u00e7\u0131k alanda kurulan beyaz perdede, Kemal Sunal\u2019\u0131n oynad\u0131\u011f\u0131 \u201c\u00c7\u00f6p\u00e7\u00fcler Kral\u0131\u201d filmi ile ba\u015flad\u0131. Akdeniz Belediyesi &hellip; <a href=\"https:\/\/akdenizolaygazetesi.com\/?p=27647\" class=\"more-link\">Devam\u0131n\u0131 Oku&#8230;<\/a><\/p>\n","protected":false},"author":2,"featured_media":27648,"comment_status":"open","ping_status":"open","sticky":false,"template":"","format":"standard","meta":[],"categories":[2,3],"tags":[],"_links":{"self":[{"href":"https:\/\/akdenizolaygazetesi.com\/index.php?rest_route=\/wp\/v2\/posts\/27647"}],"collection":[{"href":"https:\/\/akdenizolaygazetesi.com\/index.php?rest_route=\/wp\/v2\/posts"}],"about":[{"href":"https:\/\/akdenizolaygazetesi.com\/index.php?rest_route=\/wp\/v2\/types\/post"}],"author":[{"embeddable":true,"href":"https:\/\/akdenizolaygazetesi.com\/index.php?rest_route=\/wp\/v2\/users\/2"}],"replies":[{"embeddable":true,"href":"https:\/\/akdenizolaygazetesi.com\/index.php?rest_route=%2Fwp%2Fv2%2Fcomments&post=27647"}],"version-history":[{"count":1,"href":"https:\/\/akdenizolaygazetesi.com\/index.php?rest_route=\/wp\/v2\/posts\/27647\/revisions"}],"predecessor-version":[{"id":27649,"href":"https:\/\/akdenizolaygazetesi.com\/index.php?rest_route=\/wp\/v2\/posts\/27647\/revisions\/27649"}],"wp:featuredmedia":[{"embeddable":true,"href":"https:\/\/akdenizolaygazetesi.com\/index.php?rest_route=\/wp\/v2\/media\/27648"}],"wp:attachment":[{"href":"https:\/\/akdenizolaygazetesi.com\/index.php?rest_route=%2Fwp%2Fv2%2Fmedia&parent=27647"}],"wp:term":[{"taxonomy":"category","embeddable":true,"href":"https:\/\/akdenizolaygazetesi.com\/index.php?rest_route=%2Fwp%2Fv2%2Fcategories&post=27647"},{"taxonomy":"post_tag","embeddable":true,"href":"https:\/\/akdenizolaygazetesi.com\/index.php?rest_route=%2Fwp%2Fv2%2Ftags&post=27647"}],"curies":[{"name":"wp","href":"https:\/\/api.w.org\/{rel}","templated":true}]}}