{"id":2765,"date":"2020-11-04T18:23:17","date_gmt":"2020-11-04T15:23:17","guid":{"rendered":"http:\/\/mersinekonomipolitikagazetesi.com\/?p=2765"},"modified":"2020-11-04T18:23:17","modified_gmt":"2020-11-04T15:23:17","slug":"mersin-marka-olacak","status":"publish","type":"post","link":"https:\/\/akdenizolaygazetesi.com\/?p=2765","title":{"rendered":"\u201cMERS\u0130N MARKA OLACAK\u201d"},"content":{"rendered":"<p>Milliyet\u00e7i Hareket Partisi (MHP) Genel Ba\u015fkan\u0131 Devlet Bah\u00e7eli taraf\u0131ndan Mersin B\u00fcy\u00fck\u015fehir Belediye Ba\u015fkan Aday\u0131 olarak g\u00f6sterilen Toroslar Belediye Ba\u015fkan\u0131 Hamit Tuna, \u201cMersin\u2019de en b\u00fcy\u00fck eksi\u011fin Mersinlilik bilinci oldu\u011funu belirterek adayl\u0131k do\u011fdu\u011fun yer de\u011fil, doydu\u011fun yer mant\u0131\u011f\u0131yla bakarak insanlar\u0131m\u0131zda Mersinlilik bilinci olu\u015fturaca\u011f\u0131z. Mersin\u2019i marka kent yapaca\u011f\u0131z\u201d dedi.<\/p>\n<p>Tuna, Mersin milletvekilleri Olcay K\u0131lavuz ve Baki \u015eim\u015fek ile MHP Mersin \u0130l Ba\u015fkan\u0131 Zeynel U\u011fur G\u00f6lgeli\u2019nin ard\u0131ndan toplant\u0131da konu\u015fma yapt\u0131. Toroslar Belediye Ba\u015fkan\u0131 ve MHP Mersin B\u00fcy\u00fck\u015fehir Belediye Ba\u015fkan\u0131 Hamit Tuna konu\u015fmas\u0131na toplant\u0131ya kat\u0131lan t\u00fcm partililere ve bas\u0131n mensuplar\u0131na te\u015fekk\u00fcr ederek ba\u015flad\u0131. Siyasi ge\u00e7mi\u015fine ili\u015fkin bilgi veren Tuna, MHP Genel Ba\u015fkan\u0131 Devlet Bah\u00e7eli ile birlikte siyaset yapmaktan b\u00fcy\u00fck \u015feref duydu\u011funu belirtti, B\u00fcy\u00fck\u015fehir Belediye Ba\u015fkan Aday\u0131 olarak takdir g\u00f6r\u00fclmesinden dolay\u0131 da b\u00fcy\u00fck bir mutluluk duydu\u011funu s\u00f6yledi.<br \/>\nBa\u015fkan Tuna, \u201cSiyasette 24 y\u0131l\u0131m\u0131z\u0131 tamaml\u0131yoruz. G\u00f6reve geldi\u011fimiz bu makamlarda herkesi kucaklayan yan\u0131m\u0131zla ve duru\u015fumuzla insanlar\u0131m\u0131zla her zaman i\u00e7li d\u0131\u015fl\u0131 olduk.31 Mart sonras\u0131 Mersin halk\u0131n\u0131n tercihleriyle Mersin B\u00fcy\u00fck\u015fehir Belediye Ba\u015fkan\u0131 se\u00e7ilmelerinin ard\u0131ndan Mersin\u2019i marka kent yapma yolunda \u00f6nemli projelere imza atacaklar\u0131n\u0131 s\u00f6yledi.<br \/>\nToplumun her kesimiyle diyalog i\u00e7erisinde olduklar\u0131n\u0131 ve hi\u00e7bir vatanda\u015f\u0131 birbirinden ay\u0131rmad\u0131kalr\u0131n\u0131 belirten Ba\u015fkan Tuna, 15 y\u0131lda Toroslar\u2019a kazand\u0131rd\u0131klar\u0131 hizmetlerin bir refarans oldu\u011funu vurgulad\u0131.<br \/>\nMHP Genel Ba\u015fkan\u0131 Devlet Bah\u00e7eli\u2019nin Mersin B\u00fcy\u00fck\u015fehir Belediye Ba\u015fkan Aday g\u00f6stererek kendilerini b\u00fcy\u00fck bir sorumluluk y\u00fcklediklerini ve bu sorumlulu\u011fu t\u00fcm te\u015fkilatlarla el ele vererek \u00fcstesinden geleceklerini belirtti.<br \/>\nMHP Mersin \u0130l Ba\u015fkanl\u0131\u011f\u0131 taraf\u0131ndan d\u00fczenlenen toplant\u0131ya b\u00fcy\u00fck ilgi g\u00f6sterildi. Tan\u0131t\u0131m toplant\u0131s\u0131na, \u00dclk\u00fc Ocaklar\u0131 Genel Ba\u015fkan\u0131 ve MHP Mersin Milletvekili Olcay K\u0131lavuz, MHP Mersin Milletvekili Baki \u015eim\u015fek, MHP Mersin \u0130l Ba\u015fkan\u0131 Zeynel U\u011fur G\u00f6lgeli, \u00dclk\u00fc Ocaklar\u0131 \u0130l Ba\u015fkan\u0131 G\u00f6khan Demir, MHP MYK \u00dcyesi Dilek Uslu Var, eski Milletvekilleri ve \u0130l Ba\u015fkanlar\u0131, \u0130l\u00e7e Ba\u015fkanlar\u0131, MHP Mersin \u0130l Kad\u0131n Kollar\u0131 Ba\u015fkan\u0131 Berrin Alt\u0131nta\u015f ve \u0130l\u00e7e Kad\u0131n Kollar\u0131 Ba\u015fkanlar\u0131, Sivil Toplum Kurulu\u015flar\u0131n\u0131n Ba\u015fkan ve Y\u00f6neticileri ile bas\u0131n mensuplar\u0131 kat\u0131ld\u0131.<\/p>\n<p>Toplant\u0131n\u0131n a\u00e7\u0131l\u0131\u015f konu\u015fmas\u0131n\u0131 yapan MHP Mersin \u0130l Ba\u015fkan\u0131 Zeynel U\u011fur G\u00f6lgeli, \u2018Rabbim, birli\u011fimizi ve beraberli\u011fimizi daim eylesin\u2019 diyerek konu\u015fmas\u0131na ba\u015flad\u0131. G\u00f6lgeli, \u201cMersin y\u00f6r\u00fck \u015fehridir. Genel Ba\u015fkan\u0131m\u0131z\u0131n tabiriyle Toroslar kadar ba\u015f\u0131 dik, Akdeniz kadar y\u00fcre\u011fi engin olan yi\u011fitler diyar\u0131d\u0131r. Mersin ve t\u00fcm T\u00fcrkiye\u2019de Milliyet\u00e7i Hareket Partisi \u0130ktidar\u0131yla \u015fahlanacakt\u0131r. Bilge Liderimiz, T\u00fcrkmen Beyimiz Say\u0131n Genel Ba\u015fkan\u0131m\u0131z Devlet Bah\u00e7eli Bey\u2019in takdiriyle Mersin B\u00fcy\u00fck\u015fehir Belediye Ba\u015fkan Aday\u0131m\u0131z olarak g\u00f6sterilen Say\u0131n Hamit Tuna bizimledir, bizden biridir.\u201d vurgusunu yapt\u0131, Bizler, O\u2019nun \u00dclk\u00fcc\u00fcl\u00fc\u011f\u00fcne, adaml\u0131\u011f\u0131na, dik duru\u015funa, \u015fahidiz, diyen G\u00f6lgeli, \u201c\u00dc\u00e7 d\u00f6nemdir Toroslar Belediye Ba\u015fkanl\u0131\u011f\u0131 g\u00f6revini y\u00fcr\u00fcten Say\u0131n Hamit Tuna, ge\u00e7mi\u015f d\u00f6nemlerde MHP Mersin \u0130l Ba\u015fkanl\u0131\u011f\u0131 da yapm\u0131\u015ft\u0131r. Sevgiye dayal\u0131 milliyet\u00e7ilik anlay\u0131\u015f\u0131 ile g\u00f6n\u00fcl k\u00f6pr\u00fcleri kurmu\u015f, partimizin ve Bilge Liderimizin ba\u015f\u0131n\u0131 hi\u00e7 e\u011fmemi\u015ftir. Belediye Ba\u015fkan\u0131 olarak g\u00f6rev yapt\u0131\u011f\u0131 Toroslar \u0130l\u00e7emizde her vatanda\u015f\u0131m\u0131za e\u015fit hizmet veren, milli de\u011ferlerimizi ya\u015fatmak i\u00e7in projeler \u00fcreten \u00e7ok k\u0131ymetli \u00fclk\u00fcda\u015f\u0131m\u0131zd\u0131r. Fitneye, \u00f6tekile\u015ftirmeye ve dedikoduya f\u0131rsat vermeden kendisine verilen g\u00f6revi her d\u00f6nemde lay\u0131k\u0131yla yapm\u0131\u015ft\u0131r bundan sonra da Allah\u2019\u0131n izniyle yapmaya devam edecektir.\u201d ifadelerini kulland\u0131. Mersinlilere seslenen G\u00f6lgeli, \u201cGenel Ba\u015fkan\u0131m\u0131z\u0131n \u2018Sizden B\u00fcy\u00fck\u015fehir Belediye Ba\u015fkanl\u0131\u011f\u0131 ba\u015fta olmak \u00fczere t\u00fcm il\u00e7eleri istiyorum\u201d emirleri do\u011frultusunda MHP Mersin B\u00fcy\u00fck\u015fehir Belediye Ba\u015fkan Aday\u0131m\u0131z Hamit Tuna\u2019d\u0131r\u201d diyerek s\u00f6zlerini noktalad\u0131.<br \/>\nMHP Mersin Milletvekili Baki \u015eim\u015fek s\u00f6z alarak, MHP Mersin B\u00fcy\u00fck\u015fehir Belediye Ba\u015fkan Aday\u0131 Hamit Tuna\u2019ya \u00e7\u0131kt\u0131\u011f\u0131 bu yolda ba\u015far\u0131lar diledi. Hamit Tuna\u2019n\u0131n \u00a0\u00fc\u00e7 d\u00f6nemdir Toroslar\u2019da sadece Milliyet\u00e7i Hareket Partili vatanda\u015flar\u0131m\u0131z\u0131n de\u011fil siyasi g\u00f6r\u00fc\u015f\u00fc ne olursa olsun t\u00fcm vatanda\u015flar\u0131m\u0131z\u0131n belediye ba\u015fkan\u0131 olarak g\u00f6rev yapt\u0131\u011f\u0131n\u0131 s\u00f6yleyen \u015eim\u015fek, \u201cMilletimizin takdirleriyle ve Cenab-\u0131 Allah\u2019\u0131n yard\u0131m\u0131yla Mersin B\u00fcy\u00fck\u015fehir Belediye Ba\u015fkan\u0131 olarak Mersin\u2019e hizmet edecektir. Milliyet\u00e7i Hareket Partisi, Mersin\u2019de her zaman zafere ula\u015facak g\u00fcce sahiptir. Say\u0131n Ba\u015fkan\u0131m\u0131z Hamit Tuna\u2019ya \u00e7\u0131km\u0131\u015f oldu\u011fu bu yolda ba\u015far\u0131lar diliyorum. MHP Mersin\u2019de ve T\u00fcrkiye\u2019de Mart Ay\u0131nda yap\u0131lacak olan Yerel se\u00e7imlerden zaferle \u00e7\u0131kacakt\u0131r\u201d dedi.<\/p>\n<p>\u201cMersin\u2019i marka kent yapaca\u011f\u0131z\u201d<\/p>\n<p>Mersin\u2019de en b\u00fcy\u00fck eksi\u011fin Mersinlilik bilinci oldu\u011funu vurgulayan Ba\u015fkan Tuna, g\u00f6reve gelmeleriyle birlikte bu eksikli\u011fi gidermek ad\u0131na gerekli \u00e7al\u0131\u015fmalar\u0131 y\u00fcr\u00fcteceklerini ifade ederek; \u201cKent, kentin sokaklar\u0131n\u0131 ar\u015f\u0131nlayanlar\u0131nd\u0131r. Bu kentin her soka\u011f\u0131nda ad\u0131mlar\u0131m\u0131z var. Biz bu y\u00fcre\u011fi a\u00e7\u0131k duru\u015fumuzla b\u00f6lgemizde sa\u011flad\u0131\u011f\u0131m\u0131z karde\u015f\u00e7esine ortam\u0131m\u0131zla B\u00fcy\u00fck\u015fehir noktas\u0131nda t\u00fcm Mersin hep birlikte bir aile olaca\u011f\u0131z. Mersin\u2019in kimli\u011fi yok diyorlar. Mersin\u2019in asl\u0131nda bir\u00e7ok kimli\u011fi var. Bunlar\u0131n baz\u0131lar\u0131; tar\u0131m, turizm, sanayi, lojistiktir. Mersindeki en b\u00fcy\u00fck eksik Mersinlilik bilincidir.31 Mart\u2019ta yap\u0131lacak se\u00e7imlerle birlikte g\u00f6reve gelmemizin ard\u0131ndan do\u011fdu\u011fun yer de\u011fil, doydu\u011fun yer mant\u0131\u011f\u0131yla bakarak insanlar\u0131m\u0131zda Mersinlilik bilinci olu\u015fturaca\u011f\u0131z\u201d dedi.<\/p>\n<p>Tuna Mersin\u2019in, T\u00fcrkiye\u2019nin adeta minyat\u00fcr\u00fc olan bir \u015fehridir diyerek, K\u00fcrd\u00fc ile T\u00fcrk\u00fc ile \u00c7erkezi ile Laz\u0131 ile T\u00fcrkmeni ile inan\u00e7 anlam\u0131nda farkl\u0131l\u0131klar\u0131 ile \u00e7ok zengin bir kent oldu\u011funu s\u00f6yledi. Tuna, \u201c1 milyon n\u00fcfuslu merkezde, \u00f6zellikle biz merkezin belediye ba\u015fkan\u0131 olmam\u0131z nedeniyle toplumun her katman\u0131yla i\u00e7li d\u0131\u015fl\u0131y\u0131z. Herkesi kucakl\u0131yoruz. Yunus\u00e7a bir y\u00fcre\u011fimiz var. Kalabal\u0131klar\u0131 millet yapan de\u011ferlerimiz bizim sabitlerimiz. Dilimiz, bayra\u011f\u0131m\u0131z, vatan topra\u011f\u0131m\u0131z, tarih \u015fuurumuz, milli k\u00fclt\u00fcr\u00fcm\u00fcz bizim ortak paydalar\u0131zd\u0131r.\u201d dedi.<\/p>\n<p>\u2018Ben yapt\u0131m oldu\u2019 mant\u0131\u011f\u0131yla de\u011fil, birlikte yapabilen, her konuyu fikri anlamda farkl\u0131 noktalardan, meslek \u00f6rg\u00fctlerinden, \u00f6zellikle \u00fcniversitelerle i\u015fbirli\u011fi yaparak hareket edeceklerini vurgulayan Tuna, ilk Avrupa Birli\u011fi projesini Mersin\u2019e getiren belediye olduklar\u0131n\u0131 s\u00f6yledi. Tuna 34 okulla proje yapan bir belediye olduklar\u0131n\u0131 s\u00f6yleyerek, bu da bizim vizyonumuzu g\u00f6steriyor dedi. TUna s\u00f6zlerini noktalarken \u015funlar\u0131 s\u00f6yledi;<br \/>\nMersin\u2019i d\u00fcnya genelinde marka \u015fehir yapaca\u011f\u0131z. Bir \u00e7ok projemiz var. Bu kente d\u00fc\u015f\u00fcnd\u00fc\u011f\u00fcm\u00fcz projelerimiz var. Biz 15 y\u0131l paras\u0131z belediyecilik yapt\u0131k. K\u0131s\u0131tl\u0131 b\u00fct\u00e7elerle ama \u00fcreterek \u00f6nemli ba\u015far\u0131lara imza att\u0131k. Kendimize g\u00fcveniyoruz, inan\u0131yoruz. Sadece bekledi\u011fimiz yetkidir. Biz sefer \u00e7\u0131kt\u0131k, zafer Allah\u2019\u0131n takdiri. \u0130n\u015fallah bizim lehimize olacak zafer ile in\u015fallah Mersin \u015faha kalkacak.<\/p>\n","protected":false},"excerpt":{"rendered":"<p>Milliyet\u00e7i Hareket Partisi (MHP) Genel Ba\u015fkan\u0131 Devlet Bah\u00e7eli taraf\u0131ndan Mersin B\u00fcy\u00fck\u015fehir Belediye Ba\u015fkan Aday\u0131 olarak g\u00f6sterilen Toroslar Belediye Ba\u015fkan\u0131 Hamit Tuna, \u201cMersin\u2019de en b\u00fcy\u00fck eksi\u011fin Mersinlilik bilinci oldu\u011funu belirterek adayl\u0131k &hellip; <a href=\"https:\/\/akdenizolaygazetesi.com\/?p=2765\" class=\"more-link\">Devam\u0131n\u0131 Oku&#8230;<\/a><\/p>\n","protected":false},"author":1,"featured_media":0,"comment_status":"open","ping_status":"open","sticky":false,"template":"","format":"standard","meta":[],"categories":[],"tags":[],"_links":{"self":[{"href":"https:\/\/akdenizolaygazetesi.com\/index.php?rest_route=\/wp\/v2\/posts\/2765"}],"collection":[{"href":"https:\/\/akdenizolaygazetesi.com\/index.php?rest_route=\/wp\/v2\/posts"}],"about":[{"href":"https:\/\/akdenizolaygazetesi.com\/index.php?rest_route=\/wp\/v2\/types\/post"}],"author":[{"embeddable":true,"href":"https:\/\/akdenizolaygazetesi.com\/index.php?rest_route=\/wp\/v2\/users\/1"}],"replies":[{"embeddable":true,"href":"https:\/\/akdenizolaygazetesi.com\/index.php?rest_route=%2Fwp%2Fv2%2Fcomments&post=2765"}],"version-history":[{"count":0,"href":"https:\/\/akdenizolaygazetesi.com\/index.php?rest_route=\/wp\/v2\/posts\/2765\/revisions"}],"wp:attachment":[{"href":"https:\/\/akdenizolaygazetesi.com\/index.php?rest_route=%2Fwp%2Fv2%2Fmedia&parent=2765"}],"wp:term":[{"taxonomy":"category","embeddable":true,"href":"https:\/\/akdenizolaygazetesi.com\/index.php?rest_route=%2Fwp%2Fv2%2Fcategories&post=2765"},{"taxonomy":"post_tag","embeddable":true,"href":"https:\/\/akdenizolaygazetesi.com\/index.php?rest_route=%2Fwp%2Fv2%2Ftags&post=2765"}],"curies":[{"name":"wp","href":"https:\/\/api.w.org\/{rel}","templated":true}]}}