{"id":27650,"date":"2023-09-14T13:02:12","date_gmt":"2023-09-14T10:02:12","guid":{"rendered":"http:\/\/akdenizolaygazetesi.com\/?p=27650"},"modified":"2023-09-14T13:02:12","modified_gmt":"2023-09-14T10:02:12","slug":"21-mersin-uluslararasi-muzik-festivali-icin-geri-sayim-basladi","status":"publish","type":"post","link":"https:\/\/akdenizolaygazetesi.com\/?p=27650","title":{"rendered":"21. MERS\u0130N ULUSLARARASI M\u00dcZ\u0130K FEST\u0130VAL\u0130 \u0130\u00c7\u0130N GER\u0130 SAYIM BA\u015eLADI"},"content":{"rendered":"<p> &#8220;Dayan\u0131\u015fma, iyile\u015fme ve ayd\u0131nlanma&#8221; temas\u0131yla bu y\u0131l 22-24 Eyl\u00fcl 2023 tarihleri aras\u0131nda d\u00fczenlenecek 21. Mersin Uluslararas\u0131 M\u00fczik Festivali tan\u0131t\u0131m program\u0131nda konu\u015fan, Festival Y\u00fcr\u00fctme Kurulu Ba\u015fkan\u0131 Nuran Kurtulu\u015f, &#8220;Ana hedefimiz,  &#8216;m\u00fczik, insanl\u0131\u011f\u0131n uluslararas\u0131 dilidir&#8217; ilkesinden yola \u00e7\u0131karak, kentimiz, b\u00f6lgemiz, \u00fclkemiz ve t\u00fcm insanl\u0131\u011f\u0131n, evrensel m\u00fczikle bulu\u015fmas\u0131n\u0131 sa\u011flamakt\u0131r&#8221; dedi.<\/p>\n<p>21. Mersin Uluslararas\u0131 M\u00fczik Festivali i\u00e7in geri say\u0131m ba\u015flad\u0131. &#8220;Dayan\u0131\u015fma, iyile\u015fme ve ayd\u0131nlanma&#8221; temas\u0131yla bu y\u0131l 22-24 Eyl\u00fcl 2023 tarihleri aras\u0131nda d\u00fczenlenecek festivalin tan\u0131t\u0131m program\u0131 Divan Otel&#8217;de ger\u00e7ekle\u015ftirilen bas\u0131n toplant\u0131s\u0131yla a\u00e7\u0131kland\u0131. Programa, Mersin Vali Vekili Alp Eren Y\u0131lmaz, Mezitli Belediye Ba\u015fkan\u0131 Ne\u015fet Tarhan, Mersin B\u00fcy\u00fck\u015fehir Belediyesi K\u00fclt\u00fcr ve Sosyal \u0130\u015fler Daire Ba\u015fkanl\u0131\u011f\u0131 Koordinat\u00f6r\u00fc Bengi \u0130spir \u00d6zd\u00fclger, Akdeniz Belediye Ba\u015fkan Yard\u0131mc\u0131s\u0131 Mustafa Aslan, Tarsus Belediye Ba\u015fkan Yard\u0131mc\u0131s\u0131 Nihat \u00c7apar, Yeni\u015fehir Belediye Ba\u015fkan Yard\u0131mc\u0131s\u0131 Berna Din\u00e7, Mersin Uluslararas\u0131 M\u00fczik Festivali Onursal Ba\u015fkan\u0131 Selma Ya\u011fc\u0131, meslek \u00f6rg\u00fctleri, sivil toplum kurulu\u015flar\u0131 ve kamu kurumlar\u0131n\u0131n temsilcileri ile festival y\u00fcr\u00fctme kurulu \u00fcyeleri, Sanat Etkinlikleri Derne\u011fi Y\u00f6netim Kurulu \u00dcyeleri, sponsorlar ve \u00e7ok say\u0131da sanatsever kat\u0131ld\u0131. Programa sayg\u0131 duru\u015fu ve \u0130stiklal Mar\u015f\u0131&#8217;n\u0131n okunmas\u0131n\u0131n ard\u0131ndan, gen\u00e7 yetenek Ecmel Neva Bildik&#8217;in keman dinletisi ile devam edildi.<\/p>\n<p>FEST\u0130VAL KENT \u00d6D\u00dcL\u00dc SELMA YA\u011eCI&#8217;YA VER\u0130LECEK<\/p>\n<p>21. Mersin Uluslararas\u0131 M\u00fczik Festivali Sanat Kurulu \u00dcyesi Caner Akg\u00fcn&#8217;\u00fcn program\u0131n tan\u0131t\u0131m\u0131n\u0131 yapt\u0131\u011f\u0131 konu\u015fmas\u0131nda, 7 etkinli\u011fin 3 g\u00fcn boyunca s\u00fcrece\u011fini ifade etti. Akg\u00fcn, &#8220;Bir \u015fehri sanatla diri tutman\u0131n en \u00f6nemli fakt\u00f6r\u00fc sa\u011flam kent kimli\u011finin olu\u015fmas\u0131d\u0131r. Bu y\u0131l Festival Kent \u00d6d\u00fcl\u00fc, \u015f\u00fcphesiz Mersin&#8217;in bilinirli\u011fine katma de\u011fer sa\u011flayan, kentimizin sanatla an\u0131lmas\u0131nda her daim \u0131\u015f\u0131\u011f\u0131m\u0131z olan, k\u0131ymetli b\u00fcy\u00fc\u011f\u00fcm\u00fcz Say\u0131n Selma Ya\u011fc\u0131&#8217;ya verilecektir&#8221; dedi.<\/p>\n<p>FEST\u0130VAL SANAT \u00d6D\u00dcL\u00dc YAL\u00c7IN TURA&#8217;NIN<\/p>\n<p>Akg\u00fcn, &#8220;Bu y\u0131l Festival Sanat \u00d6d\u00fcl\u00fc&#8217;n\u00fcn 20 y\u0131l\u0131 a\u015fk\u0131n bir s\u00fcre film m\u00fczi\u011fi bestecili\u011fi yaparak, aralar\u0131nda &#8220;Ke\u015fanl\u0131 Ali Destan\u0131&#8221;, &#8220;Y\u0131lanlar\u0131n \u00d6c\u00fc&#8221;, &#8220;Umutsuzlar&#8221; gibi 50&#8217;yi a\u015fk\u0131n T\u00fcrk filminin m\u00fczi\u011fine imzas\u0131n\u0131 atan, tarihle g\u00fcn\u00fcm\u00fcz aras\u0131nda k\u00f6pr\u00fcler kuran m\u00fczik felsefecisi Yal\u00e7\u0131n Tura&#8217;ya verilecektir. Geleneksel makamlardan halk m\u00fczi\u011fine,  senfoni m\u00fczi\u011finden caza uzanan geni\u015f yelpazede \u00e7al\u0131\u015fm\u0131\u015f \u00c7a\u011fda\u015f T\u00fcrk M\u00fczi\u011finin \u00f6nemli bestecisi Yal\u00e7\u0131n Tura&#8217;y\u0131 y\u00fcrekten tebrik ediyoruz&#8221; diye konu\u015ftu.<\/p>\n<p>GEN\u00c7 YETENEK \u00d6D\u00dcL\u00dc B\u0130LD\u0130K&#8217;\u0130N<\/p>\n<p>Akg\u00fcn, Prof. Nevit Kodall\u0131 Gen\u00e7 Yetenek \u00d6d\u00fcl\u00fc&#8217;n\u00fcn ise hen\u00fcz 4 ya\u015f\u0131nda sanat ya\u015fam\u0131na ad\u0131m atan, Ecmel Neva Bildik&#8217;e verilece\u011fini s\u00f6yledi. Akg\u00fcn, &#8220;2020 y\u0131l\u0131nda Br\u00fcksel&#8217;de d\u00fczenlenen 13. Arthur Grumiaux Yar\u0131\u015fmas\u0131nda 2. lik \u00f6d\u00fcl\u00fc alan, 2021 y\u0131l\u0131nda Uluslararas\u0131 M\u00fczik Akademisi taraf\u0131ndan d\u00fczenlenen d\u00fcnyaca \u00fcnl\u00fc kemanc\u0131 Svetlin Rossev&#8217;in ustal\u0131k s\u0131n\u0131f\u0131na burslu olarak kabul edilen, Haziran 2022&#8217;de Frans\u0131z ArtimeA Derne\u011fi taraf\u0131ndan d\u00fczenlenen 6. Nouvelles Etoiles yar\u0131\u015fmas\u0131nda 1.lik \u00f6d\u00fcl\u00fc alan gen\u00e7 yetene\u011fimiz Ecmel Neva Bildik&#8217;i tebrik ediyoruz&#8221; \u015feklinde konu\u015ftu.<\/p>\n<p>&#8220;M\u00dcZ\u0130K \u0130NSANLI\u011eIN EVRENSEL D\u0130L\u0130D\u0130R&#8221;<\/p>\n<p>21. Mersin Uluslararas\u0131 M\u00fczik Festivali Y\u00f6netim Kurulu Ba\u015fkan\u0131 Nuran Kurtulu\u015f ise Cumhuriyetin 100. y\u0131l\u0131na vurgu yapt\u0131\u011f\u0131 konu\u015fmas\u0131nda, &#8220;Anadolu&#8217;da \u00e7ok sesli m\u00fczi\u011fin fitilini ate\u015fleyen Ulu \u00d6nder Gazi Mustafa Kemal Atat\u00fcrk&#8217;\u00fc ve silah arkada\u015flar\u0131n\u0131 \u015f\u00fckran ve \u00f6zlemle an\u0131yoruz. Mersin Uluslararas\u0131 M\u00fczik Festivali&#8217;nin ana hedefi,  &#8216;m\u00fczik, insanl\u0131\u011f\u0131n uluslararas\u0131 dilidir&#8217; ilkesinden yola \u00e7\u0131karak, kentimiz, b\u00f6lgemiz, \u00fclkemiz ve t\u00fcm insanl\u0131\u011f\u0131n, evrensel m\u00fczikle bulu\u015fmas\u0131n\u0131 sa\u011flamakt\u0131r&#8221; dedi.<\/p>\n<p>&#8220;KATKI SUNAN HERKESE TE\u015eEKK\u00dcR ED\u0130YORUZ&#8221;<\/p>\n<p>Kurtulu\u015f, &#8220;Ge\u00e7ti\u011fimiz 21 y\u0131lda uluslararas\u0131 sanat kurumlar\u0131 ile olan ili\u015fkiler g\u00f6zle g\u00f6r\u00fcl\u00fcr bir \u015fekilde art\u0131\u015f g\u00f6stermi\u015f ve festivalde yer almak isteyen sanat\u00e7\u0131lardan da \u00f6nemli ba\u015fvurular al\u0131nm\u0131\u015ft\u0131r. Yakalanan bu ivme ile Mersin Uluslararas\u0131 M\u00fczik Festivali k\u00fclt\u00fcr ve sanat ortam\u0131nda daha bilinir hale gelmi\u015ftir. Bizler bu sorumluluk bilinci ile 21.&#8217;sini d\u00fczenleyece\u011fimiz festivalimizde hepimizin hassasiyetini g\u00f6zeterek yolumuza devam etmek istedik. Bu ba\u011flamda katk\u0131 sunan herkese sonsuz te\u015fekk\u00fcrlerimizi sunuyorum&#8221; ifadelerini kulland\u0131.<\/p>\n<p>&#8220;\u00d6NEML\u0130 B\u0130R G\u00d6REV \u00dcSTLEN\u0130YORUZ&#8221;<\/p>\n<p>Sanat Etkinli\u011fi Derne\u011fi Ba\u015fkan\u0131 Halil Deliba\u015f ise konu\u015fmas\u0131nda, &#8220;21 y\u0131ld\u0131r olgunla\u015farak geli\u015fen festivalimiz ile sanatseverlerimizi \u00fclkemizin ve d\u00fcnyan\u0131n de\u011ferli sanat\u00e7\u0131lar\u0131 ile bulu\u015fturuyoruz. Bunun yan\u0131nda ilimizi ve b\u00f6lgemizi tan\u0131tma anlam\u0131nda \u00e7ok \u00f6nemli bir misyon ile, Atam\u0131z\u0131n sanatla ilgili &#8216;Sanats\u0131z kalan bir milletin hayat damarlar\u0131ndan biri kopmu\u015f demektir&#8217; ifadesi kapsam\u0131nda \u00f6nemli bir g\u00f6rev \u00fcsleniyoruz. Festivalimiz bu ana misyonun yan\u0131nda, ba\u015far\u0131l\u0131 gen\u00e7 sanat\u00e7\u0131lar\u0131 te\u015fvik etmek, ba\u015far\u0131l\u0131 sanat\u00e7\u0131lar\u0131 \u00f6d\u00fcllendirmek, sanat ve k\u00fclt\u00fcr platformlar\u0131n\u0131n artmas\u0131n\u0131 sa\u011flamak olarak dolayl\u0131 etkiler de yaratmaktad\u0131r&#8221; ifadelerini kulland\u0131.      <\/p>\n<p>&#8220;B\u00d6YLE B\u0130R \u015eEH\u0130RDE \u0130DAREC\u0130L\u0130K YAPMAKTAN GURUR DUYUYORUM&#8221;<\/p>\n<p>Mersin Vali Vekili Alp Eren Y\u0131lmaz ise festivalin kente hay\u0131rl\u0131 olmas\u0131n\u0131 temenni ederek, &#8220;Biz ekonomide, tar\u0131mda, ticarette, turizmde atak yapm\u0131\u015f marka \u015fehirlerden biri haline geldik. Bunu k\u00fclt\u00fcr sanat ve sporda da ald\u0131\u011f\u0131m\u0131z b\u00fcy\u00fck ba\u015far\u0131larla per\u00e7inleyip ger\u00e7ekten T\u00fcrkiye&#8217;nin incisi olmak konumunda h\u0131zla ilerledi\u011fimizi belirtmek istiyorum. Ciddi bir k\u00fclt\u00fcrel mirasa sahibiz. \u00c7ok ciddi ad\u0131mlar at\u0131yoruz. B\u00f6yle bir \u015fehirde idarecilik yapmaktan gurur duyuyorum. 21. Mersin Uluslararas\u0131 M\u00fczik Festivali&#8217;nde de eme\u011fi ge\u00e7en herkesi tebrik ediyorum. Nice festivallerde bir araya gelerek \u015fehrimizi uluslararas\u0131 alanda tan\u0131tmay\u0131 \u00fcmit ediyorum&#8221; dedi.<\/p>\n<p>Konu\u015fmalar\u0131n ard\u0131ndan program, 21. Mersin Uluslararas\u0131 M\u00fczik Festivali&#8217;ne katk\u0131 sunanlara verilen te\u015fekk\u00fcr belgelerinin ard\u0131ndan toplu foto\u011fraf \u00e7ekimi ile sona erdi.<\/p>\n<p>FEST\u0130VAL PROGRAMI<\/p>\n<p>A\u00c7ILI\u015e KONSER\u0130 GEN\u00c7 YILDIZ VARY&#8217;DEN<\/p>\n<p>Festival, 2017 y\u0131l\u0131nda \u00e7\u0131kard\u0131\u011f\u0131 Voice of the trumpet adl\u0131 ilk alb\u00fcm\u00fcn\u00fcn ard\u0131ndan otoriteler taraf\u0131ndan &#8216;Trompetiyle sansasyonel bir etki yaratan gen\u00e7 y\u0131ld\u0131z&#8217; olarak tan\u0131mlanan 24 ya\u015f\u0131ndaki Warner Classic sanat\u00e7\u0131s\u0131 Lucienne Renaud Vary&#8217;nin a\u00e7\u0131l\u0131\u015f konseri ile perdelerini a\u00e7acak. Gen\u00e7 y\u0131ld\u0131z, 22 Eyl\u00fcl 2023 tarihinde saat 20:00&#8217;da Mersin K\u00fclt\u00fcr Merkezi&#8217;nde sanatseverlerle bir araya gelecek.<\/p>\n<p>CUMHUR\u0130YETE SAYGI DURU\u015eU SE\u00c7K\u0130S\u0130<\/p>\n<p>Cumhuriyete sayg\u0131 duru\u015fu niteli\u011findeki &#8216;Cumhuriyetimizin 100. y\u0131l\u0131na \u00f6zel Bir \u00c7ift S\u00f6z&#8217; se\u00e7kisi 23 Eyl\u00fcl 2023 tarihinde saat 16:00&#8217;da Mersin \u00dcniversitesi Nevit Kodall\u0131 Salonu&#8217;nda ger\u00e7ekle\u015fecek. The Guardian&#8217;\u0131n &#8216;teknik m\u00fckemmelik&#8217; diye niteledi\u011fi, Yehudi Menuhin ve Henryk Wieniawski yar\u0131\u015fmalar\u0131n\u0131n birincisi, \u00e7a\u011f\u0131n \u00f6nde gelen keman virt\u00fc\u00f6zlerinden Soyoung Yoon ve gen\u00e7 ku\u015fa\u011f\u0131n en \u00f6nemli \u015feflerinden Tolga Atalay \u00dcn 21. Mersin Uluslararas\u0131 M\u00fczik Festivali&#8217;nde ayn\u0131 sahneyi payla\u015facak. Etkinlik, 23 Eyl\u00fcl 2023 saat 20:00&#8217;da Mersin K\u00fclt\u00fcr Merkezi&#8217;nde ger\u00e7ekle\u015fecek.<\/p>\n<p>FEST\u0130VAL KAPANI\u015e ETK\u0130NL\u0130\u011e\u0130 H\u00dcK\u00dcMS\u00dcZ CAZ SE\u00c7K\u0130S\u0130 \u0130LE OLACAK<\/p>\n<p>Festivalin kapan\u0131\u015f g\u00fcn\u00fcnde Etnom\u00fczikolog Arzu Haksun ile Vurmal\u0131 \u00c7alg\u0131lar Sanat\u00e7\u0131s\u0131 Emre G\u00fcnay \u00e7ocuklar ve yeti\u015fkinler i\u00e7in \u015fifa at\u00f6lyeleri d\u00fczenleyecek. 24 Eyl\u00fcl 2023 Pazar g\u00fcn\u00fc \u00c7ocuklar i\u00e7in Ritim At\u00f6lyesi saat 16:00&#8217;da, O Da Tekfen konseri saat 17:00&#8217;da ve Ses&#8217;in Beden \u00dczerindeki Yolculu\u011fu ise 18:30&#8217;da  Mezitli Mutlu Ya\u015fam K\u00f6y\u00fc&#8217;nde olacak. \u00d6te yandan kad\u0131n mahkumlara cezaevlerinde ula\u015fmak ve onlar\u0131n ya\u015fam\u0131na bir umut olmak i\u00e7in ye\u015feren &#8216;H\u00fck\u00fcms\u00fcz Caz&#8217; projesi ise saat 20:00&#8217;da yine Mezitli Mutlu Ya\u015fam K\u00f6y\u00fc&#8217;nde sanatseverlerin be\u011fenisine sunulacak.<\/p>\n","protected":false},"excerpt":{"rendered":"<p>&#8220;Dayan\u0131\u015fma, iyile\u015fme ve ayd\u0131nlanma&#8221; temas\u0131yla bu y\u0131l 22-24 Eyl\u00fcl 2023 tarihleri aras\u0131nda d\u00fczenlenecek 21. Mersin Uluslararas\u0131 M\u00fczik Festivali tan\u0131t\u0131m program\u0131nda konu\u015fan, Festival Y\u00fcr\u00fctme Kurulu Ba\u015fkan\u0131 Nuran Kurtulu\u015f, &#8220;Ana hedefimiz, &#8216;m\u00fczik, &hellip; <a href=\"https:\/\/akdenizolaygazetesi.com\/?p=27650\" class=\"more-link\">Devam\u0131n\u0131 Oku&#8230;<\/a><\/p>\n","protected":false},"author":2,"featured_media":27651,"comment_status":"open","ping_status":"open","sticky":false,"template":"","format":"standard","meta":[],"categories":[2,3],"tags":[],"_links":{"self":[{"href":"https:\/\/akdenizolaygazetesi.com\/index.php?rest_route=\/wp\/v2\/posts\/27650"}],"collection":[{"href":"https:\/\/akdenizolaygazetesi.com\/index.php?rest_route=\/wp\/v2\/posts"}],"about":[{"href":"https:\/\/akdenizolaygazetesi.com\/index.php?rest_route=\/wp\/v2\/types\/post"}],"author":[{"embeddable":true,"href":"https:\/\/akdenizolaygazetesi.com\/index.php?rest_route=\/wp\/v2\/users\/2"}],"replies":[{"embeddable":true,"href":"https:\/\/akdenizolaygazetesi.com\/index.php?rest_route=%2Fwp%2Fv2%2Fcomments&post=27650"}],"version-history":[{"count":1,"href":"https:\/\/akdenizolaygazetesi.com\/index.php?rest_route=\/wp\/v2\/posts\/27650\/revisions"}],"predecessor-version":[{"id":27652,"href":"https:\/\/akdenizolaygazetesi.com\/index.php?rest_route=\/wp\/v2\/posts\/27650\/revisions\/27652"}],"wp:featuredmedia":[{"embeddable":true,"href":"https:\/\/akdenizolaygazetesi.com\/index.php?rest_route=\/wp\/v2\/media\/27651"}],"wp:attachment":[{"href":"https:\/\/akdenizolaygazetesi.com\/index.php?rest_route=%2Fwp%2Fv2%2Fmedia&parent=27650"}],"wp:term":[{"taxonomy":"category","embeddable":true,"href":"https:\/\/akdenizolaygazetesi.com\/index.php?rest_route=%2Fwp%2Fv2%2Fcategories&post=27650"},{"taxonomy":"post_tag","embeddable":true,"href":"https:\/\/akdenizolaygazetesi.com\/index.php?rest_route=%2Fwp%2Fv2%2Ftags&post=27650"}],"curies":[{"name":"wp","href":"https:\/\/api.w.org\/{rel}","templated":true}]}}