{"id":27653,"date":"2023-09-14T13:04:16","date_gmt":"2023-09-14T10:04:16","guid":{"rendered":"http:\/\/akdenizolaygazetesi.com\/?p=27653"},"modified":"2023-09-14T13:04:16","modified_gmt":"2023-09-14T10:04:16","slug":"baskan-yilmaz-ogrencilerle-birlikte-ilkogretim-haftasini-kutladi","status":"publish","type":"post","link":"https:\/\/akdenizolaygazetesi.com\/?p=27653","title":{"rendered":"BA\u015eKAN YILMAZ, \u00d6\u011eRENC\u0130LERLE B\u0130RL\u0130KTE \u0130LK\u00d6\u011eRET\u0130M HAFTASI&#8217;NI KUTLADI"},"content":{"rendered":"<p>Toroslar Belediye Ba\u015fkan\u0131 Ats\u0131z Af\u015f\u0131n Y\u0131lmaz, Vali Sabahattin \u00c7akmako\u011flu \u0130lkokulu&#8217;nda d\u00fczenlenen \u0130lk\u00f6\u011fretim Haftas\u0131 kutlama program\u0131na kat\u0131larak, \u00f6\u011frencilerin sevin\u00e7lerine ortak oldu.<\/p>\n<p>Okul bah\u00e7esinde \u00f6\u011frencilerin yo\u011fun sevgisiyle kar\u015f\u0131lanan Ba\u015fkan Y\u0131lmaz, s\u0131n\u0131flar\u0131 ziyaret ederek \u00f6\u011frencilere tek tek boyama seti hediye etti.<\/p>\n<p>Yeni e\u011fitim \u00f6\u011fretim y\u0131l\u0131n\u0131n hay\u0131rl\u0131 olmas\u0131n\u0131 dileyen Ba\u015fkan Y\u0131lmaz; &#8220;T\u00fcm \u00f6\u011frencilerimizin, \u00f6\u011fretmenlerimizin ve velilerimizin yeni e\u011fitim \u00f6\u011fretim y\u0131l\u0131n\u0131 tebrik ediyor, sa\u011fl\u0131kl\u0131, huzurlu ve ba\u015far\u0131l\u0131 bir y\u0131l ge\u00e7irmelerini diliyorum&#8221; dedi.<\/p>\n<p>Toroslar \u0130l\u00e7e Milli E\u011fitim M\u00fcd\u00fcrl\u00fc\u011f\u00fc&#8217;n\u00fcn d\u00fczenledi\u011fi program, \u00e7ocuklar\u0131n g\u00f6sterileri ile devam etti. \u015eiirler okundu, \u015fark\u0131lar s\u00f6ylendi. \u0130lk\u00f6\u011fretim Haftas\u0131&#8217;n\u0131 co\u015fkuyla kutlayan \u00f6\u011frencilerin y\u00fczlerinden g\u00fcl\u00fcmseme eksik olmad\u0131.<\/p>\n<p>&#8220;E\u011e\u0130T\u0130M VE \u00d6\u011eRET\u0130M \u00c7ALI\u015eMALARI, \u00d6\u011eRENC\u0130LER\u0130M\u0130ZE YEN\u0130 BA\u015eARILAR VE YEN\u0130 UFUKLAR KAZANDIRACAK&#8221;<\/p>\n<p>Program\u0131n a\u00e7\u0131l\u0131\u015f konu\u015fmas\u0131n\u0131 yapan Okul M\u00fcd\u00fcr\u00fc Ahmet Y\u0131ld\u0131r\u0131m, \u0130l\u00e7edeki \u0130lk\u00f6\u011fretim Haftas\u0131 kutlama etkinli\u011finin okullar\u0131nda yap\u0131lmas\u0131ndan b\u00fcy\u00fck onur duyduklar\u0131n\u0131 s\u00f6yledi.<\/p>\n<p>Daha sonra s\u00f6z alan \u0130l\u00e7e Milli E\u011fitim M\u00fcd\u00fcr\u00fc O\u011fuzhan T\u00fcl\u00fcc\u00fc ise yeni e\u011fitim ve \u00f6\u011fretim y\u0131l\u0131na ba\u015flaman\u0131n heyecan\u0131 i\u00e7erisinde olduklar\u0131n\u0131 belirterek; &#8220;Cumhuriyetimizin 100. y\u0131l\u0131nda t\u00fcm \u00fclkemizde oldu\u011fu gibi Mersin&#8217;de de e\u011fitim ve \u00f6\u011fretim \u00e7al\u0131\u015fmalar\u0131n\u0131n, \u00f6\u011frencilerimize yeni ba\u015far\u0131lar ve yeni ufuklar kazand\u0131raca\u011f\u0131na inan\u0131yorum. 2023-2024 e\u011fitim \u00f6\u011fretim y\u0131l\u0131n\u0131n t\u00fcm e\u011fitim camiam\u0131za ve \u00f6zellikle \u00f6\u011frencilerimize hay\u0131rl\u0131 olmas\u0131n\u0131 diliyorum&#8221; dedi.<\/p>\n<p>&#8220;\u00c7OCUKLARIMIZI PARLAK B\u0130R GELECE\u011eE TA\u015eIYACA\u011eIZ&#8221;<\/p>\n<p>Toroslar Belediye Ba\u015fkan\u0131 Ats\u0131z Af\u015f\u0131n Y\u0131lmaz, e\u011fitimin gelece\u011fin in\u015fas\u0131 oldu\u011funu kaydederek; &#8220;Cumhuriyetimizin 100. y\u0131l\u0131nda ba\u015flad\u0131\u011f\u0131m\u0131z e\u011fitim \u00f6\u011fretim y\u0131l\u0131n\u0131n hay\u0131rl\u0131 olmas\u0131n\u0131 diliyorum. \u00d6\u011fretmenlerimiz, idarecilerimiz ve velilerimiz \u00e7ocuklar\u0131m\u0131z i\u00e7in fedakarca \u00e7al\u0131\u015f\u0131yorlar. \u0130n\u015fallah hep beraber \u00e7ocuklar\u0131m\u0131z\u0131 parlak bir gelece\u011fe ta\u015f\u0131yaca\u011f\u0131z&#8221; diye konu\u015ftu.<\/p>\n<p>T\u00fcm \u00e7ocuklara seslenerek onlar\u0131 \u00e7ok sevdiklerini ifade eden Ba\u015fkan Y\u0131lmaz; &#8220;Sevgili \u00e7ocuklar, bizler sizleri \u00e7ok seviyoruz. G\u00fczel ve ak\u0131ll\u0131 \u00e7ocuklars\u0131n\u0131z. Hepinize ba\u015far\u0131l\u0131 bir e\u011fitim \u00f6\u011fretim y\u0131l\u0131 diliyoruz&#8221; \u015feklinde konu\u015ftu.<\/p>\n<p>Ba\u015fkan Y\u0131lmaz, daha sonra \u0130l\u00e7e Milli E\u011fitim M\u00fcd\u00fcr\u00fc O\u011fuzhan T\u00fcl\u00fcc\u00fc ile birlikte s\u0131n\u0131flar\u0131 ziyaret ederek, \u00f6\u011frencilerle sohbet etti ve boyama seti hediye etti.<\/p>\n<p>\u0130lk\u00f6\u011fretim Haftas\u0131 dolay\u0131s\u0131yla il\u00e7enin e\u011fitim kurumlar\u0131ndan \u015eehit Fikri Dilsiz \u0130lkokulu&#8217;nda da \u00f6\u011frencilerle bir araya gelen Ba\u015fkan Y\u0131lmaz, \u00e7ocuklara boyama seti hediye ederek, ba\u015far\u0131l\u0131 bir y\u0131l diledi.<\/p>\n","protected":false},"excerpt":{"rendered":"<p>Toroslar Belediye Ba\u015fkan\u0131 Ats\u0131z Af\u015f\u0131n Y\u0131lmaz, Vali Sabahattin \u00c7akmako\u011flu \u0130lkokulu&#8217;nda d\u00fczenlenen \u0130lk\u00f6\u011fretim Haftas\u0131 kutlama program\u0131na kat\u0131larak, \u00f6\u011frencilerin sevin\u00e7lerine ortak oldu. Okul bah\u00e7esinde \u00f6\u011frencilerin yo\u011fun sevgisiyle kar\u015f\u0131lanan Ba\u015fkan Y\u0131lmaz, s\u0131n\u0131flar\u0131 ziyaret &hellip; <a href=\"https:\/\/akdenizolaygazetesi.com\/?p=27653\" class=\"more-link\">Devam\u0131n\u0131 Oku&#8230;<\/a><\/p>\n","protected":false},"author":2,"featured_media":27654,"comment_status":"open","ping_status":"open","sticky":false,"template":"","format":"standard","meta":[],"categories":[2,3],"tags":[],"_links":{"self":[{"href":"https:\/\/akdenizolaygazetesi.com\/index.php?rest_route=\/wp\/v2\/posts\/27653"}],"collection":[{"href":"https:\/\/akdenizolaygazetesi.com\/index.php?rest_route=\/wp\/v2\/posts"}],"about":[{"href":"https:\/\/akdenizolaygazetesi.com\/index.php?rest_route=\/wp\/v2\/types\/post"}],"author":[{"embeddable":true,"href":"https:\/\/akdenizolaygazetesi.com\/index.php?rest_route=\/wp\/v2\/users\/2"}],"replies":[{"embeddable":true,"href":"https:\/\/akdenizolaygazetesi.com\/index.php?rest_route=%2Fwp%2Fv2%2Fcomments&post=27653"}],"version-history":[{"count":1,"href":"https:\/\/akdenizolaygazetesi.com\/index.php?rest_route=\/wp\/v2\/posts\/27653\/revisions"}],"predecessor-version":[{"id":27655,"href":"https:\/\/akdenizolaygazetesi.com\/index.php?rest_route=\/wp\/v2\/posts\/27653\/revisions\/27655"}],"wp:featuredmedia":[{"embeddable":true,"href":"https:\/\/akdenizolaygazetesi.com\/index.php?rest_route=\/wp\/v2\/media\/27654"}],"wp:attachment":[{"href":"https:\/\/akdenizolaygazetesi.com\/index.php?rest_route=%2Fwp%2Fv2%2Fmedia&parent=27653"}],"wp:term":[{"taxonomy":"category","embeddable":true,"href":"https:\/\/akdenizolaygazetesi.com\/index.php?rest_route=%2Fwp%2Fv2%2Fcategories&post=27653"},{"taxonomy":"post_tag","embeddable":true,"href":"https:\/\/akdenizolaygazetesi.com\/index.php?rest_route=%2Fwp%2Fv2%2Ftags&post=27653"}],"curies":[{"name":"wp","href":"https:\/\/api.w.org\/{rel}","templated":true}]}}