{"id":27656,"date":"2023-09-14T13:05:41","date_gmt":"2023-09-14T10:05:41","guid":{"rendered":"http:\/\/akdenizolaygazetesi.com\/?p=27656"},"modified":"2023-09-14T13:05:41","modified_gmt":"2023-09-14T10:05:41","slug":"mersin-buyuksehir-belediyesi-eylul-ayi-olagan-meclis-toplantisinin-2-birlesimi-yapildi","status":"publish","type":"post","link":"https:\/\/akdenizolaygazetesi.com\/?p=27656","title":{"rendered":"MERS\u0130N B\u00dcY\u00dcK\u015eEH\u0130R BELED\u0130YES\u0130 EYL\u00dcL AYI OLA\u011eAN MECL\u0130S TOPLANTISI&#8217;NIN 2. B\u0130RLE\u015e\u0130M\u0130 YAPILDI"},"content":{"rendered":"<p>Mersin B\u00fcy\u00fck\u015fehir Belediyesi 2023 Y\u0131l\u0131 Eyl\u00fcl Ay\u0131 Ola\u011fan Meclis Toplant\u0131s\u0131 2. Birle\u015fimi, Kongre ve Sergi Saray\u0131 \u00c7ok Ama\u00e7l\u0131 Salon&#8217;da Mersin B\u00fcy\u00fck\u015fehir Belediye Ba\u015fkan Vekili Hasan \u00d6zalp \u00d6nal ba\u015fkanl\u0131\u011f\u0131nda ger\u00e7ekle\u015ftirildi. Meclis Toplant\u0131s\u0131&#8217;nda komisyonlara havale edilen 12 ve g\u00fcndem d\u0131\u015f\u0131 2 madde olmak \u00fczere toplam 14 madde g\u00f6r\u00fc\u015f\u00fcld\u00fc.<\/p>\n<p>G\u00fcndem d\u0131\u015f\u0131 konu\u015fmalar b\u00f6l\u00fcm\u00fcnde konu\u015fan Ba\u015fkan Vekili Hasan \u00d6zalp \u00d6nal, 12 Eyl\u00fcl Darbesi&#8217;nin 43. y\u0131ld\u00f6n\u00fcm\u00fc dolay\u0131s\u0131yla yapt\u0131\u011f\u0131 a\u00e7\u0131klamada &#8220;Her ne ama\u00e7la kim taraf\u0131ndan yap\u0131l\u0131rsa yap\u0131ls\u0131n, demokrasiye yans\u0131yan sivil veya askeri t\u00fcm darbeler insanl\u0131k su\u00e7udur&#8221; ifadelerini kulland\u0131.<\/p>\n<p>B\u00fcy\u00fck\u015fehir, \u00d6\u011frenim Yard\u0131mlar\u0131&#8217;n\u0131n tutarlar\u0131n\u0131 bu y\u0131l art\u0131rd\u0131<br \/>\nMeclis&#8217;te g\u00f6r\u00fc\u015f\u00fclen maddelerden ilki B\u00fcy\u00fck\u015fehir Belediyesi&#8217;nin \u00fcniversite \u00f6\u011frencilerine verdi\u011fi \u00d6\u011frenim Yard\u0131mlar\u0131&#8217;n\u0131n tutarlar\u0131n\u0131n art\u0131r\u0131lmas\u0131 oldu. Madde meclis toplant\u0131s\u0131nda oy birli\u011fi ile kabul edildi. B\u00f6ylece, \u00fcniversitede haz\u0131rl\u0131k s\u0131n\u0131flar\u0131 hari\u00e7 olmak \u00fczere 2 y\u0131ll\u0131k b\u00f6l\u00fcm kazanan \u00f6\u011frencilere 3 bin TL, 4 y\u0131ll\u0131k b\u00f6l\u00fcm kazananlara 6 bin TL, 5 y\u0131ll\u0131k b\u00f6l\u00fcm kazananlara 7 bin TL ve 6 y\u0131ll\u0131k b\u00f6l\u00fcm kazananlara ise 8 bin 500 TL \u00d6\u011frenim Yard\u0131m\u0131&#8217;nda bulunulacak.<\/p>\n<p>Sanat kul\u00fcplerine ve festivallere destek s\u00fcr\u00fcyor<br \/>\nMeclis toplant\u0131s\u0131nda kabul edilen maddeler aras\u0131nda sanat kul\u00fcpleri ve festivallere destek verilmesi ile ilgili maddeler de yer ald\u0131. Oy birli\u011fi ile kabul edilen maddeler uyar\u0131nca Akdeniz Opera ve Bale Kul\u00fcb\u00fc Derne\u011fi&#8217;nin &#8216;6. AKOB Ulusal \u00d6\u011frenci Oda M\u00fczi\u011fi Yar\u0131\u015fmas\u0131&#8217; i\u00e7in 40 bin TL ve \u0130\u00e7el Sanat Kul\u00fcb\u00fc&#8217;n\u00fcn &#8217;28. Mersin Arkeoloji G\u00fcnleri&#8217; etkinli\u011fi i\u00e7in 50 bin TL ayni veya nakdi destek verilmesi kabul edildi. Ayr\u0131ca,  22-23-24 Eyl\u00fcl 2023 tarihlerinde ger\u00e7ekle\u015ftirilecek olan &#8217;21. Mersin Uluslararas\u0131 M\u00fczik Festivali&#8217; i\u00e7in 500 bin TL maddi destek verilmesi kararla\u015ft\u0131r\u0131ld\u0131.<\/p>\n","protected":false},"excerpt":{"rendered":"<p>Mersin B\u00fcy\u00fck\u015fehir Belediyesi 2023 Y\u0131l\u0131 Eyl\u00fcl Ay\u0131 Ola\u011fan Meclis Toplant\u0131s\u0131 2. Birle\u015fimi, Kongre ve Sergi Saray\u0131 \u00c7ok Ama\u00e7l\u0131 Salon&#8217;da Mersin B\u00fcy\u00fck\u015fehir Belediye Ba\u015fkan Vekili Hasan \u00d6zalp \u00d6nal ba\u015fkanl\u0131\u011f\u0131nda ger\u00e7ekle\u015ftirildi. Meclis &hellip; <a href=\"https:\/\/akdenizolaygazetesi.com\/?p=27656\" class=\"more-link\">Devam\u0131n\u0131 Oku&#8230;<\/a><\/p>\n","protected":false},"author":2,"featured_media":27657,"comment_status":"open","ping_status":"open","sticky":false,"template":"","format":"standard","meta":[],"categories":[2,3],"tags":[],"_links":{"self":[{"href":"https:\/\/akdenizolaygazetesi.com\/index.php?rest_route=\/wp\/v2\/posts\/27656"}],"collection":[{"href":"https:\/\/akdenizolaygazetesi.com\/index.php?rest_route=\/wp\/v2\/posts"}],"about":[{"href":"https:\/\/akdenizolaygazetesi.com\/index.php?rest_route=\/wp\/v2\/types\/post"}],"author":[{"embeddable":true,"href":"https:\/\/akdenizolaygazetesi.com\/index.php?rest_route=\/wp\/v2\/users\/2"}],"replies":[{"embeddable":true,"href":"https:\/\/akdenizolaygazetesi.com\/index.php?rest_route=%2Fwp%2Fv2%2Fcomments&post=27656"}],"version-history":[{"count":1,"href":"https:\/\/akdenizolaygazetesi.com\/index.php?rest_route=\/wp\/v2\/posts\/27656\/revisions"}],"predecessor-version":[{"id":27658,"href":"https:\/\/akdenizolaygazetesi.com\/index.php?rest_route=\/wp\/v2\/posts\/27656\/revisions\/27658"}],"wp:featuredmedia":[{"embeddable":true,"href":"https:\/\/akdenizolaygazetesi.com\/index.php?rest_route=\/wp\/v2\/media\/27657"}],"wp:attachment":[{"href":"https:\/\/akdenizolaygazetesi.com\/index.php?rest_route=%2Fwp%2Fv2%2Fmedia&parent=27656"}],"wp:term":[{"taxonomy":"category","embeddable":true,"href":"https:\/\/akdenizolaygazetesi.com\/index.php?rest_route=%2Fwp%2Fv2%2Fcategories&post=27656"},{"taxonomy":"post_tag","embeddable":true,"href":"https:\/\/akdenizolaygazetesi.com\/index.php?rest_route=%2Fwp%2Fv2%2Ftags&post=27656"}],"curies":[{"name":"wp","href":"https:\/\/api.w.org\/{rel}","templated":true}]}}