{"id":27659,"date":"2023-09-14T13:09:06","date_gmt":"2023-09-14T10:09:06","guid":{"rendered":"http:\/\/akdenizolaygazetesi.com\/?p=27659"},"modified":"2023-09-14T13:09:06","modified_gmt":"2023-09-14T10:09:06","slug":"kadin-sagligi-merkezi-danisanlari-darisekisi-ornek-koyune-hayran-kaldi","status":"publish","type":"post","link":"https:\/\/akdenizolaygazetesi.com\/?p=27659","title":{"rendered":"KADIN SA\u011eLI\u011eI MERKEZ\u0130 DANI\u015eANLARI DARISEK\u0130S\u0130 \u00d6RNEK K\u00d6Y\u00dc&#8217;NE HAYRAN KALDI"},"content":{"rendered":"<p>Mersin B\u00fcy\u00fck\u015fehir Belediyesi Sa\u011fl\u0131k \u0130\u015fleri Dairesi Ba\u015fkanl\u0131\u011f\u0131 ve D\u0131\u015f \u0130li\u015fkiler ve Projeler \u015eube M\u00fcd\u00fcrl\u00fc\u011f\u00fc&#8217;n\u00fcn 2021 y\u0131l\u0131nda Uluslararas\u0131 G\u00f6\u00e7 \u00d6rg\u00fct\u00fc&#8217;n\u00fcn (IOM) deste\u011fiyle hayata ge\u00e7irdi\u011fi Kad\u0131n Sa\u011fl\u0131\u011f\u0131 Dan\u0131\u015fma Merkezi, kad\u0131nlar\u0131n yan\u0131nda olmaya devam ediyor.<\/p>\n<p>Sa\u011fl\u0131k \u0130\u015fleri Dairesi Ba\u015fkanl\u0131\u011f\u0131&#8217;n\u0131n d\u00fczenlemi\u015f oldu\u011fu etkinlikle, Toroslar il\u00e7esinde yer alan Dar\u0131sekisi \u00d6rnek K\u00f6y\u00fc&#8217;n\u00fc gezen kad\u0131n dan\u0131\u015fanlar, \u00d6rnek K\u00f6y\u00fc&#8217;n\u00fc ilk defa gezmenin yan\u0131 s\u0131ra, Y\u00f6r\u00fck k\u00fclt\u00fcr\u00fcn\u00fc de yak\u0131ndan g\u00f6rmenin hayranl\u0131\u011f\u0131n\u0131 ya\u015fad\u0131.<\/p>\n<p>Sa\u011fl\u0131k \u0130\u015fleri Dairesi Ba\u015fkanl\u0131\u011f\u0131 ekiplerince \u00f6nce sa\u011fl\u0131k taramas\u0131 yap\u0131lan kad\u0131nlar, ard\u0131ndan uzmanlar e\u015fli\u011finde \u0131s\u0131narak fiziksel aktivite ger\u00e7ekle\u015ftirdi. Birbirinden hareketli par\u00e7alara e\u015flik edip oyunlar oynayan dan\u0131\u015fanlar, keyifli bir g\u00fcn ge\u00e7irerek, bol bol stres att\u0131. Rengarenk evlerin aras\u0131nda dola\u015f\u0131p, Ortanca Sokak&#8217;ta hat\u0131ra foto\u011fraf\u0131 \u00e7ekilmeyi ihmal etmeyen dan\u0131\u015fanlar, Toroslar&#8217;\u0131n e\u015fsiz manzaras\u0131 ve temiz havas\u0131yla yeni deneyimler ya\u015faman\u0131n tad\u0131n\u0131 birlikte \u00e7\u0131kard\u0131.<\/p>\n<p>Deniz: &#8220;Dan\u0131\u015fanlar\u0131m\u0131z\u0131n psikolojik ve fiziksel her t\u00fcrl\u00fc ihtiyac\u0131nda yan\u0131nday\u0131z&#8221;<br \/>\nEtkinli\u011fi, Kad\u0131n Sa\u011fl\u0131\u011f\u0131 Dan\u0131\u015fma Merkezi&#8217;nden hizmet alan dan\u0131\u015fanlar\u0131n sa\u011fl\u0131kl\u0131 ya\u015fam aktivitelerini art\u0131rmak ad\u0131na d\u00fczenlediklerini belirten Fizyoterapist Ay\u015fe Deniz, Mersin B\u00fcy\u00fck\u015fehir Belediyesi olarak kad\u0131nlar\u0131n her zaman yan\u0131nda olduklar\u0131n\u0131 ve en temel ama\u00e7lar\u0131ndan birinin ise kad\u0131nlar\u0131n g\u00fcnl\u00fck hayatta motivasyonlar\u0131n\u0131 art\u0131rmak oldu\u011funu kaydetti. Deniz, psikolojik ve fiziksel y\u00f6nlerden de kad\u0131nlar\u0131 ve sa\u011fl\u0131kl\u0131 ya\u015fam\u0131 desteklediklerini ifade etti.<\/p>\n<p>Dar\u0131sekisi K\u00f6y\u00fc&#8217;nde d\u00fczenlenen etkinlikle kad\u0131nlar, hem kayna\u015ft\u0131 hem stres att\u0131<br \/>\nDar\u0131sekisi \u00d6rnek K\u00f6y\u00fc&#8217;n\u00fc ilk kez gezen ve kendisi i\u00e7in farkl\u0131 bir deneyim oldu\u011funu belirten Nafile Karaduman, &#8220;Etkinlikle ilgili mesaj geldi\u011finde \u00e7ok mutlu oldum, bu kadar\u0131n\u0131 beklemiyordum. Benim i\u00e7in \u00e7ok farkl\u0131 bir deneyim oldu. Topra\u011fa basarak topra\u011f\u0131n b\u00fct\u00fcn g\u00fczelliklerinin tad\u0131n\u0131 \u00e7\u0131kard\u0131m. Spor yapmaya yeniden karar verdim&#8221; diye konu\u015ftu. Ge\u00e7en sene bir arkada\u015f\u0131n\u0131n tavsiyesi \u00fczerine Kad\u0131n Sa\u011fl\u0131\u011f\u0131 Dan\u0131\u015fma Merkezi&#8217;nden haberdar oldu\u011funu belirten Karaduman, \u00e7ok ciddi sa\u011fl\u0131k sorunlar\u0131 ya\u015fad\u0131\u011f\u0131n\u0131 da ekleyerek, &#8220;Diyetisyen ve fizyoterapist deste\u011fi ald\u0131m. Hem sa\u011fl\u0131k a\u00e7\u0131s\u0131ndan \u00e7ok faydas\u0131n\u0131 g\u00f6rd\u00fcm hem de benim i\u00e7in \u00e7ok b\u00fcy\u00fck bir motivasyon kayna\u011f\u0131 oldu&#8221; \u015feklinde konu\u015ftu.<\/p>\n<p>Etkinlikten memnun kalan dan\u0131\u015fanlardan Mediha \u0130lg\u00fcn ise, &#8220;Hava mis gibi. Mersin s\u0131ca\u011f\u0131ndan sonra buras\u0131 ila\u00e7 gibi geldi. Etkinlik \u00e7ok g\u00fczeldi&#8221; dedi. \u0130lg\u00fcn, Kad\u0131n Sa\u011fl\u0131\u011f\u0131 Dan\u0131\u015fma Merkezi&#8217;nde verilen hizmetlerin hepsinden yararland\u0131\u011f\u0131n\u0131 ve personellerin i\u015flerinde uzman oldu\u011funu dile getirerek Kad\u0131n Sa\u011fl\u0131\u011f\u0131 Dan\u0131\u015fma Merkezi&#8217;ni herkese tavsiye etti.<\/p>\n<p>Kad\u0131nlar Toroslar&#8217;\u0131n hem havas\u0131na hem manzaras\u0131na hayran kald\u0131<br \/>\nEtkinlikte, do\u011fayla ve farkl\u0131 farkl\u0131 insanlarla bir arada olman\u0131n g\u00fczelli\u011fini ya\u015fad\u0131\u011f\u0131n\u0131 s\u00f6yleyen Leman \u00c7elikaslan da, &#8220;Dostlarla, kad\u0131nlarla olmak \u00e7ok g\u00fczel bir \u015fey. Dar\u0131sekisi K\u00f6y\u00fc&#8217;ne ilk defa geliyorum. \u00c7ok merak etti\u011fim bir k\u00f6yd\u00fc. Kad\u0131n eme\u011fi ile yap\u0131lan bir k\u00f6y. Do\u011fayla, dostuyla sakin bir ortam&#8221; dedi. Kad\u0131n Sa\u011fl\u0131\u011f\u0131 Dan\u0131\u015fma Merkezi&#8217;nden hem kendisinin hem k\u0131z karde\u015finin faydaland\u0131\u011f\u0131n\u0131 belirten \u00c7elikaslan, &#8220;Pilatese gitti\u011fimde 5-6 kilo verdim. Sa\u011fl\u0131k a\u00e7\u0131s\u0131ndan \u00e7ok faydas\u0131n\u0131 g\u00f6rd\u00fcm&#8221; diye konu\u015ftu.<\/p>\n<p>Etkinli\u011fe k\u0131z karde\u015fiyle gelen Fikriye Narin, &#8220;Kad\u0131nlar i\u00e7in b\u00f6yle etkinliklerin d\u00fczenlenmesi \u00e7ok g\u00fczel. Ba\u015fkan\u0131m\u0131z Vahap Se\u00e7er kad\u0131nlara \u00e7ok de\u011fer veriyor. Kad\u0131n Sa\u011fl\u0131\u011f\u0131 Dan\u0131\u015fma Merkezi&#8217;ni ben tesad\u00fcfen g\u00f6rd\u00fcm. Onu a\u00e7mas\u0131 bile o kadar g\u00fczel ki&#8230; \u0130\u00e7eriye girer girmez hocalar\u0131m\u0131z\u0131n hepsinden bir elektrik ald\u0131m&#8221; dedi. Kad\u0131n Sa\u011fl\u0131\u011f\u0131 Dan\u0131\u015fma Merkezi&#8217;nin son zamanlarda ya\u015fad\u0131\u011f\u0131 k\u00f6t\u00fc s\u00fcre\u00e7leri atlatmas\u0131nda b\u00fcy\u00fck kolayl\u0131k sa\u011flad\u0131\u011f\u0131n\u0131 ifade eden Narin, &#8220;E\u011fer ben Kad\u0131n Sa\u011fl\u0131\u011f\u0131 Dan\u0131\u015fma Merkezi&#8217;ne gitmeseydim hastanelik olabilirdim. \u015eu an \u00e7ok iyiyim. Etkinlikte bana \u00e7ok iyi geldi. Ne\u015feli olduk, stres denen bir \u015fey kalmad\u0131&#8221; \u015feklinde konu\u015ftu.<\/p>\n<p>Etkinlikte yeni arkada\u015flarla tan\u0131\u015f\u0131p, kayna\u015ft\u0131klar\u0131n\u0131 dile getiren Emine Ball\u0131can, &#8220;\u0130lk kez Dar\u0131sekisi&#8217;ne geldim. Havas\u0131 \u00e7ok g\u00fczeldi, serindi. Bizim i\u00e7in de\u011fi\u015fiklik oldu. Belediye Ba\u015fkan\u0131 Vahap Se\u00e7er&#8217;i \u00e7ok seviyoruz ve memnunuz. B\u00fcy\u00fck\u015fehir Belediyesi mahallemizle de \u00e7ok ilgileniyor, her zaman tertemiz, \u00e7\u00f6p olmuyor&#8221; diye belirtti.<\/p>\n","protected":false},"excerpt":{"rendered":"<p>Mersin B\u00fcy\u00fck\u015fehir Belediyesi Sa\u011fl\u0131k \u0130\u015fleri Dairesi Ba\u015fkanl\u0131\u011f\u0131 ve D\u0131\u015f \u0130li\u015fkiler ve Projeler \u015eube M\u00fcd\u00fcrl\u00fc\u011f\u00fc&#8217;n\u00fcn 2021 y\u0131l\u0131nda Uluslararas\u0131 G\u00f6\u00e7 \u00d6rg\u00fct\u00fc&#8217;n\u00fcn (IOM) deste\u011fiyle hayata ge\u00e7irdi\u011fi Kad\u0131n Sa\u011fl\u0131\u011f\u0131 Dan\u0131\u015fma Merkezi, kad\u0131nlar\u0131n yan\u0131nda olmaya &hellip; <a href=\"https:\/\/akdenizolaygazetesi.com\/?p=27659\" class=\"more-link\">Devam\u0131n\u0131 Oku&#8230;<\/a><\/p>\n","protected":false},"author":2,"featured_media":27660,"comment_status":"open","ping_status":"open","sticky":false,"template":"","format":"standard","meta":[],"categories":[2,3,9],"tags":[],"_links":{"self":[{"href":"https:\/\/akdenizolaygazetesi.com\/index.php?rest_route=\/wp\/v2\/posts\/27659"}],"collection":[{"href":"https:\/\/akdenizolaygazetesi.com\/index.php?rest_route=\/wp\/v2\/posts"}],"about":[{"href":"https:\/\/akdenizolaygazetesi.com\/index.php?rest_route=\/wp\/v2\/types\/post"}],"author":[{"embeddable":true,"href":"https:\/\/akdenizolaygazetesi.com\/index.php?rest_route=\/wp\/v2\/users\/2"}],"replies":[{"embeddable":true,"href":"https:\/\/akdenizolaygazetesi.com\/index.php?rest_route=%2Fwp%2Fv2%2Fcomments&post=27659"}],"version-history":[{"count":1,"href":"https:\/\/akdenizolaygazetesi.com\/index.php?rest_route=\/wp\/v2\/posts\/27659\/revisions"}],"predecessor-version":[{"id":27661,"href":"https:\/\/akdenizolaygazetesi.com\/index.php?rest_route=\/wp\/v2\/posts\/27659\/revisions\/27661"}],"wp:featuredmedia":[{"embeddable":true,"href":"https:\/\/akdenizolaygazetesi.com\/index.php?rest_route=\/wp\/v2\/media\/27660"}],"wp:attachment":[{"href":"https:\/\/akdenizolaygazetesi.com\/index.php?rest_route=%2Fwp%2Fv2%2Fmedia&parent=27659"}],"wp:term":[{"taxonomy":"category","embeddable":true,"href":"https:\/\/akdenizolaygazetesi.com\/index.php?rest_route=%2Fwp%2Fv2%2Fcategories&post=27659"},{"taxonomy":"post_tag","embeddable":true,"href":"https:\/\/akdenizolaygazetesi.com\/index.php?rest_route=%2Fwp%2Fv2%2Ftags&post=27659"}],"curies":[{"name":"wp","href":"https:\/\/api.w.org\/{rel}","templated":true}]}}