{"id":27665,"date":"2023-09-14T13:12:19","date_gmt":"2023-09-14T10:12:19","guid":{"rendered":"http:\/\/akdenizolaygazetesi.com\/?p=27665"},"modified":"2023-09-14T13:12:19","modified_gmt":"2023-09-14T10:12:19","slug":"buyuksehir-4-patifeste-ozel-resim-yarismasi-duzenliyor","status":"publish","type":"post","link":"https:\/\/akdenizolaygazetesi.com\/?p=27665","title":{"rendered":"B\u00dcY\u00dcK\u015eEH\u0130R, 4. PAT\u0130FEST&#8217;E \u00d6ZEL RES\u0130M YARI\u015eMASI D\u00dcZENL\u0130YOR"},"content":{"rendered":"<p>Mersin B\u00fcy\u00fck\u015fehir Belediyesi, bu y\u0131l 4. kez d\u00fczenleyece\u011fi Patifest&#8217;e \u00f6zel &#8216;Benim Dostum&#8217; resim yar\u0131\u015fmas\u0131 d\u00fczenliyor. \u0130lkokul ve ortaokul \u00f6\u011frencilerinin, patili dostlara olan sevgisinin ana tema oldu\u011fu yar\u0131\u015fmada dereceye giren ilk 3 \u00f6\u011frenci \u00f6d\u00fcllendirilecek. \u00d6d\u00fcller 8 Ekim Pazar g\u00fcn\u00fc yap\u0131lacak Patifest&#8217;te verilecek. Ayr\u0131ca ilk 10&#8217;a giren resimler, Patifest alan\u0131nda sergilenecek.<\/p>\n<p>\u00d6\u011frencilerin evcil ya da sokakta ya\u015fayan patili dostlara kar\u015f\u0131 duygu, d\u00fc\u015f\u00fcnce ve hayallerini resim yoluyla anlataca\u011f\u0131 yar\u0131\u015fma i\u00e7in ba\u015fvuru, 11-29 Eyl\u00fcl tarihleri aras\u0131nda yap\u0131lacak. Hayvan sevgisi ve merhamet duygusu kazand\u0131rman\u0131n ama\u00e7land\u0131\u011f\u0131 yar\u0131\u015fmada patili dostlar, \u00e7ocuklar\u0131n g\u00f6z\u00fcnden ve hayal g\u00fcc\u00fcnden ka\u011f\u0131tlara yans\u0131yacak.<\/p>\n<p>Kat\u0131lmak i\u00e7in \u015fartlar<br \/>\nYar\u0131\u015fmaya, Mersin genelindeki t\u00fcm \u00f6zel ve resmi ilkokullar ile ortaokullarda e\u011fitim g\u00f6ren 1. &#8211; 8. S\u0131n\u0131f aral\u0131\u011f\u0131ndaki \u00f6\u011frenciler kat\u0131labilecek. \u0130lkokullar ile ortaokullar aras\u0131nda iki kategoride de\u011ferlendirilecek olan yar\u0131\u015fmaya, her \u00f6\u011frenci bir adet eserle kat\u0131labilecek. Resimlerin orijinali, 11 Eyl\u00fcl &#8211; 29 Eyl\u00fcl tarihleri aras\u0131nda, okul idareleri ile Mersin B\u00fcy\u00fck\u015fehir Belediyesi Tar\u0131msal Hizmetler Dairesi Ba\u015fkanl\u0131\u011f\u0131 Metropol \u0130\u015f Merkezi 28. Kat adresine teslim edilecek. Ba\u015fvuru \u015fartlar\u0131 ve detaylar\u0131, mersin.bel.tr adresiyle Teksin Mersin uygulamas\u0131n\u0131n &#8216;Duyurular&#8217; k\u0131sm\u0131nda yer al\u0131yor.<\/p>\n<p>\u00d6d\u00fcl t\u00f6reni 8 Ekim&#8217;de Patifest&#8217;te yap\u0131lacak<br \/>\nMersin \u0130l Milli E\u011fitim M\u00fcd\u00fcrl\u00fc\u011f\u00fc&#8217;nden 2, Mersin B\u00fcy\u00fck\u015fehir Belediyesi&#8217;nden de 1 ki\u015finin yer alaca\u011f\u0131 j\u00fcri \u00fcyesinden olu\u015fan komite, de\u011ferlendirmeyi 2-4 Ekim 2023 tarihleri aras\u0131nda yapacak.<br \/>\nYar\u0131\u015fmada dereceye giren \u00f6\u011frencilerin \u00f6d\u00fclleri, 8 Ekim 2023 Pazar g\u00fcn\u00fc yap\u0131lacak 4. Patifest etkinli\u011finde verilecek.<\/p>\n<p>Yar\u0131\u015fmada birinci olan \u00f6\u011frenciye bisiklet ve sinema bileti, ikinciye ak\u0131ll\u0131 kol saati ve sinema bileti, \u00fc\u00e7\u00fcnc\u00fcye ise resim seti ve sinema bileti hediye edilecek. Ayr\u0131ca t\u00fcm kat\u0131l\u0131mc\u0131lara \u00fccretsiz Tarsus Do\u011fa Park\u0131 ziyareti olana\u011f\u0131 tan\u0131nacak.<\/p>\n","protected":false},"excerpt":{"rendered":"<p>Mersin B\u00fcy\u00fck\u015fehir Belediyesi, bu y\u0131l 4. kez d\u00fczenleyece\u011fi Patifest&#8217;e \u00f6zel &#8216;Benim Dostum&#8217; resim yar\u0131\u015fmas\u0131 d\u00fczenliyor. \u0130lkokul ve ortaokul \u00f6\u011frencilerinin, patili dostlara olan sevgisinin ana tema oldu\u011fu yar\u0131\u015fmada dereceye giren ilk &hellip; <a href=\"https:\/\/akdenizolaygazetesi.com\/?p=27665\" class=\"more-link\">Devam\u0131n\u0131 Oku&#8230;<\/a><\/p>\n","protected":false},"author":2,"featured_media":27666,"comment_status":"open","ping_status":"open","sticky":false,"template":"","format":"standard","meta":[],"categories":[3],"tags":[],"_links":{"self":[{"href":"https:\/\/akdenizolaygazetesi.com\/index.php?rest_route=\/wp\/v2\/posts\/27665"}],"collection":[{"href":"https:\/\/akdenizolaygazetesi.com\/index.php?rest_route=\/wp\/v2\/posts"}],"about":[{"href":"https:\/\/akdenizolaygazetesi.com\/index.php?rest_route=\/wp\/v2\/types\/post"}],"author":[{"embeddable":true,"href":"https:\/\/akdenizolaygazetesi.com\/index.php?rest_route=\/wp\/v2\/users\/2"}],"replies":[{"embeddable":true,"href":"https:\/\/akdenizolaygazetesi.com\/index.php?rest_route=%2Fwp%2Fv2%2Fcomments&post=27665"}],"version-history":[{"count":1,"href":"https:\/\/akdenizolaygazetesi.com\/index.php?rest_route=\/wp\/v2\/posts\/27665\/revisions"}],"predecessor-version":[{"id":27667,"href":"https:\/\/akdenizolaygazetesi.com\/index.php?rest_route=\/wp\/v2\/posts\/27665\/revisions\/27667"}],"wp:featuredmedia":[{"embeddable":true,"href":"https:\/\/akdenizolaygazetesi.com\/index.php?rest_route=\/wp\/v2\/media\/27666"}],"wp:attachment":[{"href":"https:\/\/akdenizolaygazetesi.com\/index.php?rest_route=%2Fwp%2Fv2%2Fmedia&parent=27665"}],"wp:term":[{"taxonomy":"category","embeddable":true,"href":"https:\/\/akdenizolaygazetesi.com\/index.php?rest_route=%2Fwp%2Fv2%2Fcategories&post=27665"},{"taxonomy":"post_tag","embeddable":true,"href":"https:\/\/akdenizolaygazetesi.com\/index.php?rest_route=%2Fwp%2Fv2%2Ftags&post=27665"}],"curies":[{"name":"wp","href":"https:\/\/api.w.org\/{rel}","templated":true}]}}