{"id":27708,"date":"2023-09-19T12:56:57","date_gmt":"2023-09-19T09:56:57","guid":{"rendered":"http:\/\/akdenizolaygazetesi.com\/?p=27708"},"modified":"2023-09-19T12:56:57","modified_gmt":"2023-09-19T09:56:57","slug":"buyuksehirin-emekli-evi-uyeleri-kumkuyu-plajinda-bir-araya-geldi","status":"publish","type":"post","link":"https:\/\/akdenizolaygazetesi.com\/?p=27708","title":{"rendered":"B\u00dcY\u00dcK\u015eEH\u0130R&#8217;\u0130N EMEKL\u0130 EV\u0130 \u00dcYELER\u0130, KUMKUYU PLAJI&#8217;NDA B\u0130R ARAYA GELD\u0130"},"content":{"rendered":"<p>7&#8217;den 70&#8217;e her yurtta\u015f\u0131n\u0131 d\u00fc\u015f\u00fcnen Mersin B\u00fcy\u00fck\u015fehir Belediyesi, Yeni\u015fehir Emekli Evi \u00fcyelerini bir araya getirerek, ya\u015f alm\u0131\u015flar\u0131 deniz etkinli\u011finde bulu\u015fturdu. B\u00fcy\u00fck\u015fehir Belediyesi Sosyal Hizmetler Dairesi Ba\u015fkanl\u0131\u011f\u0131 b\u00fcnyesinde faaliyet g\u00f6steren Yeni\u015fehir Emekli Evi&#8217;nin d\u00fczenlemi\u015f oldu\u011fu etkinlik kapsam\u0131nda, 55 ya\u015f ve \u00fczeri yurtta\u015flar, Erdemli&#8217;ye ba\u011fl\u0131 Kumkuyu Plaj\u0131&#8217;nda bir araya geldi.<\/p>\n<p>\u00d6nce denizde y\u00fczerek serinleyen yurtta\u015flar, ard\u0131ndan m\u00fczik e\u015fli\u011finde oyunlar oynad\u0131. Yemek ikram\u0131nda bulunulan emeklilerin, sa\u011fl\u0131k taramas\u0131 da Sa\u011fl\u0131k \u0130\u015fleri Dairesi Ba\u015fkanl\u0131\u011f\u0131 ekipleri taraf\u0131ndan ger\u00e7ekle\u015ftirildi. Akranlar\u0131yla bir arada olman\u0131n mutlulu\u011funu ya\u015fayan yurtta\u015flar, keyifli bir g\u00fcn ge\u00e7irerek moral buldu.<\/p>\n<p>Yeter: &#8220;Emekli Evleri olarak ya\u015f alm\u0131\u015flar\u0131m\u0131z\u0131 her t\u00fcrl\u00fc etkinlikle bulu\u015fturuyoruz&#8221;<\/p>\n<p>Ya\u015f alm\u0131\u015f yurtta\u015flar\u0131n pek \u00e7ok etkinlikle bulu\u015fturuldu\u011funu ve Halkkent, Yeni\u015fehir ile Tarsus Emekli Evi \u00fcyelerinin programlar\u0131n\u0131 e\u015f zamanl\u0131 y\u00fcr\u00fctt\u00fcklerini ifade eden B\u00fcy\u00fck\u015fehir Belediyesi Sosyal Hizmetler Dairesi Ba\u015fkanl\u0131\u011f\u0131 Halkkent Emekli Evi Sorumlusu \u00c7a\u011fda\u015f Yeter, &#8220;Emekli Evleri olarak 55 ya\u015f ve \u00fczeri ya\u015f alm\u0131\u015f emeklilerimize e\u011fitim, sa\u011fl\u0131k, sosyal ve bir\u00e7ok alanda etkinlikler d\u00fczenliyoruz.  Emekli Evi \u00fcyelerimizin hem serinlemesi hem de sosyalle\u015fmesi i\u00e7in Kumkuyu Halk Plaj\u0131&#8217;na getirdik&#8221; dedi. Yap\u0131lan etkinliklerden ya\u015f alm\u0131\u015flar\u0131n \u00e7ok memnun kald\u0131\u011f\u0131n\u0131 ve geri d\u00f6n\u00fctlerin olumlu oldu\u011funu belirten Yeter, bu durumun kendilerini \u00e7ok mutlu etti\u011fini ifade etti.<\/p>\n<p>Emekli Evi \u00fcyeleri birlikte zaman ge\u00e7irmenin keyfini ya\u015fad\u0131<\/p>\n<p>Denizde y\u00fczerek g\u00fczel havan\u0131n tad\u0131n\u0131 arkada\u015flar\u0131yla \u00e7\u0131karan Mevl\u00fct \u00d6zkan, &#8220;Vaktimizi arkada\u015flar\u0131m\u0131z ve b\u00fct\u00fcn emekli \u00fcyelerimizle birlikte \u00e7ok g\u00fczel ge\u00e7irdik. B\u00fcy\u00fck\u015fehir Belediyesi&#8217;nin otob\u00fcsleri bizi buraya getirdi. Denizde y\u00fcz\u00fcp, s\u0131cak kumun keyfini \u00e7\u0131kard\u0131k&#8221; dedi.<\/p>\n<p>\u00d6zellikte ya\u015fl\u0131l\u0131kta birlik ve beraberlik ihtiyac\u0131n\u0131n daha \u00e7ok artt\u0131\u011f\u0131n\u0131 dile getiren \u00d6zkan, &#8220;Sosyalle\u015fmek, birlik ve beraberlik, dostluk, arkada\u015fl\u0131k hele ki ya\u015fl\u0131l\u0131kta, emeklilikte daha g\u00fczel&#8221; \u015feklinde konu\u015ftu.<\/p>\n<p>Yeni\u015fehir Emekli Evi&#8217;ne a\u00e7\u0131ld\u0131\u011f\u0131 g\u00fcnden beri giden Kadir \u00d6zbilen&#8217;de, &#8220;Emekli Evi&#8217;nin her t\u00fcrl\u00fc hizmetinden faydalan\u0131yoruz. \u0130lk \u00fcyelerinden biriyim. Gezi oldu\u011funu duyunca e\u015fimle birlikte hemen kayd\u0131m\u0131z\u0131 yapt\u0131rd\u0131k&#8221; diye konu\u015ftu.<\/p>\n<p>12 y\u0131ld\u0131r Mersin&#8217;de ya\u015fad\u0131\u011f\u0131n\u0131 ve B\u00fcy\u00fck\u015fehir Belediyesi&#8217;nin hizmetlerinden olduk\u00e7a memnun kald\u0131\u011f\u0131n\u0131 belirten \u00d6zbilen, &#8220;Bir belediyenin bu kadar \u00e7al\u0131\u015ft\u0131\u011f\u0131n\u0131 ve hizmet verdi\u011fini ben ilk kez burada g\u00f6rd\u00fcm. Geziler, k\u00fclt\u00fcr sanat faaliyetleri, s\u00f6yle\u015filer, sahildeki konserler, hepsinden son derece memnunuz&#8221; dedi. <\/p>\n<p>Ya\u015f alm\u0131\u015flar, g\u00fcn boyunca g\u00f6n\u00fcllerince e\u011flendi<\/p>\n<p>Emekli maa\u015flar\u0131yla sosyal ve k\u00fclt\u00fcrel faaliyetlere b\u00fct\u00e7e ay\u0131rman\u0131n zor oldu\u011funu ve Emekli Evi&#8217;nin d\u00fczenledi\u011fi etkinliklere s\u00fcrekli kat\u0131ld\u0131\u011f\u0131n\u0131 ifade eden Fadime Dursun, &#8220;Mersin B\u00fcy\u00fck\u015fehir Belediyesi gibi \u00e7al\u0131\u015fan bir belediye nadir bulunur.  Emekli maa\u015flar\u0131yla bir \u015feye yeti\u015fmek m\u00fcmk\u00fcn de\u011fil. Bu faaliyetler olmasa ben evden \u00e7\u0131km\u0131yorum, m\u00fcmk\u00fcn de\u011fil; nereye gitsen para. Ekonomik s\u0131k\u0131nt\u0131 i\u00e7indeyiz, ev ge\u00e7indirirken ayba\u015f\u0131n\u0131 zor getiriyoruz. Kald\u0131 ki sinemaya, denize gitmek \u00e7ok zor. B\u00fcy\u00fck\u015fehir Belediyesi&#8217;ne \u00e7ok te\u015fekk\u00fcr ederim&#8221; diye belirtti.<\/p>\n<p>Etkinlikte arkada\u015flar\u0131yla birlikte g\u00fczel vakit ge\u00e7irdi\u011fini s\u00f6yleyen G\u00f6n\u00fcl Demiry\u00fcrek, ise, &#8220;B\u00fcy\u00fck\u015fehir Belediyesi bizi monoton hayat\u0131m\u0131zdan bir g\u00fcnl\u00fc\u011f\u00fcne de olsa \u00e7\u0131kartarak, g\u00fczel bir etkinlikle a\u011f\u0131rlad\u0131. Ba\u015fkan\u0131m\u0131z Vahap Se\u00e7er&#8217;in b\u00fct\u00fcn Mersin&#8217;e verdi\u011fi emekleri ve \u00e7abalar\u0131 g\u00f6r\u00fcp, takip ediyor, \u00e7ok memnun oluyorum&#8221; \u015feklinde konu\u015ftu. Arkada\u015flar\u0131yla birlikte \u015fark\u0131lar s\u00f6yleyip, oyun oynad\u0131klar\u0131n\u0131 dile getiren Demiry\u00fcrek s\u00f6zlerine ek olarak, &#8220;Gezdik, bol bol y\u00fcr\u00fcy\u00fc\u015f yapt\u0131k, yemek yedik, denizde y\u00fczmek isteyen denizde y\u00fczd\u00fc, \u015fahane bir g\u00fcn ge\u00e7irdik&#8221; dedi.<\/p>\n<p>Emekli Evi sayesinde eve kapanmaktan kurtulduklar\u0131n\u0131 ifade eden \u00fcyelerden Z\u00fcleyha \u00c7olakkad\u0131&#8217;da , &#8220;Yapt\u0131\u011f\u0131 i\u015flerden dolay\u0131 Ba\u015fkan\u0131m\u0131z Vahap Se\u00e7er&#8217;e \u00e7ok te\u015fekk\u00fcr ederim. Bizleri d\u00fc\u015f\u00fcn\u00fcp evimizde kapal\u0131 tutmay\u0131p, etkinlikler, geziler d\u00fczenliyor, hi\u00e7 masraf yapm\u0131yoruz&#8221; \u015feklinde konu\u015ftu. Ba\u015fkan Vahap Se\u00e7er&#8217;in 7&#8217;den 70&#8217;e herkesin hayat\u0131na dokundu\u011funu belirten \u00c7olakkad\u0131, &#8220;\u00c7ocuklardan b\u00fcy\u00fcklerine kadar ayr\u0131m yapmadan Ba\u015fkan\u0131m\u0131z herkesi e\u015fit tutup, emek veriyor&#8221; \u015feklinde konu\u015ftu.<\/p>\n","protected":false},"excerpt":{"rendered":"<p>7&#8217;den 70&#8217;e her yurtta\u015f\u0131n\u0131 d\u00fc\u015f\u00fcnen Mersin B\u00fcy\u00fck\u015fehir Belediyesi, Yeni\u015fehir Emekli Evi \u00fcyelerini bir araya getirerek, ya\u015f alm\u0131\u015flar\u0131 deniz etkinli\u011finde bulu\u015fturdu. B\u00fcy\u00fck\u015fehir Belediyesi Sosyal Hizmetler Dairesi Ba\u015fkanl\u0131\u011f\u0131 b\u00fcnyesinde faaliyet g\u00f6steren Yeni\u015fehir &hellip; <a href=\"https:\/\/akdenizolaygazetesi.com\/?p=27708\" class=\"more-link\">Devam\u0131n\u0131 Oku&#8230;<\/a><\/p>\n","protected":false},"author":2,"featured_media":27709,"comment_status":"open","ping_status":"open","sticky":false,"template":"","format":"standard","meta":[],"categories":[1,2,3],"tags":[],"_links":{"self":[{"href":"https:\/\/akdenizolaygazetesi.com\/index.php?rest_route=\/wp\/v2\/posts\/27708"}],"collection":[{"href":"https:\/\/akdenizolaygazetesi.com\/index.php?rest_route=\/wp\/v2\/posts"}],"about":[{"href":"https:\/\/akdenizolaygazetesi.com\/index.php?rest_route=\/wp\/v2\/types\/post"}],"author":[{"embeddable":true,"href":"https:\/\/akdenizolaygazetesi.com\/index.php?rest_route=\/wp\/v2\/users\/2"}],"replies":[{"embeddable":true,"href":"https:\/\/akdenizolaygazetesi.com\/index.php?rest_route=%2Fwp%2Fv2%2Fcomments&post=27708"}],"version-history":[{"count":1,"href":"https:\/\/akdenizolaygazetesi.com\/index.php?rest_route=\/wp\/v2\/posts\/27708\/revisions"}],"predecessor-version":[{"id":27710,"href":"https:\/\/akdenizolaygazetesi.com\/index.php?rest_route=\/wp\/v2\/posts\/27708\/revisions\/27710"}],"wp:featuredmedia":[{"embeddable":true,"href":"https:\/\/akdenizolaygazetesi.com\/index.php?rest_route=\/wp\/v2\/media\/27709"}],"wp:attachment":[{"href":"https:\/\/akdenizolaygazetesi.com\/index.php?rest_route=%2Fwp%2Fv2%2Fmedia&parent=27708"}],"wp:term":[{"taxonomy":"category","embeddable":true,"href":"https:\/\/akdenizolaygazetesi.com\/index.php?rest_route=%2Fwp%2Fv2%2Fcategories&post=27708"},{"taxonomy":"post_tag","embeddable":true,"href":"https:\/\/akdenizolaygazetesi.com\/index.php?rest_route=%2Fwp%2Fv2%2Ftags&post=27708"}],"curies":[{"name":"wp","href":"https:\/\/api.w.org\/{rel}","templated":true}]}}