{"id":27715,"date":"2023-09-20T13:01:26","date_gmt":"2023-09-20T10:01:26","guid":{"rendered":"http:\/\/akdenizolaygazetesi.com\/?p=27715"},"modified":"2023-09-20T13:01:26","modified_gmt":"2023-09-20T10:01:26","slug":"baskan-yilmaz-demirtas-pazarci-esnafini-sevindirdi","status":"publish","type":"post","link":"https:\/\/akdenizolaygazetesi.com\/?p=27715","title":{"rendered":"BA\u015eKAN YILMAZ, DEM\u0130RTA\u015e PAZARCI ESNAFINI SEV\u0130ND\u0130RD\u0130"},"content":{"rendered":"<p>Mersin&#8217;in merkez il\u00e7esi Toroslar&#8217;\u0131n Demirta\u015f Mahallesi&#8217;nde kurulan pazar yeri, Toroslar Belediye Ba\u015fkan\u0131 Ats\u0131z Af\u015f\u0131n Y\u0131lmaz&#8217;\u0131n talimat\u0131 ile yap\u0131lan d\u00fczenleme sonucu resmi stat\u00fcs\u00fcne kavu\u015fuyor.<\/p>\n<p>Yakla\u015f\u0131k 35 y\u0131ld\u0131r pazarc\u0131 esnaf\u0131n\u0131n kanayan yaras\u0131 olan bu sorunun \u00e7\u00f6z\u00fcm\u00fcn\u00fc sa\u011flayan Ba\u015fkan Y\u0131lmaz&#8217;a, pazarc\u0131 esnaf\u0131 ise te\u015fekk\u00fcr etti.<\/p>\n<p>Mersin Pazarc\u0131lar Esnaf Odas\u0131 Ba\u015fkan\u0131 Abdulhalim Batur&#8217;un d\u00fczenledi\u011fi kahvalt\u0131 program\u0131nda pazarc\u0131 esnaf\u0131yla bir araya gelen Ba\u015fkan Y\u0131lmaz; &#8220;Demirta\u015f pazar\u0131m\u0131z, Mersin&#8217;in en ucuz pazar\u0131. Her hafta binlerce ki\u015fi burada al\u0131\u015fveri\u015f yap\u0131yor. Biz bunu ger\u00e7ekle\u015ftirmekten mutluluk duyuyoruz. Resmile\u015ftikten sonra pazar\u0131m\u0131z daha da b\u00fcy\u00fcyecek ve geli\u015fecek. Pazar\u0131m\u0131z, Mersin&#8217;in en g\u00f6zde pazar yeri olsun istiyoruz. Hay\u0131rl\u0131 u\u011furlu olsun&#8221; dedi.<\/p>\n<p>PAZARCILAR ESNAF ODASI BA\u015eKANI BATUR; &#8220;ESNAF ARKADA\u015eLARIMIZIN HAKLARINI KORUYAN BA\u015eKANIMIZDAN ALLAH RAZI OLSUN&#8221;<\/p>\n<p>Demirta\u015f Mahalle Muhtar\u0131 Abdulselam Aksu ve belediye meclis \u00fcyelerinin de haz\u0131r bulundu\u011fu programda Ba\u015fkan Y\u0131lmaz, pazarc\u0131 esnaf\u0131 taraf\u0131ndan alk\u0131\u015flarla kar\u015f\u0131land\u0131.<\/p>\n<p>Ba\u015fkan Y\u0131lmaz&#8217;a te\u015fekk\u00fcr eden Pazarc\u0131lar Esnaf Odas\u0131 Ba\u015fkan\u0131 Abdulhalim Batur; &#8220;Say\u0131n Ba\u015fkan\u0131m\u0131z Ats\u0131z Af\u015f\u0131n Y\u0131lmaz, resmi stat\u00fcye kavu\u015fmak i\u00e7in bekleyen Demirta\u015f pazar\u0131m\u0131z\u0131n yakla\u015f\u0131k 35 senedir kanayan yaras\u0131 olan bu soruna \u00e7\u00f6z\u00fcm odakl\u0131 noktay\u0131 koydu. Say\u0131n Ba\u015fkan\u0131m\u0131z, &#8216;Bu pazar yerini resmiyete ba\u011flayal\u0131m, esnaf arkada\u015flar\u0131m\u0131z\u0131n haklar\u0131 korunsun&#8217; dedi. Kendisine sonsuz te\u015fekk\u00fcrlerimi ve \u015f\u00fckranlar\u0131m\u0131 sunuyorum. Biz ba\u015fkan\u0131m\u0131za sahip \u00e7\u0131kaca\u011f\u0131z, ba\u015fkan\u0131m\u0131z da bizlere sahip \u00e7\u0131kacak&#8221; ifadelerini kulland\u0131.<\/p>\n<p>BA\u015eKAN YILMAZ; &#8220;ESNAFIMIZDAN YANA HEP B\u0130RL\u0130KTE B\u0130R \u0130RADE ORTAYA KOYDUK&#8221;<\/p>\n<p>Pazar esnaf\u0131na hay\u0131rl\u0131 bol kazan\u00e7lar dileyen Ba\u015fkan Y\u0131lmaz ise; &#8220;Yakla\u015f\u0131k 35 y\u0131ld\u0131r burada Demirta\u015f pazar\u0131m\u0131z var. Fiilen vard\u0131, resmi olarak yoktu. Bunun de\u011fi\u015fik yans\u0131malar\u0131 ve s\u0131k\u0131nt\u0131lar\u0131 oldu. Bunu \u00e7\u00f6zelim dedik ve bir irade ortaya koyduk. Sizler de bir irade ortaya koydunuz. Oda Ba\u015fkan\u0131m\u0131z ve Belediye Meclis \u00dcyelerimiz de b\u00fcy\u00fck \u00e7aba g\u00f6sterdiler. Neticede bu noktaya geldik&#8221; diye konu\u015ftu.<\/p>\n<p>Ba\u015fkan Y\u0131lmaz, konu\u015fmas\u0131nda birlik ve beraberli\u011fe vurgu yaparak; &#8220;Konular\u0131, meseleleri birebir \u00e7\u00f6zmek, birbirimizin \u00f6nceliklerini, pozisyonunu anlayarak \u00e7\u00f6zmek ana \u015fiar\u0131m\u0131zd\u0131r. Bunun i\u00e7in mutluluk duyuyoruz. Pazar\u0131m\u0131za sahip \u00e7\u0131kal\u0131m. Sevgimizi, sayg\u0131m\u0131z\u0131 ve h\u00fcrmetimizi daim eyleyece\u011fiz. Bir ve beraber olaca\u011f\u0131z. Bu g\u00fczel memleketimizde hep beraber sa\u011fl\u0131k, mutluluk ve huzur i\u00e7inde ya\u015fayaca\u011f\u0131z in\u015fallah&#8221; \u015feklinde konu\u015ftu.<\/p>\n<p>Program, hat\u0131ra foto\u011fraf\u0131 \u00e7ekiminin ard\u0131ndan sona erdi. Ba\u015fkan Y\u0131lmaz, daha sonra Mersin Pazarc\u0131lar Esnaf Odas\u0131 Ba\u015fkan\u0131 Abdulhalim Batur ile birlikte Demirta\u015f Pazar yerini gezerek, esnaf ve vatanda\u015flarla sohbet etti.<\/p>\n","protected":false},"excerpt":{"rendered":"<p>Mersin&#8217;in merkez il\u00e7esi Toroslar&#8217;\u0131n Demirta\u015f Mahallesi&#8217;nde kurulan pazar yeri, Toroslar Belediye Ba\u015fkan\u0131 Ats\u0131z Af\u015f\u0131n Y\u0131lmaz&#8217;\u0131n talimat\u0131 ile yap\u0131lan d\u00fczenleme sonucu resmi stat\u00fcs\u00fcne kavu\u015fuyor. Yakla\u015f\u0131k 35 y\u0131ld\u0131r pazarc\u0131 esnaf\u0131n\u0131n kanayan yaras\u0131 &hellip; <a href=\"https:\/\/akdenizolaygazetesi.com\/?p=27715\" class=\"more-link\">Devam\u0131n\u0131 Oku&#8230;<\/a><\/p>\n","protected":false},"author":2,"featured_media":27716,"comment_status":"open","ping_status":"open","sticky":false,"template":"","format":"standard","meta":[],"categories":[2,3],"tags":[],"_links":{"self":[{"href":"https:\/\/akdenizolaygazetesi.com\/index.php?rest_route=\/wp\/v2\/posts\/27715"}],"collection":[{"href":"https:\/\/akdenizolaygazetesi.com\/index.php?rest_route=\/wp\/v2\/posts"}],"about":[{"href":"https:\/\/akdenizolaygazetesi.com\/index.php?rest_route=\/wp\/v2\/types\/post"}],"author":[{"embeddable":true,"href":"https:\/\/akdenizolaygazetesi.com\/index.php?rest_route=\/wp\/v2\/users\/2"}],"replies":[{"embeddable":true,"href":"https:\/\/akdenizolaygazetesi.com\/index.php?rest_route=%2Fwp%2Fv2%2Fcomments&post=27715"}],"version-history":[{"count":1,"href":"https:\/\/akdenizolaygazetesi.com\/index.php?rest_route=\/wp\/v2\/posts\/27715\/revisions"}],"predecessor-version":[{"id":27717,"href":"https:\/\/akdenizolaygazetesi.com\/index.php?rest_route=\/wp\/v2\/posts\/27715\/revisions\/27717"}],"wp:featuredmedia":[{"embeddable":true,"href":"https:\/\/akdenizolaygazetesi.com\/index.php?rest_route=\/wp\/v2\/media\/27716"}],"wp:attachment":[{"href":"https:\/\/akdenizolaygazetesi.com\/index.php?rest_route=%2Fwp%2Fv2%2Fmedia&parent=27715"}],"wp:term":[{"taxonomy":"category","embeddable":true,"href":"https:\/\/akdenizolaygazetesi.com\/index.php?rest_route=%2Fwp%2Fv2%2Fcategories&post=27715"},{"taxonomy":"post_tag","embeddable":true,"href":"https:\/\/akdenizolaygazetesi.com\/index.php?rest_route=%2Fwp%2Fv2%2Ftags&post=27715"}],"curies":[{"name":"wp","href":"https:\/\/api.w.org\/{rel}","templated":true}]}}