{"id":27718,"date":"2023-09-20T13:04:28","date_gmt":"2023-09-20T10:04:28","guid":{"rendered":"http:\/\/akdenizolaygazetesi.com\/?p=27718"},"modified":"2023-09-20T13:04:28","modified_gmt":"2023-09-20T10:04:28","slug":"nazima-caz-sarkilari-yenisehirde","status":"publish","type":"post","link":"https:\/\/akdenizolaygazetesi.com\/?p=27718","title":{"rendered":"\u201cN\u00e2z\u0131m\u2019a Caz \u015eark\u0131lar\u0131\u201d Yeni\u015fehir\u2019de"},"content":{"rendered":"<p>Mersin Yeni\u015fehir Belediyesi, b\u00fcy\u00fck usta N\u00e2z\u0131m Hikmet Ran\u2019\u0131n \u015fiirlerinin caz besteleriyle yorumlanaca\u011f\u0131 \u201cN\u00e2z\u0131m\u2019a Caz \u015eark\u0131lar\u0131\u201d konserine ev sahipli\u011fi yapacak.  Yeni\u015fehir Belediye Ba\u015fkan\u0131 Abdullah \u00d6zyi\u011fit, 21 Eyl\u00fcl Per\u015fembe g\u00fcn\u00fc saat 20.00\u2019de Yeni\u015fehir Belediyesi Atat\u00fcrk K\u00fclt\u00fcr Merkezi\u2019nde sahnelenecek konsere Mersinlileri davet etti.<br \/>\nMersin Yeni\u015fehir Belediyesi, usta \u015fair Naz\u0131m Hikmet\u2019in 60. \u00f6l\u00fcm y\u0131ld\u00f6n\u00fcm\u00fc dolay\u0131s\u0131yla \u201cN\u00e2z\u0131m\u2019a Caz \u015eark\u0131lar\u0131\u201d konserini Mersinlilerle bulu\u015fturuyor. Sahnelendi\u011fi t\u00fcm \u015fehirlerde b\u00fcy\u00fck ilgi g\u00f6ren \u201cNaz\u0131m\u2019a Caz \u015eark\u0131lar\u0131\u201d adl\u0131 konser, Yeni\u015fehir Belediyesinin giri\u015fimleriyle sanatseverlerle bulu\u015facak. Konserde seslendirilecek \u015fiirler piyanist Yi\u011fit \u00d6zatalay taraf\u0131ndan bestelendi ve d\u00fczenlendi. Konserde Naz\u0131m Hikmet\u2019in \u201cMemleketim\u201d, \u201cBug\u00fcn Pazar\u201d, \u201cCeviz a\u011fac\u0131\u201d, \u201cHaydarpa\u015fa\u201d, \u201cMasallar\u0131n Masal\u0131\u201d \u015fiirlerinin de aralar\u0131nda oldu\u011fu \u00e7ok say\u0131da \u015fiiri caz formundaki bestelerle yorumlanacak.<br \/>\nVokallerde T\u00fclay G\u00fcnal ve Deniz G\u00fcng\u00f6ren\u2019in yer alaca\u011f\u0131 konserde, Yi\u011fit \u00d6zatalay piyanoda, Mustafa Kemal Emirel ise davulda performans sergileyecek Projede tiyatro sanat\u00e7\u0131s\u0131 Orhan Ayd\u0131n da konuk sanat\u00e7\u0131 olarak N\u00e2z\u0131m Hikmet\u2019in \u015fiirlerini seslendirecek.<\/p>\n","protected":false},"excerpt":{"rendered":"<p>Mersin Yeni\u015fehir Belediyesi, b\u00fcy\u00fck usta N\u00e2z\u0131m Hikmet Ran\u2019\u0131n \u015fiirlerinin caz besteleriyle yorumlanaca\u011f\u0131 \u201cN\u00e2z\u0131m\u2019a Caz \u015eark\u0131lar\u0131\u201d konserine ev sahipli\u011fi yapacak. Yeni\u015fehir Belediye Ba\u015fkan\u0131 Abdullah \u00d6zyi\u011fit, 21 Eyl\u00fcl Per\u015fembe g\u00fcn\u00fc saat 20.00\u2019de &hellip; <a href=\"https:\/\/akdenizolaygazetesi.com\/?p=27718\" class=\"more-link\">Devam\u0131n\u0131 Oku&#8230;<\/a><\/p>\n","protected":false},"author":2,"featured_media":27719,"comment_status":"open","ping_status":"open","sticky":false,"template":"","format":"standard","meta":[],"categories":[3],"tags":[],"_links":{"self":[{"href":"https:\/\/akdenizolaygazetesi.com\/index.php?rest_route=\/wp\/v2\/posts\/27718"}],"collection":[{"href":"https:\/\/akdenizolaygazetesi.com\/index.php?rest_route=\/wp\/v2\/posts"}],"about":[{"href":"https:\/\/akdenizolaygazetesi.com\/index.php?rest_route=\/wp\/v2\/types\/post"}],"author":[{"embeddable":true,"href":"https:\/\/akdenizolaygazetesi.com\/index.php?rest_route=\/wp\/v2\/users\/2"}],"replies":[{"embeddable":true,"href":"https:\/\/akdenizolaygazetesi.com\/index.php?rest_route=%2Fwp%2Fv2%2Fcomments&post=27718"}],"version-history":[{"count":1,"href":"https:\/\/akdenizolaygazetesi.com\/index.php?rest_route=\/wp\/v2\/posts\/27718\/revisions"}],"predecessor-version":[{"id":27720,"href":"https:\/\/akdenizolaygazetesi.com\/index.php?rest_route=\/wp\/v2\/posts\/27718\/revisions\/27720"}],"wp:featuredmedia":[{"embeddable":true,"href":"https:\/\/akdenizolaygazetesi.com\/index.php?rest_route=\/wp\/v2\/media\/27719"}],"wp:attachment":[{"href":"https:\/\/akdenizolaygazetesi.com\/index.php?rest_route=%2Fwp%2Fv2%2Fmedia&parent=27718"}],"wp:term":[{"taxonomy":"category","embeddable":true,"href":"https:\/\/akdenizolaygazetesi.com\/index.php?rest_route=%2Fwp%2Fv2%2Fcategories&post=27718"},{"taxonomy":"post_tag","embeddable":true,"href":"https:\/\/akdenizolaygazetesi.com\/index.php?rest_route=%2Fwp%2Fv2%2Ftags&post=27718"}],"curies":[{"name":"wp","href":"https:\/\/api.w.org\/{rel}","templated":true}]}}