{"id":27721,"date":"2023-09-20T13:06:15","date_gmt":"2023-09-20T10:06:15","guid":{"rendered":"http:\/\/akdenizolaygazetesi.com\/?p=27721"},"modified":"2023-09-20T13:06:15","modified_gmt":"2023-09-20T10:06:15","slug":"baskan-secer-mersin-ekonomi-platformu-ile-bir-araya-geldi","status":"publish","type":"post","link":"https:\/\/akdenizolaygazetesi.com\/?p=27721","title":{"rendered":"BA\u015eKAN SE\u00c7ER, MERS\u0130N EKONOM\u0130 PLATFORMU \u0130LE B\u0130R ARAYA GELD\u0130"},"content":{"rendered":"<p>Mersin B\u00fcy\u00fck\u015fehir Belediye Ba\u015fkan\u0131 Vahap Se\u00e7er, Mersin Ekonomi Platformu (MEP) 12. D\u00f6nem Ba\u015fkan\u0131 Servet \u00d6zkaya ve y\u00f6netim kurulu \u00fcyeleri ile bir araya geldi. Ba\u015fkan Se\u00e7er, MEP 12. D\u00f6nem Ba\u015fkan\u0131 \u00d6zkaya&#8217;ya ve yeni y\u00f6netim kurulu \u00fcyelerine g\u00f6revlerinde ba\u015far\u0131lar diledi.<\/p>\n<p>Ger\u00e7ekle\u015fen ziyarette, tar\u0131m, sanayi, turizm ve ticaret kenti olan Mersin&#8217;de ticaretin Mersin&#8217;in en \u00f6nemli unsurlardan birisi oldu\u011funa de\u011finen Ba\u015fkan Se\u00e7er, MEP olu\u015fumunun da bu kent i\u00e7in \u00f6neminden bahsetti. Kentin belediye ba\u015fkan\u0131 olarak sivil toplumla ili\u015fkilere \u00e7ok \u00f6nem verdi\u011fini belirten Se\u00e7er,  bu ileti\u015fimin Mersin i\u00e7in de faydal\u0131 olaca\u011f\u0131n\u0131 kaydetti.<\/p>\n<p>Se\u00e7er: &#8220;Mersin de\u011fi\u015fiyor ve geli\u015fiyor&#8221;<\/p>\n<p>Mersin&#8217;in bir ticaret kenti oldu\u011funa dikkat \u00e7eken Ba\u015fkan Se\u00e7er, &#8220;Mersin de\u011fi\u015fiyor ve geli\u015fiyor. Sadece ticaret de\u011fil, tar\u0131m ve sanayi de de\u011fi\u015fiyor. Kentimizde turizmin de daha iyi noktalara gelece\u011fini d\u00fc\u015f\u00fcn\u00fcyorum. \u00d6zellikle havaalan\u0131 gibi birka\u00e7 b\u00fcy\u00fck yat\u0131r\u0131m ile sadece T\u00fcrkiye&#8217;nin de\u011fil d\u00fcnyan\u0131n bak\u0131\u015f a\u00e7\u0131s\u0131 da Mersin&#8217;e daha farkl\u0131 olacakt\u0131r&#8221; dedi.<\/p>\n<p>Kenti y\u00f6netirken daha isabetli kararlar alabilmek ve sorunlara daha iyi hakim olabilmek i\u00e7in STK&#8217;larla iyi bir ileti\u015fime sahip olmak gerekti\u011fini vurgulayan Se\u00e7er, kendisinin de bu anlay\u0131\u015fla beraber STK&#8217;lar ile s\u0131k s\u0131k bir araya geldi\u011fini belirtti. Se\u00e7er, &#8220;Hepiniz bir camiay\u0131 temsil ediyorsunuz. Bir araya gelerek bir\u00e7ok \u015feyi payla\u015fma, faydalanma ve aktarma imk\u00e2n\u0131m\u0131z oluyor ve emin olabilirsiniz ki Mersin bundan \u00e7ok yararlan\u0131yor&#8221; dedi ve bu ili\u015fkilerin daha da kuvvetlenerek devam etmesini diledi.<\/p>\n<p>\u00d6zkaya: &#8220;Mersin&#8217;in ekonomik anlamda geli\u015fmesi i\u00e7in \u00e7al\u0131\u015fmalar\u0131m\u0131z\u0131 y\u00fcr\u00fctece\u011fiz&#8221;<\/p>\n<p>MEP 12. D\u00f6nem Ba\u015fkan\u0131 Servet \u00d6zkaya da, Mersin&#8217;in uluslararas\u0131 tan\u0131n\u0131rl\u0131\u011f\u0131n\u0131n artmas\u0131 i\u00e7in \u00e7al\u0131\u015fmalar y\u00fcr\u00fctt\u00fcklerini kaydetti. \u00d6zkaya, Mersin&#8217;in ekonomik olarak geli\u015fmesi i\u00e7in \u00e7al\u0131\u015fmalar y\u00fcr\u00fcteceklerini de ifade ederek, &#8220;Ba\u015fta tar\u0131m, lojistik ve turizm sekt\u00f6r\u00fcyle ilgili ticaret ve sanayi alanlar\u0131nda \u015fehrimizi i\u015f d\u00fcnyas\u0131 ad\u0131na s\u00f6zc\u00fcl\u00fc\u011f\u00fcn\u00fc yapmak gibi bir \u00f6zelli\u011fimiz var&#8221; dedi.<\/p>\n","protected":false},"excerpt":{"rendered":"<p>Mersin B\u00fcy\u00fck\u015fehir Belediye Ba\u015fkan\u0131 Vahap Se\u00e7er, Mersin Ekonomi Platformu (MEP) 12. D\u00f6nem Ba\u015fkan\u0131 Servet \u00d6zkaya ve y\u00f6netim kurulu \u00fcyeleri ile bir araya geldi. Ba\u015fkan Se\u00e7er, MEP 12. D\u00f6nem Ba\u015fkan\u0131 \u00d6zkaya&#8217;ya &hellip; <a href=\"https:\/\/akdenizolaygazetesi.com\/?p=27721\" class=\"more-link\">Devam\u0131n\u0131 Oku&#8230;<\/a><\/p>\n","protected":false},"author":2,"featured_media":27722,"comment_status":"open","ping_status":"open","sticky":false,"template":"","format":"standard","meta":[],"categories":[8,1,2,3],"tags":[],"_links":{"self":[{"href":"https:\/\/akdenizolaygazetesi.com\/index.php?rest_route=\/wp\/v2\/posts\/27721"}],"collection":[{"href":"https:\/\/akdenizolaygazetesi.com\/index.php?rest_route=\/wp\/v2\/posts"}],"about":[{"href":"https:\/\/akdenizolaygazetesi.com\/index.php?rest_route=\/wp\/v2\/types\/post"}],"author":[{"embeddable":true,"href":"https:\/\/akdenizolaygazetesi.com\/index.php?rest_route=\/wp\/v2\/users\/2"}],"replies":[{"embeddable":true,"href":"https:\/\/akdenizolaygazetesi.com\/index.php?rest_route=%2Fwp%2Fv2%2Fcomments&post=27721"}],"version-history":[{"count":1,"href":"https:\/\/akdenizolaygazetesi.com\/index.php?rest_route=\/wp\/v2\/posts\/27721\/revisions"}],"predecessor-version":[{"id":27723,"href":"https:\/\/akdenizolaygazetesi.com\/index.php?rest_route=\/wp\/v2\/posts\/27721\/revisions\/27723"}],"wp:featuredmedia":[{"embeddable":true,"href":"https:\/\/akdenizolaygazetesi.com\/index.php?rest_route=\/wp\/v2\/media\/27722"}],"wp:attachment":[{"href":"https:\/\/akdenizolaygazetesi.com\/index.php?rest_route=%2Fwp%2Fv2%2Fmedia&parent=27721"}],"wp:term":[{"taxonomy":"category","embeddable":true,"href":"https:\/\/akdenizolaygazetesi.com\/index.php?rest_route=%2Fwp%2Fv2%2Fcategories&post=27721"},{"taxonomy":"post_tag","embeddable":true,"href":"https:\/\/akdenizolaygazetesi.com\/index.php?rest_route=%2Fwp%2Fv2%2Ftags&post=27721"}],"curies":[{"name":"wp","href":"https:\/\/api.w.org\/{rel}","templated":true}]}}