{"id":27727,"date":"2023-09-20T13:09:02","date_gmt":"2023-09-20T10:09:02","guid":{"rendered":"http:\/\/akdenizolaygazetesi.com\/?p=27727"},"modified":"2023-09-20T13:09:02","modified_gmt":"2023-09-20T10:09:02","slug":"cukurbag-koyu-kadinlari-tarsusun-tarihi-mekanlarini-gezdi","status":"publish","type":"post","link":"https:\/\/akdenizolaygazetesi.com\/?p=27727","title":{"rendered":"\u00c7UKURBA\u011e K\u00d6Y\u00dc KADINLARI TARSUS&#8217;UN TAR\u0130H\u0130 MEKANLARINI GEZD\u0130"},"content":{"rendered":"<p>Mersin B\u00fcy\u00fck\u015fehir Belediyesi kent genelinde d\u00fczenledi\u011fi gezi ve programlarla, \u00f6zellikle kad\u0131nlar\u0131n daha fazla sosyalle\u015fmesine imkan tan\u0131yor. Mut il\u00e7esine ba\u011fl\u0131 \u00c7ukurba\u011f K\u00f6y\u00fc&#8217;nde ya\u015fayan kad\u0131nlar, B\u00fcy\u00fck\u015fehir&#8217;in misafiri olarak Tarsus Gen\u00e7lik Kamp\u0131 ve Berdan Konukevi&#8217;nde a\u011f\u0131rland\u0131lar.<\/p>\n<p>Kad\u0131n ve Aile Hizmetleri Dairesi Ba\u015fkanl\u0131\u011f\u0131, Mut \u00c7ukurba\u011f Yard\u0131mla\u015fma ve Dayan\u0131\u015fma Derne\u011fi ile muhtarl\u0131\u011f\u0131n ortakla\u015fa ger\u00e7ekle\u015ftirdi\u011fi programda ula\u015f\u0131mlar\u0131 sa\u011flanan ve \u00e7o\u011funlu\u011funu kad\u0131nlar\u0131n olu\u015fturdu\u011fu 47 ki\u015filik ekip, Tarsus&#8217;a getirildi. Tarsus&#8217;ta 2 gece konaklayan \u00c7ukurba\u011f sakinleri, Tarsus Do\u011fa Park\u0131&#8217;n\u0131n yan\u0131 s\u0131ra, kentin tarihi ve kutsal mekanlar\u0131 olan Tarihi Tarsus Evleri Soka\u011f\u0131, Ulu Camii, K\u0131rkka\u015f\u0131k Bedesteni, Eshab-\u0131 Kehf, \u015eelale ve Makam Camii gibi bir\u00e7ok \u00f6nemli noktay\u0131 gezdiler.<\/p>\n<p>\u00c7ukurba\u011f ekibi ile Berdan Konukevi&#8217;nde kalan depremzedeler ise ak\u015fam d\u00fczenlenen t\u00fcrk\u00fc gecesinde bir araya gelerek, birbirinden g\u00fczel eserleri hep birlikte seslendirdiler. Gezi program\u0131 sonunda da Mersin B\u00fcy\u00fck\u015fehir Belediyesi taraf\u0131ndan, Cumhuriyet&#8217;in 100. y\u0131l\u0131 i\u00e7in \u00f6zel olarak haz\u0131rlanan ve i\u00e7erisinde \u00e7ocuklar ile kad\u0131nlara y\u00f6nelik hediyelik e\u015fyalar\u0131n yer ald\u0131\u011f\u0131 \u00f6zel i\u015flemeli 100 sand\u0131\u011f\u0131n ilki \u00c7ukurba\u011f ekibine arma\u011fan edildi.<\/p>\n<p>Sebile G\u00fcnay: &#8220;Tarsus&#8217;un arkas\u0131ndaki hikayenin b\u00fcy\u00fckl\u00fc\u011f\u00fcn\u00fc g\u00f6zlemledik&#8221;<\/p>\n<p>Tarsus&#8217;un do\u011fal g\u00fczelliklerini \u00e7ok be\u011fendi\u011fini ifade eden, Tarsus&#8217;u gezdik\u00e7e arkas\u0131ndaki hikayenin ve tarihinin ne kadar b\u00fcy\u00fck oldu\u011funu g\u00f6zlemledi\u011fini belirten \u00c7ukurba\u011f K\u00f6y\u00fc&#8217;nden Sebile G\u00fcnay,<\/p>\n<p>&#8220;Ge\u00e7mi\u015fimizin buralarda ne kadar g\u00fczel bir \u015fekilde konumland\u0131r\u0131lm\u0131\u015f oldu\u011funu g\u00f6rmek ve \u00f6zellikle kurakl\u0131\u011f\u0131n ya\u015fand\u0131\u011f\u0131 bu y\u0131l, \u015fu masmavi Berdan Irma\u011f\u0131&#8217;n\u0131n bize ve gelece\u011fimize verdi\u011fi g\u00fcven bizi \u00e7ok mutlu etti&#8221; dedi.<\/p>\n<p>Cennet Demir: &#8220;Bizlere verdikleri hizmetler i\u00e7in \u00e7ok te\u015fekk\u00fcr ederiz&#8221;<\/p>\n<p>\u00c7ocu\u011fuyla birlikte geziye kat\u0131lan Cennet Demir, &#8220;B\u00fcy\u00fck\u015fehir Belediye Ba\u015fkan\u0131m\u0131za \u00e7ok te\u015fekk\u00fcr ediyoruz. Bu g\u00fczel yerleri g\u00f6rmek bize de nasip oldu. \u0130ki g\u00fcn boyunca bizlere verdikleri hizmetler i\u00e7in \u00e7ok te\u015fekk\u00fcr ederiz&#8221; diye konu\u015ftu.<\/p>\n<p>Talha Emre Karanfil: &#8220;G\u00f6nl\u00fcm\u00fczce e\u011flendik, herkesin gelip g\u00f6rmesini isterim&#8221;<\/p>\n<p>Gen\u00e7lik Kamp\u0131&#8217;nda yeniden dizayn edilen survivor alan\u0131nda g\u00f6nl\u00fcnce e\u011flenen ve \u00c7ukurba\u011f grubunda yer alan gen\u00e7 isimlerden Talha Emre Karanfil ise, &#8220;Tarsus g\u00fczel bir yer. Her insan\u0131n gelip g\u00f6rmesini isterim. G\u00fczel duygular ya\u015fatt\u0131lar bize. Hepsine te\u015fekk\u00fcrlerimi sunuyorum. Gen\u00e7lik Kamp\u0131 da \u00e7ok g\u00fczel. Her gencin buraya gelmesini dilerim. \u00c7ok e\u011flendik. Eme\u011fi ge\u00e7en herkese te\u015fekk\u00fcr ederim&#8221; \u015feklinde konu\u015ftu.<\/p>\n","protected":false},"excerpt":{"rendered":"<p>Mersin B\u00fcy\u00fck\u015fehir Belediyesi kent genelinde d\u00fczenledi\u011fi gezi ve programlarla, \u00f6zellikle kad\u0131nlar\u0131n daha fazla sosyalle\u015fmesine imkan tan\u0131yor. Mut il\u00e7esine ba\u011fl\u0131 \u00c7ukurba\u011f K\u00f6y\u00fc&#8217;nde ya\u015fayan kad\u0131nlar, B\u00fcy\u00fck\u015fehir&#8217;in misafiri olarak Tarsus Gen\u00e7lik Kamp\u0131 ve &hellip; <a href=\"https:\/\/akdenizolaygazetesi.com\/?p=27727\" class=\"more-link\">Devam\u0131n\u0131 Oku&#8230;<\/a><\/p>\n","protected":false},"author":2,"featured_media":27728,"comment_status":"open","ping_status":"open","sticky":false,"template":"","format":"standard","meta":[],"categories":[1,2,3],"tags":[],"_links":{"self":[{"href":"https:\/\/akdenizolaygazetesi.com\/index.php?rest_route=\/wp\/v2\/posts\/27727"}],"collection":[{"href":"https:\/\/akdenizolaygazetesi.com\/index.php?rest_route=\/wp\/v2\/posts"}],"about":[{"href":"https:\/\/akdenizolaygazetesi.com\/index.php?rest_route=\/wp\/v2\/types\/post"}],"author":[{"embeddable":true,"href":"https:\/\/akdenizolaygazetesi.com\/index.php?rest_route=\/wp\/v2\/users\/2"}],"replies":[{"embeddable":true,"href":"https:\/\/akdenizolaygazetesi.com\/index.php?rest_route=%2Fwp%2Fv2%2Fcomments&post=27727"}],"version-history":[{"count":1,"href":"https:\/\/akdenizolaygazetesi.com\/index.php?rest_route=\/wp\/v2\/posts\/27727\/revisions"}],"predecessor-version":[{"id":27729,"href":"https:\/\/akdenizolaygazetesi.com\/index.php?rest_route=\/wp\/v2\/posts\/27727\/revisions\/27729"}],"wp:featuredmedia":[{"embeddable":true,"href":"https:\/\/akdenizolaygazetesi.com\/index.php?rest_route=\/wp\/v2\/media\/27728"}],"wp:attachment":[{"href":"https:\/\/akdenizolaygazetesi.com\/index.php?rest_route=%2Fwp%2Fv2%2Fmedia&parent=27727"}],"wp:term":[{"taxonomy":"category","embeddable":true,"href":"https:\/\/akdenizolaygazetesi.com\/index.php?rest_route=%2Fwp%2Fv2%2Fcategories&post=27727"},{"taxonomy":"post_tag","embeddable":true,"href":"https:\/\/akdenizolaygazetesi.com\/index.php?rest_route=%2Fwp%2Fv2%2Ftags&post=27727"}],"curies":[{"name":"wp","href":"https:\/\/api.w.org\/{rel}","templated":true}]}}