{"id":27733,"date":"2023-09-21T12:59:12","date_gmt":"2023-09-21T09:59:12","guid":{"rendered":"http:\/\/akdenizolaygazetesi.com\/?p=27733"},"modified":"2023-09-21T12:59:12","modified_gmt":"2023-09-21T09:59:12","slug":"secer-esnaf-demek-sokagin-huzuru-ve-guvencesi-demek","status":"publish","type":"post","link":"https:\/\/akdenizolaygazetesi.com\/?p=27733","title":{"rendered":"SE\u00c7ER: &#8220;ESNAF DEMEK; SOKA\u011eIN HUZURU VE G\u00dcVENCES\u0130 DEMEK&#8221;"},"content":{"rendered":"<p>Mersin B\u00fcy\u00fck\u015fehir Belediye Ba\u015fkan\u0131 Vahap Se\u00e7er, Mersin Esnaf ve Sanatk\u00e2rlar Odalar\u0131 Birli\u011fi taraf\u0131ndan ve Mersin B\u00fcy\u00fck\u015fehir Belediyesi&#8217;nin de destekleriyle 18-24 Eyl\u00fcl tarihlerinde bu y\u0131l 30&#8217;uncusu ger\u00e7ekle\u015ftirilmekte olan &#8216;Ahilik K\u00fclt\u00fcr\u00fc Haftas\u0131 Kutlama Program\u0131&#8217;na kat\u0131ld\u0131. T\u00f6rende Ba\u015fkan Vahap Se\u00e7er, ilin kalfas\u0131na \u00f6d\u00fcl ve plaketini takdim etti.<\/p>\n<p>Yunus Emre K\u00fclt\u00fcr Merkezi&#8217;nde d\u00fczenlenen programa; Mersin B\u00fcy\u00fck\u015fehir Belediye Ba\u015fkan\u0131 Vahap Se\u00e7er&#8217;in yan\u0131 s\u0131ra, Mersin Valisi Ali Hamza Pehlivan, Cumhuriyet Halk Partisi (CHP) Mersin Milletvekilleri G\u00fclcan K\u0131\u015f ile Talat Din\u00e7er, AK Parti Mersin Milletvekili Ali K\u0131ratl\u0131, Mersin Esnaf ve Sanatk\u00e2rlar Odalar\u0131 Birli\u011fi Ba\u015fkan\u0131 Veysel Sar\u0131, Mersin Ticaret ve Sanayi Odas\u0131 (MTSO) Y\u00f6netim Kurulu Ba\u015fkan\u0131 Hakan Sefa \u00c7ak\u0131r, Toroslar Belediye Ba\u015fkan\u0131 Ats\u0131z Af\u015f\u0131n Y\u0131lmaz, kent protokol\u00fc, esnaf ile \u00f6\u011frenciler kat\u0131l\u0131m sa\u011flad\u0131.<\/p>\n<p>Se\u00e7er: &#8220;Birlik, huzur, karde\u015flik i\u00e7erisinde bu \u00fclkeye hep beraber hizmet etmeye devam edece\u011fiz&#8221;<\/p>\n<p>Ba\u015fkan Vahap Se\u00e7er konu\u015fmas\u0131nda; kadim bir k\u00fclt\u00fcr olan Ahilik k\u00fclt\u00fcr\u00fcn\u00fcn Anadolu topraklar\u0131nda 800 y\u0131ld\u0131r var oldu\u011funu belirterek, &#8220;O g\u00fcn\u00fcn do\u011frular\u0131 neyse, bug\u00fcn\u00fcn do\u011frular\u0131 da ayn\u0131. Biz de \u00e7ocuklar\u0131m\u0131za do\u011frulu\u011fu, d\u00fcr\u00fcstl\u00fc\u011f\u00fc, karde\u015fli\u011fi, birli\u011fi, beraberli\u011fi, \u00e7al\u0131\u015fmay\u0131, azmi, nasihat ediyoruz. Bu topraklarda do\u011fmaktan onur duyan bu \u00fclkenin bir vatanda\u015f\u0131 olarak bug\u00fcne kadar oldu\u011fu gibi bundan sonra da birlik, huzur, karde\u015flik i\u00e7erisinde bu \u00fclkeye hep beraber hizmet etmeye devam edece\u011fiz&#8221; dedi.<\/p>\n<p>&#8220;B\u00fcy\u00fck\u015fehir Belediyesi&#8217;nin imk\u00e2nlar\u0131 d\u00e2hilinde sizlere katk\u0131 sunmaya \u00e7al\u0131\u015ft\u0131k&#8221;<\/p>\n<p>B\u00fcy\u00fck\u015fehir Belediyesi olarak, esnaf\u0131n sorunlar\u0131na \u00e7\u00f6z\u00fcm \u00fcretebilecek kurumlardan biri olduklar\u0131n\u0131 da s\u00f6zlerine ekleyen Se\u00e7er, Mersin ESOB ile birlikte bu sorunlar\u0131 nas\u0131l \u00e7\u00f6z\u00fcme kavu\u015fturabileceklerine dair \u00e7al\u0131\u015fmalar y\u00fcr\u00fctt\u00fcklerinden bahsetti. Se\u00e7er, &#8220;&#8216;Biz her \u015feyin en iyisini biliriz&#8217; anlay\u0131\u015f\u0131yla de\u011fil; &#8216;Esnaf karde\u015fim ne s\u00f6yl\u00fcyor, ne talep ediyor, bunun do\u011frusu ne?&#8217; deyip bir muhakeme sonucu hep beraber Mersin B\u00fcy\u00fck\u015fehir Belediyesi&#8217;nin sorumluluk alan\u0131 i\u00e7erisinde ve imkanlar\u0131 d\u00e2hilinde sizlere katk\u0131 sunmaya \u00e7al\u0131\u015ft\u0131k&#8221; diye konu\u015ftu. Mersin&#8217;de 60 binden fazla i\u015fyeri bulundu\u011funu ve Mersin&#8217;in toplam 69 odaya sahip oldu\u011funu ifade eden Se\u00e7er, esnafl\u0131\u011f\u0131n Mersin&#8217;deki ekonominin lokomotifi oldu\u011funu vurgulad\u0131. Se\u00e7er, &#8220;Esnaf demek; soka\u011f\u0131n huzuru ve g\u00fcvencesi; orada ya\u015fayanlar\u0131n arkada\u015f\u0131, abisi, karde\u015fi demek&#8221; ifadelerini kulland\u0131.<\/p>\n<p>&#8220;Y\u00fczlerce y\u0131ll\u0131k Anadolu geleneksel esnaf yap\u0131s\u0131 da eski g\u00fcnlerini arar duruma geliyor&#8221;<\/p>\n<p>Esnafl\u0131\u011f\u0131n s\u0131k\u0131nt\u0131l\u0131 g\u00fcnler ya\u015fad\u0131\u011f\u0131n\u0131 ve AVM&#8217;lerin esnafa etkisini anlatan Se\u00e7er, &#8220;D\u00fcnya de\u011fi\u015fiyor, T\u00fcrkiye de\u011fi\u015fiyor, modeller de\u011fi\u015fiyor, AVM&#8217;ler, zincir marketler geliyor. Y\u00fczlerce y\u0131ll\u0131k geleneksel esnaf yap\u0131s\u0131 da eski g\u00fcnlerini arar duruma geliyor. Bunlar iyi dilek, niyet ve istekle \u00e7\u00f6z\u00fclmez. Bunlar Ankara&#8217;da, parlamentoda yap\u0131lacak olan yasal d\u00fczenlemelerle olur. Ama hep AVM lobisi \u00fcst\u00fcn \u00e7\u0131kt\u0131. Bu konuda mutlaka yasal d\u00fczenlemeler yap\u0131l\u0131yor ama bunun yetersiz oldu\u011funu d\u00fc\u015f\u00fcn\u00fcyorum&#8221; dedi.<\/p>\n<p>Belediyelerin de bu konuda hassas olmalar\u0131 gerekti\u011fini kaydeden Se\u00e7er, &#8220;Belediyeler her \u00f6n\u00fcne gelen evrak\u0131 imzalay\u0131p AVM izni vermemeli. Bu konuda esnaf\u0131n yan\u0131nda olmal\u0131. Paran\u0131n bir kese, bir cep taraf\u0131ndan kazan\u0131lmas\u0131 de\u011fil, binlerce insan taraf\u0131ndan hak\u00e7a b\u00f6l\u00fc\u015ferek kazan\u0131lmas\u0131 toplumsal bar\u0131\u015f ve huzur i\u00e7in de son derece \u00f6nemlidir. Elbette ki esnaf\u0131m\u0131z\u0131n finans sorunu var. Bu herkesin sorunu. Ekonomik dalgalanmalar b\u00fct\u00fcn sekt\u00f6rleri etkiledi\u011fi gibi esnaf\u0131m\u0131z\u0131 da etkiliyor. Vergi y\u00fckleri; esnaf\u0131n sabit gideri, geliri art\u0131k onun k\u0131smetine. Bismillah der, d\u00fckkan\u0131n\u0131 a\u00e7ar ama Bismillah deyip d\u00fckkan\u0131 a\u00e7t\u0131\u011f\u0131nda vergi y\u00fck\u00fc, elektrik ve su faturas\u0131 durmaz. Esnaf zor ko\u015fullarda mesle\u011fini icra etti\u011fi i\u00e7in devlet mekanizmas\u0131n\u0131n bu konuda esnaf\u0131n topluma sa\u011flad\u0131\u011f\u0131 katk\u0131lar\u0131 da d\u00fc\u015f\u00fcnerek, daha pozitif bak\u0131\u015f a\u00e7\u0131s\u0131 i\u00e7erisinde olmal\u0131&#8221; diye konu\u015ftu.<\/p>\n<p>&#8220;\u0130htisas sanayi siteleri olu\u015fturulmal\u0131&#8221;<\/p>\n<p>Mersin&#8217;in en \u00f6nemli sorunlar\u0131ndan birinin kentte ihtisas sanayi sitelerinin olmay\u0131\u015f\u0131 oldu\u011funa dikkat \u00e7eken Se\u00e7er, kentin \u00e7ok b\u00fcy\u00fck bir h\u0131zla b\u00fcy\u00fcd\u00fc\u011f\u00fcn\u00fc, gerek kamu gerekse \u00f6zel sekt\u00f6r yat\u0131r\u0131mlar\u0131n\u0131n Mersin&#8217;i d\u00fcnyan\u0131n say\u0131l\u0131 sayg\u0131n \u015fehirlerinden birisi yapabilece\u011fini belirterek, &#8220;Bu nedenle Mersin&#8217;de art\u0131k esnaf\u0131n da meslek baz\u0131nda k\u00fcmelenmesi, daha iyi hizmet verebilmesi, daha iyi ortamlarda mesle\u011fini icra edebilmesi i\u00e7in bu konuda ba\u015fta belediyeler olmak \u00fczere i\u015fe el atmak zorunday\u0131z. Belediyeler ile bitmiyor. Sadece b\u00fcy\u00fck\u015fehir ve il\u00e7e belediyesi ile bitmez. Bakanl\u0131ktan silsile \u015feklinde olmal\u0131. B\u00fct\u00fcn kurumlar\u0131n; Hazine arazilerinin tahsisi, B\u00fcy\u00fck\u015fehir&#8217;in ve di\u011fer kamu kurulu\u015flar\u0131n\u0131n da altyap\u0131 deste\u011fi ile h\u0131zla bu tip ihtisas sanayi sitelerinin ger\u00e7ekle\u015fmesi gerekiyor&#8221; dedi. Akdeniz ve Toroslar il\u00e7esinin sanayiye uygun yerler oldu\u011funu ifade eden Se\u00e7er, B\u00fcy\u00fck\u015fehir Belediyesi olarak her iki b\u00f6lgede de 1\/5000&#8217;lik plan \u00e7al\u0131\u015fmalar\u0131nda \u00f6nemli yol kat ettiklerini s\u00f6yledi. \u0130l\u00e7e belediyelerinin de 1\/1000&#8217;lik planlar\u0131 ger\u00e7ekle\u015ftirdi\u011fini dile getiren Se\u00e7er, bu \u00e7al\u0131\u015fmalar sayesinde esnaf\u0131n daha kolay arazi temini yapabilece\u011fini belirtti.<\/p>\n<p>&#8220;Projelerimizde esnaf\u0131 da i\u015fin i\u00e7erisine d\u00e2hil ediyoruz&#8221;<\/p>\n<p>B\u00fcy\u00fck\u015fehir Belediyesi&#8217;nin esnaf\u0131 desteklemek ad\u0131na Mersin ESOB ile birlikte \u00f6nemli i\u015fbirliklerine imza att\u0131\u011f\u0131n\u0131 aktaran Se\u00e7er, Halk Kart uygulamas\u0131ndan faydalanan vatanda\u015flar\u0131n, anla\u015fmal\u0131 403 bakkaldan al\u0131\u015fveri\u015f yapmalar\u0131 sa\u011flanarak y\u0131ll\u0131k toplam 46 milyon 150 bin lira tutar\u0131n kent esnaf\u0131na aktar\u0131ld\u0131\u011f\u0131n\u0131 s\u00f6yledi. Bu rakam\u0131n Ocak ay\u0131ndan sonra y\u0131ll\u0131k 70 milyon liran\u0131n \u00fczerine \u00e7\u0131kaca\u011f\u0131n\u0131 vurgulayan Se\u00e7er, &#8220;Bu destekler esnaf\u0131n cebinde birikti\u011fi zaman kocaman, iyi bir bereket olur, r\u0131zk olur. Bu a\u00e7\u0131dan yapaca\u011f\u0131m\u0131z projelerde, projeksiyonlarda esnaf\u0131 da i\u015fin i\u00e7erisine d\u00e2hil ederek \u00e7ok daha iyi i\u015fler yapma gayreti i\u00e7erisinde oldu\u011fumuzu bilmenizi istiyorum&#8221; diye konu\u015ftu.<\/p>\n<p>&#8220;\u00c7ocuklar\u0131m\u0131z\u0131 meslek liselerine y\u00f6nlendirebilece\u011fimiz cazibeyi yaratmak zorunday\u0131z&#8221;<\/p>\n<p>Konu\u015fmas\u0131n\u0131n sonunda kalifiye eleman sorununa da de\u011finen Se\u00e7er, B\u00fcy\u00fck\u015fehir olarak a\u00e7t\u0131klar\u0131 meslek edindirme kurslar\u0131ndan s\u00f6z etti. Se\u00e7er \u015funlar\u0131 kaydetti: &#8220;\u00c7ocuklar\u0131m\u0131z\u0131 meslek liselerine y\u00f6nlendirebilece\u011fimiz cazibeyi yaratmak zorunday\u0131z. \u015eof\u00f6r, i\u015f makinesi operat\u00f6r\u00fc, kaynak\u00e7\u0131, mobilya ustas\u0131, elektrik ve makine teknisyeni gibi bir\u00e7ok alanda eleman bulam\u0131yoruz. Herkes \u00e7ocuklar\u0131n\u0131 belediyeye ald\u0131rmak i\u00e7in u\u011fra\u015f sarf eder ama bizim bu alanlarda a\u00e7\u0131\u011f\u0131m\u0131z var. Mersin B\u00fcy\u00fck\u015fehir Belediyesi&#8217;ne eleman bulam\u0131yoruz. Bir\u00e7ok yerde farkl\u0131 meslek gruplar\u0131nda meslek edindirme kurslar\u0131 a\u00e7t\u0131k. Yapt\u0131\u011f\u0131m\u0131z \u00e7al\u0131\u015fmalarla, a\u00e7t\u0131\u011f\u0131m\u0131z meslek edindirme kurslar\u0131 ile tekstil e\u011fitiminden kaynak e\u011fitimine, sanayi dallar\u0131na ait kurslardan dil kurslar\u0131na kadar bir\u00e7ok konuda \u00e7ocuklar\u0131m\u0131z\u0131n meslek edinmesi i\u00e7in B\u00fcy\u00fck\u015fehir Belediyesi olarak elimizden gelen gayreti g\u00f6sterme \u00e7abas\u0131 i\u00e7erisindeyiz.&#8221;<\/p>\n<p>Pehlivan: &#8220;Ahilik k\u00fclt\u00fcr\u00fc \u00fclkemiz i\u00e7in bir b\u00fcy\u00fck k\u00fclt\u00fcr hazinesidir&#8221;<\/p>\n<p>Ahilik k\u00fclt\u00fcr\u00fcn\u00fcn, b\u00fcy\u00fck bir hazine oldu\u011funu ifade eden Mersin Valisi Ali Hamza Pehlivan ise &#8220;Ahilik k\u00fclt\u00fcr\u00fc T\u00fcrk milleti, milletimiz, devletimiz ve \u00fclkemiz i\u00e7in bir b\u00fcy\u00fck k\u00fclt\u00fcr hazinesidir. Ahilikte esnafl\u0131k k\u00fclt\u00fcr\u00fc \u00f6n plana \u00e7\u0131km\u0131\u015f olmakla birlikte Ahilik hem d\u00fcnyevi hem uhrevi prensipler ihtiva etmesi vesilesiyle b\u00fct\u00fcn hayat\u0131 ku\u015fatan bir anlay\u0131\u015f ortaya koyar&#8221; dedi.<\/p>\n<p>K\u0131\u015f: &#8220;Ahili\u011fin ger\u00e7ek \u00f6l\u00e7\u00fcs\u00fc hak ve adalettir&#8221;<\/p>\n<p>CHP Mersin Milletvekili G\u00fclcan K\u0131\u015f, Ahili\u011fin ho\u015fg\u00f6r\u00fcn\u00fcn, dayan\u0131\u015fman\u0131n ve ticaretteki ahlak\u0131n sembol\u00fc oldu\u011fundan bahsederek, esnaf bir ailenin \u00e7ocu\u011fu olarak i\u015f hayat\u0131na ba\u015flad\u0131\u011f\u0131n\u0131 anlatt\u0131. K\u0131\u015f, esnaf\u0131n s\u0131k\u0131nt\u0131lar\u0131 ve sorunlar\u0131n\u0131 \u00e7ok yak\u0131ndan bildi\u011fini kaydederek, &#8220;Ahili\u011fin ger\u00e7ek \u00f6l\u00e7\u00fcs\u00fc hak ve adalettir. Bizler esnaf\u0131n sesi olmaya devam edece\u011fiz&#8221; dedi. Ciddi bir ekonomik krizin ya\u015fand\u0131\u011f\u0131n\u0131 kaydeden K\u0131\u015f, &#8220;Bu s\u00fcre\u00e7te esnaf\u0131m\u0131z\u0131n g\u00f6rd\u00fc\u011f\u00fc zararlar\u0131 \u00e7ok net g\u00f6r\u00fcyoruz. Her birinizin art\u0131k g\u00fcnl\u00fck kazan\u0131p, g\u00fcnl\u00fck ya\u015fayacak noktaya geldi\u011finizi biliyoruz. Daha do\u011frusu zar zor ayakta durmaya \u00e7al\u0131\u015ft\u0131\u011f\u0131n\u0131z\u0131 da biliyoruz&#8221; diye konu\u015ftu. <\/p>\n<p>Din\u00e7er: &#8220;Ahili\u011fe sahip \u00e7\u0131kmak boynumuzun borcu&#8221;<\/p>\n<p>CHP Mersin Milletvekili Talat Din\u00e7er de, Ahili\u011fin tek amac\u0131n\u0131n iyi bir insan yeti\u015ftirmek oldu\u011funu anlatarak, &#8220;Ahilik; karde\u015flik, yolda\u015fl\u0131k, yol arkada\u015fl\u0131\u011f\u0131 demek&#8221; diye konu\u015ftu. Din\u00e7er, Meclis a\u00e7\u0131ld\u0131\u011f\u0131nda esnaf\u0131n sorunlar\u0131n\u0131 dile getireceklerini de kaydederek &#8220;\u00d6zl\u00fck haklar\u0131n\u0131zla ve vergilerle ilgili s\u0131k\u0131nt\u0131lar var. Sosyal g\u00fcvenlik y\u00fck\u00fcn\u00fcz a\u011f\u0131r, s\u0131k\u0131nt\u0131lar var. Bunlar\u0131n hepsini biliyorum&#8221; dedi.<\/p>\n<p>K\u0131ratl\u0131: &#8220;Ahilik karde\u015flik, birlik ve beraberlik demek&#8221;<\/p>\n<p>AK Parti Mersin Milletvekili Ali K\u0131ratl\u0131 da, &#8220;Ahilik karde\u015flik, birlik, beraberlik, kucakla\u015fmak, payla\u015fmak demek. Apartman\u0131m\u0131zda oturan insanlar\u0131m\u0131z\u0131n \u00e7ocuklar\u0131 a\u015fa\u011f\u0131ya indi\u011fi zaman onlara kendi \u00e7ocu\u011fumuz gibi bakmak demek. O y\u00fczden bir esnaf oldu\u011fum i\u00e7in, bir esnaf \u00e7ocu\u011fu oldu\u011fum i\u00e7in de her zaman her yerde onur duyuyorum&#8221; dedi.<\/p>\n<p>Y\u0131lmaz: &#8220;Ahilik te\u015fkilat\u0131 bug\u00fcnlere kadar s\u00fcz\u00fcl\u00fcp geldi&#8221;<\/p>\n<p>Toroslar Belediye Ba\u015fkan\u0131 Ats\u0131z Af\u015f\u0131n Y\u0131lmaz ise &#8220;Bat\u0131 Medeniyetleri Avrupa Orta \u00c7a\u011f karanl\u0131\u011f\u0131ndayken, ustan\u0131n ve \u00e7\u0131ra\u011f\u0131n ili\u015fkisini i\u015f, ticaret, rekabet, t\u00fcketici hukukunu ve buna ili\u015fkin bir disiplini ortaya koyan, Anadolu&#8217;da g\u00fc\u00e7l\u00fc bir ticaret merkezi olmas\u0131n\u0131 sa\u011flayan, zor g\u00fcnde de vatan savunmas\u0131nda aktif g\u00f6rev alan Ahilik Te\u015fkilat\u0131 \u00fcyelerini ve kurucusu Ahi Evran&#8217;\u0131 rahmet ve minnetle an\u0131yorum&#8221; \u015feklinde konu\u015ftu.<\/p>\n<p>Sar\u0131: &#8220;Pirimiz Ahi Evran bizlere; karde\u015fli\u011fi, c\u00f6mertli\u011fi, d\u00fcr\u00fcstl\u00fc\u011f\u00fc \u00f6\u011f\u00fctler&#8221;<\/p>\n<p>Mersin ESOB Ba\u015fkan\u0131 Veysel Sar\u0131, Ahi Evran Gelene\u011finin T\u00fcrk ve \u0130slam Medeniyetlerinin ortak bir \u00fcr\u00fcn\u00fc oldu\u011funu ve bin y\u0131ldan uzun bir s\u00fcredir bu topraklarda hayat buldu\u011funu vurgulayarak, &#8220;Pirimiz Ahi Evran ve Ahi k\u00fclt\u00fcr\u00fcm\u00fcz bizlere; karde\u015fli\u011fi, c\u00f6mertli\u011fi, d\u00fcr\u00fcstl\u00fc\u011f\u00fc, eli a\u00e7\u0131k olmay\u0131 ve dayan\u0131\u015fmay\u0131 \u00f6\u011f\u00fctler. Devletimizin ve milletimizin her ko\u015fulda yan\u0131nda olmay\u0131, bir ve birlik i\u00e7inde olman\u0131n \u00f6nemini hat\u0131rlat\u0131r&#8221; dedi.<\/p>\n<p>\u00c7ak\u0131r: &#8220;Ahilik; birlik olmakt\u0131r&#8221;<\/p>\n<p>MTSO Y\u00f6netim Kurulu Ba\u015fkan\u0131 Hakan Sefa \u00c7ak\u0131r da, kendilerini bazen t\u00fcccar, bazen tacir, bazen i\u015f insan\u0131, bazen de giri\u015fimci olarak tan\u0131mlad\u0131klar\u0131n\u0131, ancak t\u00fcm bu s\u0131fatlar\u0131n \u00fcst\u00fcnde esnaf\u0131n daha derin bir anlam\u0131 oldu\u011funu kaydetti. \u00c7ak\u0131r, &#8220;Di\u011ferlerinin para, kar ve rekabet duygusu merkezdeyken, esnafl\u0131kta insan merkezdedir. Ahilik; birlik olmakt\u0131r ve ekonominin merkezine, ahlak\u0131, dayan\u0131\u015fmay\u0131, i\u015fbirli\u011fini almakt\u0131r&#8221; dedi ve t\u00fcm esnaf\u0131n Ahilik Haftas\u0131&#8217;n\u0131 kutlad\u0131.<\/p>\n<p>Protokol konu\u015fmalar\u0131n\u0131n ard\u0131ndan ise \u015eed Ku\u015fatma T\u00f6reni&#8217;nin temsili g\u00f6sterisi ve Halk Oyunlar\u0131 G\u00f6sterisi yap\u0131ld\u0131. Yap\u0131lan \u00d6d\u00fcl T\u00f6reni ile de \u0130l&#8217;in Ahisi, \u0130l&#8217;in Kalfas\u0131 ve \u0130l&#8217;in Esnaf ve Sanatkarlar\u0131na \u00f6d\u00fclleri takdim edildi. Program kapsam\u0131nda; mesle\u011finde yar\u0131m a\u015f\u0131r\u0131 a\u015fm\u0131\u015f esnaf ile kaybolmaya y\u00fcz tutmu\u015f meslekleri icra eden esnafa da plaketleri sunuldu. Program, geleneksel Ahilik pilav\u0131 ikram\u0131 ile son buldu.<\/p>\n","protected":false},"excerpt":{"rendered":"<p>Mersin B\u00fcy\u00fck\u015fehir Belediye Ba\u015fkan\u0131 Vahap Se\u00e7er, Mersin Esnaf ve Sanatk\u00e2rlar Odalar\u0131 Birli\u011fi taraf\u0131ndan ve Mersin B\u00fcy\u00fck\u015fehir Belediyesi&#8217;nin de destekleriyle 18-24 Eyl\u00fcl tarihlerinde bu y\u0131l 30&#8217;uncusu ger\u00e7ekle\u015ftirilmekte olan &#8216;Ahilik K\u00fclt\u00fcr\u00fc Haftas\u0131 &hellip; <a href=\"https:\/\/akdenizolaygazetesi.com\/?p=27733\" class=\"more-link\">Devam\u0131n\u0131 Oku&#8230;<\/a><\/p>\n","protected":false},"author":2,"featured_media":27734,"comment_status":"open","ping_status":"open","sticky":false,"template":"","format":"standard","meta":[],"categories":[2,3],"tags":[],"_links":{"self":[{"href":"https:\/\/akdenizolaygazetesi.com\/index.php?rest_route=\/wp\/v2\/posts\/27733"}],"collection":[{"href":"https:\/\/akdenizolaygazetesi.com\/index.php?rest_route=\/wp\/v2\/posts"}],"about":[{"href":"https:\/\/akdenizolaygazetesi.com\/index.php?rest_route=\/wp\/v2\/types\/post"}],"author":[{"embeddable":true,"href":"https:\/\/akdenizolaygazetesi.com\/index.php?rest_route=\/wp\/v2\/users\/2"}],"replies":[{"embeddable":true,"href":"https:\/\/akdenizolaygazetesi.com\/index.php?rest_route=%2Fwp%2Fv2%2Fcomments&post=27733"}],"version-history":[{"count":1,"href":"https:\/\/akdenizolaygazetesi.com\/index.php?rest_route=\/wp\/v2\/posts\/27733\/revisions"}],"predecessor-version":[{"id":27735,"href":"https:\/\/akdenizolaygazetesi.com\/index.php?rest_route=\/wp\/v2\/posts\/27733\/revisions\/27735"}],"wp:featuredmedia":[{"embeddable":true,"href":"https:\/\/akdenizolaygazetesi.com\/index.php?rest_route=\/wp\/v2\/media\/27734"}],"wp:attachment":[{"href":"https:\/\/akdenizolaygazetesi.com\/index.php?rest_route=%2Fwp%2Fv2%2Fmedia&parent=27733"}],"wp:term":[{"taxonomy":"category","embeddable":true,"href":"https:\/\/akdenizolaygazetesi.com\/index.php?rest_route=%2Fwp%2Fv2%2Fcategories&post=27733"},{"taxonomy":"post_tag","embeddable":true,"href":"https:\/\/akdenizolaygazetesi.com\/index.php?rest_route=%2Fwp%2Fv2%2Ftags&post=27733"}],"curies":[{"name":"wp","href":"https:\/\/api.w.org\/{rel}","templated":true}]}}