{"id":27736,"date":"2023-09-21T13:00:51","date_gmt":"2023-09-21T10:00:51","guid":{"rendered":"http:\/\/akdenizolaygazetesi.com\/?p=27736"},"modified":"2023-09-21T13:00:51","modified_gmt":"2023-09-21T10:00:51","slug":"toroslar-belediyesinden-hareketlilik-farkindaligi","status":"publish","type":"post","link":"https:\/\/akdenizolaygazetesi.com\/?p=27736","title":{"rendered":"TOROSLAR BELED\u0130YES\u0130NDEN HAREKETL\u0130L\u0130K FARKINDALI\u011eI"},"content":{"rendered":"<p>Mersin&#8217;in merkez il\u00e7esi Toroslar Belediyesi, her y\u0131l 16-22 Eyl\u00fcl tarihleri aras\u0131nda kutlanan Avrupa Hareketlilik Haftas\u0131&#8217;n\u0131, dolu dolu ge\u00e7iriyor.<\/p>\n<p>&#8220;\u015eehrini Ke\u015ffet, Gelecek Enerjini Koru&#8221; temas\u0131yla t\u00fcm d\u00fcnyada ger\u00e7ekle\u015fen kampanyada Toroslar Belediyesi; spor yapmay\u0131, y\u00fcr\u00fcmeyi ve bisiklete binmeyi \u00f6zendirici etkinlikleriyle fark\u0131ndal\u0131k yarat\u0131yor.<\/p>\n<p>Sa\u011fl\u0131kl\u0131 ve s\u00fcrd\u00fcr\u00fclebilir bir kent ya\u015fam\u0131 i\u00e7in 22 Eyl\u00fcl&#8217;e kadar devam edecek hafta kapsam\u0131nda &#8220;Bisikletli S\u00fcr\u00fc\u015f ve Arabas\u0131z G\u00fcn&#8221; etkinli\u011fi yap\u0131ld\u0131.<\/p>\n<p>Toroslar Belediyesi Yunus Emre K\u00fclt\u00fcr Merkezi \u00f6n\u00fcnde ba\u015flayan Bisikletli S\u00fcr\u00fc\u015f Etkinli\u011finde,  belediye personeli ve bisiklet tutkunlar\u0131 kilometrelerce pedal \u00e7evirdi.<\/p>\n<p>Arabas\u0131z G\u00fcn Etkinli\u011fi i\u00e7in Sa\u011fl\u0131k Mahallesi, trafi\u011fe kapat\u0131ld\u0131. Halk oyunlar\u0131, tenis, bir\u00e7ok spor ve sosyal aktivitelerin yer ald\u0131\u011f\u0131 programda; 7&#8217;den 70&#8217;e herkes hem doyas\u0131ya e\u011flendi hem de hareketli bir g\u00fcn ge\u00e7irdi. Etkinlikte, bireysel ara\u00e7lar yerine yaya ve bisikletli ula\u015f\u0131ma te\u015fvik edildi.<\/p>\n<p>BA\u015eKAN YILMAZ; &#8220;ALI\u015eKANLIKLARIMIZI DE\u011e\u0130\u015eT\u0130REL\u0130M&#8221;<\/p>\n<p>Toroslar Belediye Ba\u015fkan\u0131 Ats\u0131z Af\u015f\u0131n Y\u0131lmaz, T\u00fcrkiye Belediyeler Birli\u011fi&#8217;nin ulusal koordinat\u00f6rl\u00fc\u011f\u00fcnde ve Avrupa Birli\u011fi T\u00fcrkiye Delegasyonu&#8217;nun deste\u011fiyle s\u00fcrd\u00fcr\u00fclen kampanya kapsam\u0131nda hafta boyunca belediye personelini, \u00f6zel bireyleri ve 7&#8217;den 70&#8217;e herkesi sportif etkinliklerle bulu\u015fturduklar\u0131n\u0131 s\u00f6yledi.<\/p>\n<p>Gelecek nesillere daha sa\u011fl\u0131kl\u0131 ve ya\u015fan\u0131labilir bir kent b\u0131rakmak i\u00e7in \u00e7al\u0131\u015ft\u0131klar\u0131n\u0131 dile getiren Ba\u015fkan Y\u0131lmaz, Avrupa Hareketlilik Haftas\u0131 i\u00e7in haz\u0131rlad\u0131klar\u0131 etkinliklerin odak noktas\u0131n\u0131n da s\u00fcrd\u00fcr\u00fclebilir ula\u015f\u0131m \u00e7\u00f6z\u00fcmleri ve ya\u015fam kalitesinin artt\u0131r\u0131lmas\u0131 oldu\u011funu s\u00f6yleyerek; &#8220;Toroslar Belediyesi olarak spora verdi\u011fimiz \u00f6nemi her f\u0131rsatta g\u00f6steriyoruz. Amac\u0131m\u0131z, al\u0131\u015fkanl\u0131klar\u0131 de\u011fi\u015ftirmek. Y\u00fcr\u00fcyelim, bisiklete binelim, spor yapal\u0131m, hareket edelim. 22 Eyl\u00fcl tarihine kadar s\u00fcrecek etkinliklerimize herkesi davet ediyorum&#8221; diye konu\u015ftu.<\/p>\n","protected":false},"excerpt":{"rendered":"<p>Mersin&#8217;in merkez il\u00e7esi Toroslar Belediyesi, her y\u0131l 16-22 Eyl\u00fcl tarihleri aras\u0131nda kutlanan Avrupa Hareketlilik Haftas\u0131&#8217;n\u0131, dolu dolu ge\u00e7iriyor. &#8220;\u015eehrini Ke\u015ffet, Gelecek Enerjini Koru&#8221; temas\u0131yla t\u00fcm d\u00fcnyada ger\u00e7ekle\u015fen kampanyada Toroslar Belediyesi; &hellip; <a href=\"https:\/\/akdenizolaygazetesi.com\/?p=27736\" class=\"more-link\">Devam\u0131n\u0131 Oku&#8230;<\/a><\/p>\n","protected":false},"author":2,"featured_media":27737,"comment_status":"open","ping_status":"open","sticky":false,"template":"","format":"standard","meta":[],"categories":[2,3,10],"tags":[],"_links":{"self":[{"href":"https:\/\/akdenizolaygazetesi.com\/index.php?rest_route=\/wp\/v2\/posts\/27736"}],"collection":[{"href":"https:\/\/akdenizolaygazetesi.com\/index.php?rest_route=\/wp\/v2\/posts"}],"about":[{"href":"https:\/\/akdenizolaygazetesi.com\/index.php?rest_route=\/wp\/v2\/types\/post"}],"author":[{"embeddable":true,"href":"https:\/\/akdenizolaygazetesi.com\/index.php?rest_route=\/wp\/v2\/users\/2"}],"replies":[{"embeddable":true,"href":"https:\/\/akdenizolaygazetesi.com\/index.php?rest_route=%2Fwp%2Fv2%2Fcomments&post=27736"}],"version-history":[{"count":1,"href":"https:\/\/akdenizolaygazetesi.com\/index.php?rest_route=\/wp\/v2\/posts\/27736\/revisions"}],"predecessor-version":[{"id":27738,"href":"https:\/\/akdenizolaygazetesi.com\/index.php?rest_route=\/wp\/v2\/posts\/27736\/revisions\/27738"}],"wp:featuredmedia":[{"embeddable":true,"href":"https:\/\/akdenizolaygazetesi.com\/index.php?rest_route=\/wp\/v2\/media\/27737"}],"wp:attachment":[{"href":"https:\/\/akdenizolaygazetesi.com\/index.php?rest_route=%2Fwp%2Fv2%2Fmedia&parent=27736"}],"wp:term":[{"taxonomy":"category","embeddable":true,"href":"https:\/\/akdenizolaygazetesi.com\/index.php?rest_route=%2Fwp%2Fv2%2Fcategories&post=27736"},{"taxonomy":"post_tag","embeddable":true,"href":"https:\/\/akdenizolaygazetesi.com\/index.php?rest_route=%2Fwp%2Fv2%2Ftags&post=27736"}],"curies":[{"name":"wp","href":"https:\/\/api.w.org\/{rel}","templated":true}]}}