{"id":27745,"date":"2023-09-21T13:08:10","date_gmt":"2023-09-21T10:08:10","guid":{"rendered":"http:\/\/akdenizolaygazetesi.com\/?p=27745"},"modified":"2023-09-21T13:08:10","modified_gmt":"2023-09-21T10:08:10","slug":"toroslar-belediyesi-ahilik-kulturu-haftasi-kutlamalarina-ev-sahipligi-yapti","status":"publish","type":"post","link":"https:\/\/akdenizolaygazetesi.com\/?p=27745","title":{"rendered":"TOROSLAR BELED\u0130YES\u0130, AH\u0130L\u0130K K\u00dcLT\u00dcR\u00dc HAFTASI KUTLAMALARINA EV SAH\u0130PL\u0130\u011e\u0130 YAPTI"},"content":{"rendered":"<p>Toroslar Belediyesi, Ahilik k\u00fclt\u00fcr\u00fcn\u00fcn tan\u0131t\u0131lmas\u0131 ve gelecek ku\u015faklara aktar\u0131lmas\u0131 amac\u0131yla kentte d\u00fczenlenen 30. Ahilik K\u00fclt\u00fcr\u00fc Haftas\u0131 kutlamalar\u0131na ev sahipli\u011fi yapt\u0131.<\/p>\n<p>Mersin protokol\u00fcn\u00fcn bir araya geldi\u011fi kutlamalarda \u015fed ku\u015fanma t\u00f6reni yap\u0131ld\u0131, ba\u015far\u0131l\u0131 esnaf ve sanatkarlara sertifikalar\u0131 verildi.<\/p>\n<p>&#8220;AH\u0130 P\u0130LAVI DA\u011eITMA GELENE\u011e\u0130 YA\u015eATILDI&#8221;<\/p>\n<p>Mersin Valili\u011fi himayesinde, Mersin Esnaf ve Sanatkarlar Odalar\u0131 Birli\u011fi&#8217;nce ger\u00e7ekle\u015fen kutlamalarda, yakla\u015f\u0131k 800 y\u0131l \u00f6nce Ahi Evran Veli&#8217;nin ba\u015flatt\u0131\u011f\u0131 Ahi pilav\u0131 da\u011f\u0131tma gelene\u011fi de Toroslar Belediyesince ya\u015fat\u0131ld\u0131.<\/p>\n<p>Yo\u011fun ilgi g\u00f6ren programda Toroslar Belediye Ba\u015fkan\u0131 Ats\u0131z Af\u015f\u0131n Y\u0131lmaz, misafirlerine Ahilik pilav\u0131 ikram etti.<\/p>\n<p>Ahilik K\u00fclt\u00fcr\u00fc Haftas\u0131 kutlamalar\u0131na ev sahipli\u011fi yapmaktan mutluluk duyduklar\u0131n\u0131 belirten Ba\u015fkan Y\u0131lmaz, esnaf\u0131n ve sanatkar\u0131n her zaman yan\u0131nda olmaya devam edeceklerini s\u00f6yledi. Ba\u015fkan Y\u0131lmaz; &#8220;Binlerce y\u0131l \u00f6teden gelen ve \u00e7a\u011f\u0131n\u0131n \u00e7ok \u00f6tesinde ciddi bir disiplin ve organizasyon ortaya koyan Ahilik Te\u015fkilat\u0131, bug\u00fcnlere kadar s\u00fcz\u00fcl\u00fcp gelmi\u015ftir. Esnaf\u0131m\u0131z\u0131n her zaman yan\u0131nday\u0131z. Bu konuda elimizi ta\u015f\u0131n alt\u0131na koymaya, birlikte Mersinimiz, esnaf\u0131m\u0131z, sanatkar\u0131m\u0131z, \u00fclkemiz ve milletimiz i\u00e7in gerekeni yapmaya haz\u0131r\u0131z&#8221; dedi.<\/p>\n<p>Toroslar Belediyesi Cumhuriyet Meydan\u0131&#8217;nda \u00e7elenk sunma t\u00f6reni ile ba\u015flayan kutlamalar, Yunus Emre K\u00fclt\u00fcr Merkezi&#8217;nde devam etti.<\/p>\n<p>Ahilik k\u00fclt\u00fcr\u00fcn\u00fcn anlam ve \u00f6nemine de\u011finilen programa;  Mersin Valisi Ali Hamza Pehlivan, AK Parti Mersin Milletvekili Ali K\u0131ratl\u0131, CHP Mersin Milletvekilleri G\u00fclcan K\u0131\u015f ve Talat Din\u00e7er, Mersin B\u00fcy\u00fck\u015fehir Belediye Ba\u015fkan\u0131 Vahap Se\u00e7er, Mersin \u00dcniversitesi Rekt\u00f6r\u00fc Prof. Dr. Erol Ya\u015far, Toroslar Kaymakam\u0131 \u0130brahim \u00c7enet, KKTC Mersin Ba\u015fkonsolosu Zalihe Mendeli, Mersin \u0130l Jandarma Komutan\u0131 Tu\u011fgeneral Ercan Atasoy, Toroslar Belediye Ba\u015fkan\u0131 Ats\u0131z Af\u015f\u0131n Y\u0131lmaz, Mersin \u0130l M\u00fcft\u00fcs\u00fc Ayd\u0131n Y\u0131\u011fman, Mersin Ticaret ve Sanayi Odas\u0131 (MTSO) Y\u00f6netim Kurulu Ba\u015fkan\u0131 Hakan Sefa \u00c7ak\u0131r, Mersin Esnaf ve Sanatkarlar Odalar Birli\u011fi (ESOB) Y\u00f6netim Kurulu Ba\u015fkan\u0131 Veysel Sar\u0131, il kurum m\u00fcd\u00fcrleri, oda ba\u015fkanlar\u0131, sivil toplum kurulu\u015flar\u0131n\u0131n temsilcileri, i\u015f insanlar\u0131, mahalle muhtarlar\u0131, esnaf ve sanatkarlar, \u00f6\u011frenciler ve \u00e7ok say\u0131da vatanda\u015f kat\u0131ld\u0131.<\/p>\n<p>Program\u0131n a\u00e7\u0131l\u0131\u015f konu\u015fmas\u0131n\u0131 yapan Mersin Esnaf ve Sanatkarlar Odalar Birli\u011fi Y\u00f6netim Kurulu Ba\u015fkan\u0131 Veysel Sar\u0131; &#8220;Pirimiz Ahi Evran, bizlere karde\u015fli\u011fi, c\u00f6mertli\u011fi, d\u00fcr\u00fcstl\u00fc\u011f\u00fc, el a\u00e7\u0131kl\u0131\u011f\u0131n\u0131 ve dayan\u0131\u015fmay\u0131 \u00f6\u011f\u00fctler. Devletimizin ve milletimizin yan\u0131nda olmay\u0131, her ko\u015fulda ve her \u015fartta bir olman\u0131n \u00f6nemini hat\u0131rlat\u0131r. \u015eehrimizin b\u00fcy\u00fcmesi, geli\u015fmesi, i\u015f ve istihdam alanlar\u0131n\u0131n artmas\u0131 i\u00e7in hepimize ayr\u0131 g\u00f6revler d\u00fc\u015fmektedir. Mersin Esnaf ve Sanatkarlar Odalar Birli\u011fi olarak mesleki e\u011fitim seferberli\u011fi ba\u015flataca\u011f\u0131z&#8221; dedi.<\/p>\n<p>Mersin Ticaret ve Sanayi Odas\u0131 Y\u00f6netim Kurulu Ba\u015fkan\u0131 Hakan Sefa \u00c7ak\u0131r da Ahili\u011fin \u00f6rnek bir toplum hareketi oldu\u011funa dikkat \u00e7ekerek; &#8220;Ahilik, birlik olmakt\u0131r. Bu dayan\u0131\u015fma ve payla\u015fma k\u00fclt\u00fcr\u00fcn\u00fc devam ettiren, hakka hizmet etmede d\u00fcr\u00fcstl\u00fc\u011f\u00fc ile ya\u015fayan t\u00fcm esnaf\u0131m\u0131z\u0131n Ahilik Haftas\u0131&#8217;n\u0131 kutluyorum&#8221; ifadelerini kulland\u0131.<\/p>\n<p>BA\u015eKAN YILMAZ; &#8220;AH\u0130L\u0130K GELENE\u011e\u0130N\u0130N GELECEK KU\u015eAKLARA AKTARILMASINI \u00d6NEMS\u0130YORUZ&#8221;<\/p>\n<p>Ahilik Haftas\u0131&#8217;n\u0131 kutlayan Ba\u015fkan Y\u0131lmaz; &#8220;Bat\u0131 Medeniyetleri Avrupa orta \u00e7a\u011f karanl\u0131\u011f\u0131ndayken, ustan\u0131n, \u00e7\u0131ra\u011f\u0131n ve kalfan\u0131n ili\u015fkisini, ticaret, i\u015f, rekabet, t\u00fcketici hukukunu ve buna ili\u015fkin bir disiplin ortaya koyan, Anadolu&#8217;da sa\u011fl\u0131kl\u0131 ve g\u00fc\u00e7l\u00fc bir ticaret merkezi olmas\u0131n\u0131 sa\u011flayan, zor g\u00fcnde ve vatan savunmas\u0131nda g\u00f6rev alan Ahilik Te\u015fkilat\u0131 \u00fcyelerini ve kurucusu Ahi Evran&#8217;\u0131 rahmet ve minnetle an\u0131yorum. Ruhlar\u0131 \u015fad olsun&#8221; diye konu\u015ftu. <\/p>\n<p>Ba\u015fkan Y\u0131lmaz, salondaki t\u00fcm gen\u00e7lere de seslenerek; &#8220;Sevgili gen\u00e7ler, sizler de gelece\u011fin esnaf\u0131, t\u00fcccar\u0131, m\u00fchendisi, doktoru, teknikeri, ara eleman\u0131 olacaks\u0131n\u0131z. Sosyal hayatta yaz\u0131l\u0131 olmayan bir\u00e7ok kural\u0131, ustan\u0131n, kalfan\u0131n, \u00e7\u0131ra\u011f\u0131n ustaya kar\u015f\u0131 sorumluluklar\u0131n\u0131, \u00f6rf\u00fcm\u00fcz\u00fc ve geleneklerimizi ya\u015fatacak olan sizlersiniz. Hepinize e\u011fitim ve i\u015f hayat\u0131n\u0131zda ba\u015far\u0131lar diliyorum&#8221; dedi.<\/p>\n<p>AK Parti Mersin Milletvekili Ali K\u0131ratl\u0131 ise kendisinin de bir esnaf oldu\u011funu ve baba mesle\u011fini y\u00fcr\u00fctt\u00fc\u011f\u00fcn\u00fc hat\u0131rlatarak; &#8220;Esnaf\u0131n, ahili\u011fin, helal kazanc\u0131n ne oldu\u011funu bilen bir karde\u015finiz olarak burada olmaktan onur ve gurur duyuyorum. Ahilik demek, birlik, beraberlik, kucakla\u015fmak, payla\u015fmak demektir. \u00dczerimize d\u00fc\u015feni yapaca\u011f\u0131z ve g\u00fczel \u00f6rnek olmaya devam edece\u011fiz. Programda eme\u011fi ge\u00e7en herkese te\u015fekk\u00fcr ediyorum&#8221; diye konu\u015ftu.<\/p>\n<p>VAL\u0130 PEHL\u0130VAN; &#8220;AH\u0130L\u0130K; B\u0130L\u0130MD\u0130R, \u0130L\u0130MD\u0130R, \u0130RFANDIR&#8221;<\/p>\n<p>Mersin Valisi Ali Hamza Pehlivan de esnaf\u0131n her zaman yan\u0131nda olmaya devam edeceklerini kaydederek, Ahilik K\u00fclt\u00fcr\u00fc Haftas\u0131 kutlamalar\u0131n\u0131n hay\u0131rlara vesile olmas\u0131n\u0131 diledi.<\/p>\n<p>Vali Pehlivan; &#8220;Ahilik; do\u011frulu\u011fu, d\u00fcr\u00fcstl\u00fc\u011f\u00fc, ahlaki kurallar\u0131 vurgular. Bilimdir, ilimdir, irfand\u0131r. Ticari ve sosyal hayatat da ilim ile irfan\u0131 ve ahlak\u0131 b\u00fct\u00fcnle\u015ftirmek \u00fczere kurulmu\u015f bir yap\u0131d\u0131r&#8221; \u015feklinde konu\u015ftu.<\/p>\n<p>Toroslar Belediyesi Halk Oyunlar\u0131 ekibinin g\u00f6sterileri devam eden programda \u015fed ku\u015fanma t\u00f6reni yap\u0131ld\u0131. Mersin Valisi Ali Hamza Pehlivan ve protokol \u00fcyeleri taraf\u0131ndan; \u0130l&#8217;in Ahisi, \u0130l&#8217;in Kalfas\u0131, \u0130l&#8217;in \u00c7\u0131ra\u011f\u0131 Esnaf ve Sanatk\u00e2rlar\u0131na \u00f6d\u00fclleri verilirken, mesle\u011finde yar\u0131m as\u0131rl\u0131k ve kaybolmaya y\u00fcz tutmu\u015f meslekleri icra eden esnafa da plaket takdim edildi.<\/p>\n<p>Toroslar Belediye Ba\u015fkan\u0131 Ats\u0131z Af\u015f\u0131n Y\u0131lmaz da Mersin Kuyumcular Odas\u0131 Ba\u015fkan\u0131 \u0130sa Varl\u0131kl\u0131&#8217;ya Ahilik Kaftan\u0131&#8217;n\u0131 giydirerek, \u00f6d\u00fcl\u00fcn\u00fc takdim etti.<\/p>\n<p>Program, Toroslar Belediyesinin Geleneksel Ahi Pilav\u0131 ikram\u0131n\u0131n ard\u0131ndan sona erdi.<\/p>\n","protected":false},"excerpt":{"rendered":"<p>Toroslar Belediyesi, Ahilik k\u00fclt\u00fcr\u00fcn\u00fcn tan\u0131t\u0131lmas\u0131 ve gelecek ku\u015faklara aktar\u0131lmas\u0131 amac\u0131yla kentte d\u00fczenlenen 30. Ahilik K\u00fclt\u00fcr\u00fc Haftas\u0131 kutlamalar\u0131na ev sahipli\u011fi yapt\u0131. Mersin protokol\u00fcn\u00fcn bir araya geldi\u011fi kutlamalarda \u015fed ku\u015fanma t\u00f6reni yap\u0131ld\u0131, &hellip; <a href=\"https:\/\/akdenizolaygazetesi.com\/?p=27745\" class=\"more-link\">Devam\u0131n\u0131 Oku&#8230;<\/a><\/p>\n","protected":false},"author":2,"featured_media":27746,"comment_status":"open","ping_status":"open","sticky":false,"template":"","format":"standard","meta":[],"categories":[1,2,3],"tags":[],"_links":{"self":[{"href":"https:\/\/akdenizolaygazetesi.com\/index.php?rest_route=\/wp\/v2\/posts\/27745"}],"collection":[{"href":"https:\/\/akdenizolaygazetesi.com\/index.php?rest_route=\/wp\/v2\/posts"}],"about":[{"href":"https:\/\/akdenizolaygazetesi.com\/index.php?rest_route=\/wp\/v2\/types\/post"}],"author":[{"embeddable":true,"href":"https:\/\/akdenizolaygazetesi.com\/index.php?rest_route=\/wp\/v2\/users\/2"}],"replies":[{"embeddable":true,"href":"https:\/\/akdenizolaygazetesi.com\/index.php?rest_route=%2Fwp%2Fv2%2Fcomments&post=27745"}],"version-history":[{"count":1,"href":"https:\/\/akdenizolaygazetesi.com\/index.php?rest_route=\/wp\/v2\/posts\/27745\/revisions"}],"predecessor-version":[{"id":27747,"href":"https:\/\/akdenizolaygazetesi.com\/index.php?rest_route=\/wp\/v2\/posts\/27745\/revisions\/27747"}],"wp:featuredmedia":[{"embeddable":true,"href":"https:\/\/akdenizolaygazetesi.com\/index.php?rest_route=\/wp\/v2\/media\/27746"}],"wp:attachment":[{"href":"https:\/\/akdenizolaygazetesi.com\/index.php?rest_route=%2Fwp%2Fv2%2Fmedia&parent=27745"}],"wp:term":[{"taxonomy":"category","embeddable":true,"href":"https:\/\/akdenizolaygazetesi.com\/index.php?rest_route=%2Fwp%2Fv2%2Fcategories&post=27745"},{"taxonomy":"post_tag","embeddable":true,"href":"https:\/\/akdenizolaygazetesi.com\/index.php?rest_route=%2Fwp%2Fv2%2Ftags&post=27745"}],"curies":[{"name":"wp","href":"https:\/\/api.w.org\/{rel}","templated":true}]}}