{"id":27748,"date":"2023-09-22T13:17:09","date_gmt":"2023-09-22T10:17:09","guid":{"rendered":"http:\/\/akdenizolaygazetesi.com\/?p=27748"},"modified":"2023-09-22T13:17:09","modified_gmt":"2023-09-22T10:17:09","slug":"baskan-secer-bisiklet-tutkunlariyla-bir-araya-geldi","status":"publish","type":"post","link":"https:\/\/akdenizolaygazetesi.com\/?p=27748","title":{"rendered":"BA\u015eKAN SE\u00c7ER, B\u0130S\u0130KLET TUTKUNLARIYLA B\u0130R ARAYA GELD\u0130"},"content":{"rendered":"<p>Mersin Bisiklet Derne\u011fi \u00fcyeleri, Mersin B\u00fcy\u00fck\u015fehir Belediyesi&#8217;nin katk\u0131lar\u0131yla bu y\u0131l 10.&#8217;su d\u00fczenlenen &#8216;Uluslararas\u0131 Bisiklet Festivali&#8217; kapsam\u0131nda, B\u00fcy\u00fck\u015fehir Belediye Ba\u015fkan\u0131 Vahap Se\u00e7er&#8217;i ziyaret etti. Ta\u015f Bina \u00f6n\u00fcnde Ba\u015fkan Vahap Se\u00e7er ile bir araya gelen bisikletliler, Ba\u015fkan Se\u00e7er&#8217;e bisikletli ula\u015f\u0131ma verdi\u011fi \u00f6nem ve bisiklet kullan\u0131m\u0131na te\u015fvik edici projeler dolay\u0131s\u0131yla te\u015fekk\u00fcr ettiler.<\/p>\n<p>Se\u00e7er: &#8220;Bisiklet tutkusu ve bisiklet fark\u0131ndal\u0131\u011f\u0131 bizim i\u00e7in son derece \u00f6nemli&#8221;<\/p>\n<p>Bisikletlilerle bir araya gelen Ba\u015fkan Se\u00e7er, 10. Uluslararas\u0131 Bisiklet Festivali&#8217;nin bu y\u0131l \u00e7ok g\u00fczel bir atmosferde ba\u015flad\u0131\u011f\u0131n\u0131 belirtti. Hem T\u00fcrkiye&#8217;nin \u00e7e\u015fitli illerinden hem de bir\u00e7ok \u00fclkeden bisiklet tutkunlar\u0131n\u0131 Mersin&#8217;de a\u011f\u0131rlayacaklar\u0131n\u0131 s\u00f6yleyen Se\u00e7er, &#8220;Misafirlerimiz Mersin&#8217;imize renk katacak. Bisiklet tutkusu ve bisiklet fark\u0131ndal\u0131\u011f\u0131 bizim i\u00e7in son derece \u00f6nemli. Hizmetlerimizi kurgularken, projeksiyonlar\u0131m\u0131z\u0131 yaparken, \u00f6zellikle yol \u00e7al\u0131\u015fmalar\u0131m\u0131zda ara\u00e7lar ve yayalar kadar bisikletli yurtta\u015flar\u0131m\u0131z\u0131 da d\u00fc\u015f\u00fcn\u00fcyoruz&#8221; dedi.<\/p>\n<p>&#8220;Son 4 y\u0131lda Mersin&#8217;e 125 kilometre bisiklet yolu kazand\u0131rd\u0131k&#8221;<\/p>\n<p>Son 4 y\u0131lda Mersin&#8217;e 125 kilometre bisiklet yolu kazand\u0131rd\u0131klar\u0131n\u0131 hat\u0131rlatan Se\u00e7er, &#8220;\u00d6n\u00fcm\u00fczdeki s\u00fcre\u00e7te de \u015fu anda planlamam\u0131z i\u00e7erisinde olan ilave 275 kilometrelik bisiklet yollar\u0131m\u0131z\u0131 da zaman i\u00e7erisinde hayata ge\u00e7irece\u011fiz&#8221; diye konu\u015ftu. Kendisinin de bisiklet kullanmaktan son derece  keyif ald\u0131\u011f\u0131n\u0131 vurgulayan Se\u00e7er, &#8220;\u0130nsan sa\u011fl\u0131\u011f\u0131ndan \u00e7evre sa\u011fl\u0131\u011f\u0131na, iklim de\u011fi\u015fikli\u011fiyle m\u00fccadeleden ekonomiye kadar bir\u00e7ok konuda yarar sa\u011flayan bisiklet kullan\u0131m\u0131n\u0131 art\u0131rma yolunda g\u00f6revde kald\u0131\u011f\u0131m s\u00fcrece \u00e7al\u0131\u015fmalar yapaca\u011f\u0131z. \u00d6zellikle yeni d\u00fczenledi\u011fimiz ve yeni a\u00e7t\u0131\u011f\u0131m\u0131z bulvarlar\u0131n tamam\u0131nda bisiklet yolu olacak. Metrajlar\u0131n\u0131n uygun oldu\u011fu b\u00fct\u00fcn yollar\u0131m\u0131z\u0131 mutlaka bisiklet yoluyla yapaca\u011f\u0131z&#8221; ifadelerine yer vererek festivalin keyifli ge\u00e7mesi dile\u011finde bulundu.<\/p>\n<p>Uygun: &#8220;Ba\u015fkan\u0131m\u0131z Vahap Se\u00e7er ile birlikte Mersin&#8217;e hareket katt\u0131k&#8221;<\/p>\n<p>Mersin Bisiklet Derne\u011fi Ba\u015fkan\u0131 S\u00fcleyman Uygun ise, &#8220;10. Uluslararas\u0131 Bisiklet Festivali&#8217;ni ger\u00e7ekle\u015ftirmekteyiz. Bizim i\u00e7in \u00e7ok anlaml\u0131 bir etkinlik. 81 farkl\u0131 \u015fehirden ve 8 farkl\u0131 \u00fclkeden arkada\u015flar\u0131m\u0131z burada. Festivalin, Avrupa Hareketlilik Haftas\u0131&#8217;nda ger\u00e7ekle\u015fmesi bizim i\u00e7in daha da \u00f6nemli. Ba\u015fkan\u0131m\u0131z Vahap Se\u00e7er ile birlikte Mersin&#8217;e hareket katt\u0131k. Kendisine \u00e7ok te\u015fekk\u00fcr ediyoruz. Yapt\u0131\u011f\u0131 hizmetlerden dolay\u0131 da kendisine minnettar\u0131z&#8221; dedi.<\/p>\n","protected":false},"excerpt":{"rendered":"<p>Mersin Bisiklet Derne\u011fi \u00fcyeleri, Mersin B\u00fcy\u00fck\u015fehir Belediyesi&#8217;nin katk\u0131lar\u0131yla bu y\u0131l 10.&#8217;su d\u00fczenlenen &#8216;Uluslararas\u0131 Bisiklet Festivali&#8217; kapsam\u0131nda, B\u00fcy\u00fck\u015fehir Belediye Ba\u015fkan\u0131 Vahap Se\u00e7er&#8217;i ziyaret etti. Ta\u015f Bina \u00f6n\u00fcnde Ba\u015fkan Vahap Se\u00e7er ile &hellip; <a href=\"https:\/\/akdenizolaygazetesi.com\/?p=27748\" class=\"more-link\">Devam\u0131n\u0131 Oku&#8230;<\/a><\/p>\n","protected":false},"author":2,"featured_media":27749,"comment_status":"open","ping_status":"open","sticky":false,"template":"","format":"standard","meta":[],"categories":[7,3,10],"tags":[],"_links":{"self":[{"href":"https:\/\/akdenizolaygazetesi.com\/index.php?rest_route=\/wp\/v2\/posts\/27748"}],"collection":[{"href":"https:\/\/akdenizolaygazetesi.com\/index.php?rest_route=\/wp\/v2\/posts"}],"about":[{"href":"https:\/\/akdenizolaygazetesi.com\/index.php?rest_route=\/wp\/v2\/types\/post"}],"author":[{"embeddable":true,"href":"https:\/\/akdenizolaygazetesi.com\/index.php?rest_route=\/wp\/v2\/users\/2"}],"replies":[{"embeddable":true,"href":"https:\/\/akdenizolaygazetesi.com\/index.php?rest_route=%2Fwp%2Fv2%2Fcomments&post=27748"}],"version-history":[{"count":1,"href":"https:\/\/akdenizolaygazetesi.com\/index.php?rest_route=\/wp\/v2\/posts\/27748\/revisions"}],"predecessor-version":[{"id":27750,"href":"https:\/\/akdenizolaygazetesi.com\/index.php?rest_route=\/wp\/v2\/posts\/27748\/revisions\/27750"}],"wp:featuredmedia":[{"embeddable":true,"href":"https:\/\/akdenizolaygazetesi.com\/index.php?rest_route=\/wp\/v2\/media\/27749"}],"wp:attachment":[{"href":"https:\/\/akdenizolaygazetesi.com\/index.php?rest_route=%2Fwp%2Fv2%2Fmedia&parent=27748"}],"wp:term":[{"taxonomy":"category","embeddable":true,"href":"https:\/\/akdenizolaygazetesi.com\/index.php?rest_route=%2Fwp%2Fv2%2Fcategories&post=27748"},{"taxonomy":"post_tag","embeddable":true,"href":"https:\/\/akdenizolaygazetesi.com\/index.php?rest_route=%2Fwp%2Fv2%2Ftags&post=27748"}],"curies":[{"name":"wp","href":"https:\/\/api.w.org\/{rel}","templated":true}]}}