{"id":27760,"date":"2023-09-22T13:24:47","date_gmt":"2023-09-22T10:24:47","guid":{"rendered":"http:\/\/akdenizolaygazetesi.com\/?p=27760"},"modified":"2023-09-22T13:24:47","modified_gmt":"2023-09-22T10:24:47","slug":"akdeniz-belediye-baskani-mahalle-semt-pazarini-ziyaret-ederek-esnaf-ve-vatandaslari-dinledi","status":"publish","type":"post","link":"https:\/\/akdenizolaygazetesi.com\/?p=27760","title":{"rendered":"Akdeniz Belediye Ba\u015fkan\u0131, mahalle semt pazar\u0131n\u0131 ziyaret ederek esnaf ve vatanda\u015flar\u0131 dinledi"},"content":{"rendered":"<p>Mesudiye Mahallesi semt pazar\u0131n\u0131 ziyaret eden Ba\u015fkan G\u00fcltak, al\u0131\u015fveri\u015fe \u00e7\u0131kan vatanda\u015flar ve pazarc\u0131 esnaf\u0131yla sohbet etti, taleplerini dinledi. Akdeniz\u2019de 4 bu\u00e7uk y\u0131l geride b\u0131rakt\u0131klar\u0131n\u0131 belirten Ba\u015fkan G\u00fcltak; \u201cG\u00f6reve geldi\u011fimiz ilk g\u00fcnden beri hep sokaklarda, halk\u0131m\u0131z\u0131n yan\u0131nda olduk. Bundan sonra da halk\u0131n i\u00e7inde olaca\u011f\u0131z. \u00c7\u00fcnk\u00fc biz, insanlar\u0131m\u0131zla birlikte olunca, onlar\u0131 dinleyip sorunlar\u0131n\u0131 \u00e7\u00f6z\u00fcnce mutlu oluyoruz\u201d dedi.<br \/>\nG\u00f6reve geldi\u011fi ilk g\u00fcnden bu yana s\u00fcrekli vatanda\u015flar\u0131n yan\u0131nda olan Akdeniz Belediye Ba\u015fkan\u0131 M. Mustafa G\u00fcltak, Mesudiye Mahallesi\u2019nde a\u00e7\u0131lan semt pazar\u0131n\u0131 gezdi, her ya\u015ftan vatanda\u015fla sohbet edip isteklerini dinledi. Pazarc\u0131 esnaf\u0131na bol ve hay\u0131rl\u0131 kazan\u00e7lar dileyen Ba\u015fkan G\u00fcltak, kar\u015f\u0131la\u015ft\u0131\u011f\u0131 \u00e7ocuklarla da yak\u0131ndan ilgilendi. S\u0131cak ve samimi ge\u00e7en ziyarette Ba\u015fkan G\u00fcltak, etraf\u0131n\u0131 saran vatanda\u015flarla tek tek sohbet etti, hal hat\u0131rlar\u0131n\u0131 sorarak isteklerini dinledi, birlikte foto\u011fraf \u00e7ekmek isteyen vatanda\u015flar\u0131 da k\u0131rmad\u0131.<br \/>\nAl\u0131\u015fveri\u015f sonras\u0131 yorulan ya\u015fl\u0131 bir kad\u0131n zab\u0131ta taraf\u0131ndan evine b\u0131rak\u0131ld\u0131<br \/>\nBir tatl\u0131c\u0131n\u0131n tezg\u00e2h\u0131na da ge\u00e7en Akdeniz Belediye Ba\u015fkan\u0131 G\u00fcltak, al\u0131\u015fveri\u015fe gelen vatanda\u015flara bir tepsi dolusu tatl\u0131y\u0131 ikram etti. Al\u0131\u015fveri\u015ften d\u00f6nen ve isminin Ay\u015fe oldu\u011funu s\u00f6yleyen ya\u015fl\u0131 bir teyze ile de oturdu\u011fu bankta sohbet eden Ba\u015fkan G\u00fcltak, yoruldu\u011fu i\u00e7in dinlenmek amac\u0131yla banka oturan, ald\u0131\u011f\u0131 meyve ve sebzeleri ta\u015f\u0131makta g\u00fc\u00e7l\u00fck \u00e7eken teyzenin evine b\u0131rak\u0131lmas\u0131 i\u00e7in Zab\u0131ta M\u00fcd\u00fcr\u00fcne ara\u00e7 ayarlanmas\u0131 talimat\u0131n\u0131 verdi.<br \/>\nMuhtar K\u00fct\u00fck; \u201cVatanda\u015flar\u0131m\u0131z sorununu, Ba\u015fkana birebir iletebiliyor\u201d<br \/>\nMahalleyi ve semt pazar\u0131n\u0131 ziyareti nedeniyle Ba\u015fkan Mustafa G\u00fcltak\u2019a te\u015fekk\u00fcr eden Mesudiye Mahallesi Muhtar\u0131 Osman K\u00fct\u00fck; \u201cBa\u015fkan\u0131m\u0131z\u0131 mahallemizde g\u00f6rmekten \u00e7ok mutlu olduk. \u00c7\u00fcnk\u00fc bu t\u00fcr ziyaretler, hem vatanda\u015flar\u0131m\u0131z\u0131n belediye ba\u015fkan\u0131n\u0131 yak\u0131ndan g\u00f6r\u00fcp tan\u0131malar\u0131, hem de talep, \u015fik\u00e2yet veya sorunlar\u0131n\u0131 ba\u015fkan\u0131m\u0131za birebir iletmeleri i\u00e7in bir f\u0131rsatt\u0131r. Her zaman halk\u0131n i\u00e7inde olan Ba\u015fkan\u0131m\u0131z G\u00fcltak\u2019a \u00e7ok te\u015fekk\u00fcr ediyorum\u201d ifadelerini kulland\u0131.<br \/>\nBa\u015fkan G\u00fcltak; \u201cMakamda oturmad\u0131k, hep halk\u0131n aras\u0131nda olduk\u201d<br \/>\nBa\u015fkan G\u00fcltak ise \u201cSe\u00e7ildi\u011fimiz g\u00fcnden beri hep sokaklarday\u0131z, kad\u0131n, erkek, gen\u00e7 ya\u015fl\u0131 halk\u0131m\u0131zla hep yan yanay\u0131z. Esnaflar\u0131m\u0131z\u0131 da yaln\u0131z b\u0131rakm\u0131yor, onlar\u0131 da ziyaret edip dinliyoruz. Akdeniz\u2019de 4 bu\u00e7uk y\u0131ll\u0131k g\u00f6rev s\u00fcremiz geride kald\u0131. Makamda oturdu\u011fumuz g\u00fcnlerin say\u0131s\u0131 \u00e7ok az, genelde sokaktay\u0131z. Bir yandan yapt\u0131\u011f\u0131m\u0131z i\u015fleri b\u00fcrokratlar\u0131m\u0131zla birlikte takip ediyor, eksik olan y\u00f6nlerini not al\u0131p h\u0131zl\u0131ca d\u00fczelmesini sa\u011fl\u0131yoruz. \u0130lk g\u00fcnden beri halk\u0131m\u0131z\u0131n i\u00e7inde olduk. Bundan sonra da halk\u0131n i\u00e7inde olmaya devam edece\u011fiz. \u00c7\u00fcnk\u00fc biz, insanlar\u0131m\u0131zla birlikte olunca, onlar\u0131 dinleyip sorunlar\u0131n\u0131 da \u00e7\u00f6z\u00fcnce mutlu oluyoruz. Halk\u0131m\u0131z\u0131n mutlulu\u011fu da bizleri daha \u00e7ok \u00e7al\u0131\u015fmaya, hizmet vermeye te\u015fvik ediyor\u201d diye konu\u015ftu. <\/p>\n","protected":false},"excerpt":{"rendered":"<p>Mesudiye Mahallesi semt pazar\u0131n\u0131 ziyaret eden Ba\u015fkan G\u00fcltak, al\u0131\u015fveri\u015fe \u00e7\u0131kan vatanda\u015flar ve pazarc\u0131 esnaf\u0131yla sohbet etti, taleplerini dinledi. Akdeniz\u2019de 4 bu\u00e7uk y\u0131l geride b\u0131rakt\u0131klar\u0131n\u0131 belirten Ba\u015fkan G\u00fcltak; \u201cG\u00f6reve geldi\u011fimiz ilk &hellip; <a href=\"https:\/\/akdenizolaygazetesi.com\/?p=27760\" class=\"more-link\">Devam\u0131n\u0131 Oku&#8230;<\/a><\/p>\n","protected":false},"author":2,"featured_media":27761,"comment_status":"open","ping_status":"open","sticky":false,"template":"","format":"standard","meta":[],"categories":[1,2,3],"tags":[],"_links":{"self":[{"href":"https:\/\/akdenizolaygazetesi.com\/index.php?rest_route=\/wp\/v2\/posts\/27760"}],"collection":[{"href":"https:\/\/akdenizolaygazetesi.com\/index.php?rest_route=\/wp\/v2\/posts"}],"about":[{"href":"https:\/\/akdenizolaygazetesi.com\/index.php?rest_route=\/wp\/v2\/types\/post"}],"author":[{"embeddable":true,"href":"https:\/\/akdenizolaygazetesi.com\/index.php?rest_route=\/wp\/v2\/users\/2"}],"replies":[{"embeddable":true,"href":"https:\/\/akdenizolaygazetesi.com\/index.php?rest_route=%2Fwp%2Fv2%2Fcomments&post=27760"}],"version-history":[{"count":1,"href":"https:\/\/akdenizolaygazetesi.com\/index.php?rest_route=\/wp\/v2\/posts\/27760\/revisions"}],"predecessor-version":[{"id":27762,"href":"https:\/\/akdenizolaygazetesi.com\/index.php?rest_route=\/wp\/v2\/posts\/27760\/revisions\/27762"}],"wp:featuredmedia":[{"embeddable":true,"href":"https:\/\/akdenizolaygazetesi.com\/index.php?rest_route=\/wp\/v2\/media\/27761"}],"wp:attachment":[{"href":"https:\/\/akdenizolaygazetesi.com\/index.php?rest_route=%2Fwp%2Fv2%2Fmedia&parent=27760"}],"wp:term":[{"taxonomy":"category","embeddable":true,"href":"https:\/\/akdenizolaygazetesi.com\/index.php?rest_route=%2Fwp%2Fv2%2Fcategories&post=27760"},{"taxonomy":"post_tag","embeddable":true,"href":"https:\/\/akdenizolaygazetesi.com\/index.php?rest_route=%2Fwp%2Fv2%2Ftags&post=27760"}],"curies":[{"name":"wp","href":"https:\/\/api.w.org\/{rel}","templated":true}]}}