{"id":27793,"date":"2023-09-25T13:18:06","date_gmt":"2023-09-25T10:18:06","guid":{"rendered":"http:\/\/akdenizolaygazetesi.com\/?p=27793"},"modified":"2023-09-25T13:18:06","modified_gmt":"2023-09-25T10:18:06","slug":"21-mersin-uluslararasi-muzik-festivali-sona-erdi","status":"publish","type":"post","link":"https:\/\/akdenizolaygazetesi.com\/?p=27793","title":{"rendered":"21. MERS\u0130N ULUSLARARASI M\u00dcZ\u0130K FEST\u0130VAL\u0130 SONA ERD\u0130"},"content":{"rendered":"<p>21. Mersin Uluslararas\u0131 M\u00fczik Festivali son g\u00fcn\u00fcnde &#8216;\u00c7ocuklar \u0130\u00e7in Ritim At\u00f6lyesi&#8217; ile ba\u015flay\u0131p, O Da Tekfen konseri, &#8216;Sesin Beden \u00dczerindeki Yolculu\u011fu&#8217; etkinli\u011fi ile devam edip, &#8216;H\u00fck\u00fcms\u00fcz Caz&#8217; konseri ile perdelerini kapatt\u0131.<\/p>\n<p>Bu y\u0131l &#8216;dayan\u0131\u015fma, iyile\u015fme ve ayd\u0131nlanma&#8217; temalar\u0131 ile perdelerini a\u00e7an 21. Mersin Uluslararas\u0131 M\u00fczik Festivali&#8217;nin son g\u00fcn\u00fcnde kat\u0131l\u0131mc\u0131lar keyifli anlara \u015fahitlik etti. Etkinlikler Mezitli Mutlu Ya\u015fam K\u00f6y\u00fc&#8217;nde &#8216;\u00c7ocuklar \u0130\u00e7in Ritim At\u00f6lyesi&#8217; ile ba\u015flad\u0131. Perk\u00fcsyon sanat\u00e7\u0131s\u0131 Emre G\u00fcnay \u00f6nc\u00fcl\u00fc\u011f\u00fcnde y\u00fcr\u00fct\u00fclen \u00e7al\u0131\u015fmada \u00e7ocuklar, damacana, baget ve pet \u015fi\u015feler ile ritim tutmay\u0131 deneyimlediler.<\/p>\n<p>&#8220;\u00c7OCUKLARIN M\u00dcZ\u0130\u011e\u0130 \u0130LE YARALARI SARMAK \u0130STED\u0130K&#8221;<\/p>\n<p>Emre G\u00fcnay, &#8220;Bu y\u0131l festival \u00e7ok daha \u00f6zel ve anlaml\u0131yd\u0131. Bu b\u00f6lgede \u00f6zellikle \u00e7ocuklar\u0131n m\u00fczi\u011fi ile yaralar\u0131 sarmak istedik. M\u00fczi\u011fin kalbi olan ritimle hem keyifli saatler ge\u00e7irip, hem de kendi ritim orkestralar\u0131n\u0131 birlikte olu\u015fturarak do\u011fa i\u00e7inde kendi m\u00fczikal hikayelerini ortaya \u00e7\u0131kard\u0131k. \u0130nteraktif olarak ger\u00e7ekle\u015ftirdi\u011fimiz bu performans \u00e7ocuklar\u0131m\u0131z\u0131 da mutlu etti\u011fi i\u00e7in \u00e7ok keyif ald\u0131k&#8221; dedi.<\/p>\n<p>O DA TEKFEN&#8217;DEN &#8216;DAYANI\u015eMA&#8217; TEMASINA KATKI<\/p>\n<p>&#8216;\u00c7ocuklar \u0130\u00e7in Ritim At\u00f6lyesi&#8217;nin ard\u0131ndan, O Da Tekfen projesi nefesli enstr\u00fcmanlardan olu\u015fan be\u015fli toplulu\u011fuyla festivalin &#8216;dayan\u0131\u015fma&#8217; temas\u0131 ba\u015fl\u0131\u011f\u0131 alt\u0131nda katk\u0131 sa\u011flad\u0131. Her biri Tekfen Filarmoni Orkestras\u0131 \u00fcyesi olan Ven\u00fcs Kovanc\u0131soy G\u00fcner (fl\u00fct), Ezgi Kaki (obua), \u00c7a\u011fda\u015f Engin (klarnet),  O\u011fuzhan G\u00fcner (fagot), Volkan Kartal (korno) \u0130lhan Baran, Paul Taffanel ve August Klughardt&#8217;\u0131n eserlerini sanatseverlerin be\u011fenisine sundu.<\/p>\n<p>&#8220;KEND\u0130 BEDEN ORKESTRANIZIN \u015eEF\u0130 OLUN&#8221;<\/p>\n<p>Ard\u0131ndan Etnom\u00fczikolog Arzu Haksun ve perk\u00fcsyon sanat\u00e7\u0131s\u0131 Emre G\u00fcnay, &#8216;Sesin Beden \u00dczerindeki Yolculu\u011fu&#8217; etkinli\u011fini d\u00fczenledi. Etkinli\u011fe ili\u015fkin konu\u015fan Arzu Haksun, &#8220;Bu etkinlik ile m\u00fczi\u011fin ve sesin bedenlerimize, hayat\u0131m\u0131za etkileri \u00fczerinde durduk. Bu bir m\u00fczik terapi ya da meditasyon seans\u0131 de\u011fildir. Bu, bir m\u00fczi\u011fin beden \u00fczerindeki etkilerini anlatan, deneyimleten bir fark\u0131ndal\u0131k at\u00f6lyesidir. Kat\u0131l\u0131mc\u0131lar seslerin ya da m\u00fczi\u011fin sihrini \u00e7\u00f6zerek, kendi beden orkestralar\u0131n\u0131n \u015fefi olarak, duygu durumlar\u0131n\u0131 kontrol alt\u0131na almada kendi destek\u00e7isi olman\u0131n yollar\u0131n\u0131 ke\u015ffettiler. Festival kapsam\u0131nda bizlere bu imkan\u0131 sa\u011flayan herkese te\u015fekk\u00fcr ederiz&#8221; diye konu\u015ftu.<\/p>\n<p>H\u00dcK\u00dcMS\u00dcZ CAZ B\u00dcY\u00dcK BE\u011eEN\u0130 TOPLADI<\/p>\n<p>T\u00fcrkiye&#8217;nin \u00f6nde gelen caz solistlerinden biri olan Dilek Sert Erdo\u011fan, kad\u0131n mahkumlara cezaevlerinde ula\u015fmak ve onlar\u0131n ya\u015fam\u0131na bir umut olmak i\u00e7in ye\u015fertti\u011fi H\u00fck\u00fcms\u00fcz Caz projesi ile sanatseverlerden b\u00fcy\u00fck be\u011feni toplad\u0131. Hem d\u00fcnya klasiklerinden hem de T\u00fcrk\u00e7e m\u00fcziklerden olu\u015fturdu\u011fu se\u00e7ki ile izleyenlere unutulmaz dakikalar ya\u015fat\u0131lan konserde Dilek Sert Erdo\u011fan&#8217;a, piyanoda Rustam Rahmedov, saksafonda Serkan Alt\u0131nok, bas gitarda Umut Oymak ve davulda Atalay Alt\u0131nok e\u015flik etti.<\/p>\n<p>&#8220;ANLAMLI B\u0130R FEST\u0130VALE \u0130MZA ATTIK&#8221;<\/p>\n<p>Etkinliklerin ard\u0131ndan konu\u015fan 21. Mersin Uluslararas\u0131 M\u00fczik Festivali Y\u00fcr\u00fctme Kurulu Ba\u015fkan\u0131 Nuran Kurtulu\u015f, &#8220;Bu y\u0131l \u00f6zellikle temas\u0131 gere\u011fi \u00e7ok anlaml\u0131 bir festivale imza att\u0131k. Festivalimize ge\u00e7mi\u015ften bug\u00fcne eme\u011fi ge\u00e7en herkese \u00e7ok te\u015fekk\u00fcr ediyor, \u00f6n\u00fcm\u00fczdeki y\u0131l daha da \u00fcst\u00fcne katarak g\u00f6rkemli bir festival yapmay\u0131 planl\u0131yoruz&#8221; ifadelerini kulland\u0131. <\/p>\n","protected":false},"excerpt":{"rendered":"<p>21. Mersin Uluslararas\u0131 M\u00fczik Festivali son g\u00fcn\u00fcnde &#8216;\u00c7ocuklar \u0130\u00e7in Ritim At\u00f6lyesi&#8217; ile ba\u015flay\u0131p, O Da Tekfen konseri, &#8216;Sesin Beden \u00dczerindeki Yolculu\u011fu&#8217; etkinli\u011fi ile devam edip, &#8216;H\u00fck\u00fcms\u00fcz Caz&#8217; konseri ile perdelerini &hellip; <a href=\"https:\/\/akdenizolaygazetesi.com\/?p=27793\" class=\"more-link\">Devam\u0131n\u0131 Oku&#8230;<\/a><\/p>\n","protected":false},"author":2,"featured_media":27794,"comment_status":"open","ping_status":"open","sticky":false,"template":"","format":"standard","meta":[],"categories":[1,2,3],"tags":[],"_links":{"self":[{"href":"https:\/\/akdenizolaygazetesi.com\/index.php?rest_route=\/wp\/v2\/posts\/27793"}],"collection":[{"href":"https:\/\/akdenizolaygazetesi.com\/index.php?rest_route=\/wp\/v2\/posts"}],"about":[{"href":"https:\/\/akdenizolaygazetesi.com\/index.php?rest_route=\/wp\/v2\/types\/post"}],"author":[{"embeddable":true,"href":"https:\/\/akdenizolaygazetesi.com\/index.php?rest_route=\/wp\/v2\/users\/2"}],"replies":[{"embeddable":true,"href":"https:\/\/akdenizolaygazetesi.com\/index.php?rest_route=%2Fwp%2Fv2%2Fcomments&post=27793"}],"version-history":[{"count":1,"href":"https:\/\/akdenizolaygazetesi.com\/index.php?rest_route=\/wp\/v2\/posts\/27793\/revisions"}],"predecessor-version":[{"id":27795,"href":"https:\/\/akdenizolaygazetesi.com\/index.php?rest_route=\/wp\/v2\/posts\/27793\/revisions\/27795"}],"wp:featuredmedia":[{"embeddable":true,"href":"https:\/\/akdenizolaygazetesi.com\/index.php?rest_route=\/wp\/v2\/media\/27794"}],"wp:attachment":[{"href":"https:\/\/akdenizolaygazetesi.com\/index.php?rest_route=%2Fwp%2Fv2%2Fmedia&parent=27793"}],"wp:term":[{"taxonomy":"category","embeddable":true,"href":"https:\/\/akdenizolaygazetesi.com\/index.php?rest_route=%2Fwp%2Fv2%2Fcategories&post=27793"},{"taxonomy":"post_tag","embeddable":true,"href":"https:\/\/akdenizolaygazetesi.com\/index.php?rest_route=%2Fwp%2Fv2%2Ftags&post=27793"}],"curies":[{"name":"wp","href":"https:\/\/api.w.org\/{rel}","templated":true}]}}