{"id":27799,"date":"2023-09-25T13:21:35","date_gmt":"2023-09-25T10:21:35","guid":{"rendered":"http:\/\/akdenizolaygazetesi.com\/?p=27799"},"modified":"2023-09-25T13:21:35","modified_gmt":"2023-09-25T10:21:35","slug":"mersinin-yangin-emniyet-yol-ve-seritleri-planlari-tamamlananlar-teslim-alindi","status":"publish","type":"post","link":"https:\/\/akdenizolaygazetesi.com\/?p=27799","title":{"rendered":"Mersin\u2019in Yang\u0131n Emniyet Yol ve \u015eeritleri Planlar\u0131 Tamamlananlar Teslim Al\u0131nd\u0131"},"content":{"rendered":"<p>Yurdumuz ormanlar\u0131nda \u00f6nemli tahribatlara neden olan orman yang\u0131nlar\u0131n\u0131 \u00f6nlemek amac\u0131yla 6831 say\u0131l\u0131 Orman Kanununun 75.maddesi, Genel M\u00fcd\u00fcrl\u00fc\u011f\u00fcm\u00fcz\u00fc bir plan i\u00e7inde yang\u0131n emniyet yollar\u0131n\u0131 yapmakla y\u00fck\u00fcml\u00fc k\u0131lmaktad\u0131r.<br \/>\nOrman yang\u0131nlar\u0131 ile m\u00fccadelede ba\u015far\u0131l\u0131 olmak ve mevcut ibreli ormanlar ile yeni tesis edilmi\u015f ve edilecek olan ibreli a\u011fa\u00e7land\u0131rma ve tensil alanlar\u0131n\u0131n emniyetini sa\u011flamak \u00fczere bu orman alanlar\u0131nda, yang\u0131n emniyet yol ve \u015feritlerinin bir plan kapsam\u0131nda yap\u0131lmas\u0131 gerekmektedir.<br \/>\n B\u00f6lge M\u00fcd\u00fcrl\u00fc\u011f\u00fcm\u00fcze ba\u011fl\u0131 66 \u0130\u015fletme \u015eefli\u011finin 51 adedinde yang\u0131n emniyet yol ve \u015feritleri plan\u0131 yap\u0131lmas\u0131-planlanmas\u0131 gerekmekteydi. Bu kapsamda 2022 Y\u0131l\u0131 i\u00e7erisinde 9 i\u015fletme \u015fefli\u011finin yang\u0131n emniyet yol ve \u015feritleri plan\u0131 yap\u0131lm\u0131\u015ft\u0131r. 2023 y\u0131l\u0131 i\u00e7erisinde 42 \u015feflik plan\u0131 daha programa al\u0131narak ihale edilmi\u015ftir. Yap\u0131lan \u00e7al\u0131\u015fmalar sonucu 5 i\u015fletme m\u00fcd\u00fcrl\u00fc\u011f\u00fcm\u00fczde tamamlanan 28 \u015feflik plan\u0131 daha kontrol edilerek teslim al\u0131nm\u0131\u015ft\u0131r. 2023 y\u0131l\u0131 sonu itibar\u0131 ile 51 i\u015fletme \u015fefli\u011finde yang\u0131n emniyet yol ve \u015feritleri planlar\u0131 tamamlanm\u0131\u015f olacakt\u0131r.<\/p>\n","protected":false},"excerpt":{"rendered":"<p>Yurdumuz ormanlar\u0131nda \u00f6nemli tahribatlara neden olan orman yang\u0131nlar\u0131n\u0131 \u00f6nlemek amac\u0131yla 6831 say\u0131l\u0131 Orman Kanununun 75.maddesi, Genel M\u00fcd\u00fcrl\u00fc\u011f\u00fcm\u00fcz\u00fc bir plan i\u00e7inde yang\u0131n emniyet yollar\u0131n\u0131 yapmakla y\u00fck\u00fcml\u00fc k\u0131lmaktad\u0131r. Orman yang\u0131nlar\u0131 ile m\u00fccadelede &hellip; <a href=\"https:\/\/akdenizolaygazetesi.com\/?p=27799\" class=\"more-link\">Devam\u0131n\u0131 Oku&#8230;<\/a><\/p>\n","protected":false},"author":2,"featured_media":27800,"comment_status":"open","ping_status":"open","sticky":false,"template":"","format":"standard","meta":[],"categories":[3],"tags":[],"_links":{"self":[{"href":"https:\/\/akdenizolaygazetesi.com\/index.php?rest_route=\/wp\/v2\/posts\/27799"}],"collection":[{"href":"https:\/\/akdenizolaygazetesi.com\/index.php?rest_route=\/wp\/v2\/posts"}],"about":[{"href":"https:\/\/akdenizolaygazetesi.com\/index.php?rest_route=\/wp\/v2\/types\/post"}],"author":[{"embeddable":true,"href":"https:\/\/akdenizolaygazetesi.com\/index.php?rest_route=\/wp\/v2\/users\/2"}],"replies":[{"embeddable":true,"href":"https:\/\/akdenizolaygazetesi.com\/index.php?rest_route=%2Fwp%2Fv2%2Fcomments&post=27799"}],"version-history":[{"count":1,"href":"https:\/\/akdenizolaygazetesi.com\/index.php?rest_route=\/wp\/v2\/posts\/27799\/revisions"}],"predecessor-version":[{"id":27801,"href":"https:\/\/akdenizolaygazetesi.com\/index.php?rest_route=\/wp\/v2\/posts\/27799\/revisions\/27801"}],"wp:featuredmedia":[{"embeddable":true,"href":"https:\/\/akdenizolaygazetesi.com\/index.php?rest_route=\/wp\/v2\/media\/27800"}],"wp:attachment":[{"href":"https:\/\/akdenizolaygazetesi.com\/index.php?rest_route=%2Fwp%2Fv2%2Fmedia&parent=27799"}],"wp:term":[{"taxonomy":"category","embeddable":true,"href":"https:\/\/akdenizolaygazetesi.com\/index.php?rest_route=%2Fwp%2Fv2%2Fcategories&post=27799"},{"taxonomy":"post_tag","embeddable":true,"href":"https:\/\/akdenizolaygazetesi.com\/index.php?rest_route=%2Fwp%2Fv2%2Ftags&post=27799"}],"curies":[{"name":"wp","href":"https:\/\/api.w.org\/{rel}","templated":true}]}}