{"id":2784,"date":"2020-11-04T18:23:17","date_gmt":"2020-11-04T15:23:17","guid":{"rendered":"http:\/\/mersinekonomipolitikagazetesi.com\/?p=2784"},"modified":"2020-11-04T18:23:17","modified_gmt":"2020-11-04T15:23:17","slug":"suriye-fiyaskosunun-bedelini-81-milyon-hep-beraber-oduyoruz","status":"publish","type":"post","link":"https:\/\/akdenizolaygazetesi.com\/?p=2784","title":{"rendered":"\u201cSuriye fiyaskosunun bedelini 81 milyon hep beraber \u00f6d\u00fcyoruz\u201d"},"content":{"rendered":"<p>CHP Eski\u015fehir Milletvekili Utku \u00c7ak\u0131r\u00f6zer, 16 y\u0131ll\u0131k AKP iktidar\u0131n\u0131n \u00fclkeyi d\u0131\u015f politikada s\u00fcr\u00fckledi\u011fi \u00e7\u0131kmaz\u0131n T\u00fcrkiye\u2019ye \u00e7ok b\u00fcy\u00fck bedeli oldu\u011funu belirterek, \u201cSizin beceriksiz politikalar\u0131n\u0131z\u0131n sonucu ortaya \u00e7\u0131kan Suriye fiyaskosunun bedelini 81 milyon vatanda\u015f hep beraber \u00f6d\u00fcyoruz\u201d dedi.\u00a0<br \/>\n\u00c7ak\u0131r\u00f6zer, T\u00fcrkiye\u2019nin d\u0131\u015f politikada imaj\u0131n\u0131n d\u00fczeltilmesi i\u00e7in en k\u0131sa s\u00fcrede demokratikle\u015fme ve hukuk devleti ad\u0131mlar\u0131n\u0131n at\u0131lmas\u0131 \u00e7a\u011fr\u0131s\u0131nda bulundu.\u00a0<\/p>\n<p>Meclis Genel Kurulu\u2019nda L\u00fcbnan&#8217;da konu\u015flu BM G\u00fcc\u00fc\u2019ne T\u00fcrkiye\u2019nin kat\u0131l\u0131m\u0131n\u0131n uzat\u0131lmas\u0131 konusunda CHP ad\u0131na konu\u015fan \u00c7ak\u0131r\u00f6zer, \u201cBu tezkereye olumlu oy kullanmam\u0131z 16 y\u0131ll\u0131k AKP h\u00fck\u00fbmetlerinin ve sonras\u0131nda olu\u015fturulan tek adam y\u00f6netiminin d\u0131\u015f politikas\u0131n\u0131 ve \u00f6zellikle Orta Do\u011fu siyasetini onaylad\u0131\u011f\u0131m\u0131z anlam\u0131na gelmemektedir. Aksine, uygulanan macerac\u0131 d\u0131\u015f politikalar nedeniyle T\u00fcrkiye&#8217;nin b\u00f6lgede ve d\u00fcnyada bir \u00e7\u0131kmaza, girdaba s\u00fcr\u00fcklenmekte oldu\u011funa ili\u015fkin endi\u015felerimiz her ge\u00e7en g\u00fcn daha da artmaktad\u0131r\u201d dedi. \u00a0<\/p>\n<p>F\u0130YASKONUN BEDEL\u0130N\u0130 HEP\u0130M\u0130Z \u00d6D\u00dcYORUZ<\/p>\n<p>H\u00fck\u00fcmetin Suriye\u2019de izledi\u011fi politikalar\u0131n \u2018fiyasko\u2019 ile sonu\u00e7land\u0131\u011f\u0131n\u0131 belirten \u00c7ak\u0131r\u00f6zer \u015funlar\u0131 s\u00f6yledi:<br \/>\n\u201cSuriye\u2019de izlenen ba\u015far\u0131s\u0131z ve zikzaklarla dolu politikalardan en b\u00fcy\u00fck zarar\u0131 T\u00fcrkiye ve halk\u0131m\u0131z \u00e7ekmi\u015ftir, \u00e7ekmektedir. Bundan yedi y\u0131l \u00f6nce T\u00fcrkiye-Suriye s\u0131n\u0131r\u0131m\u0131zda ter\u00f6r \u00f6rg\u00fctleri yoktu. Bir d\u00f6nem ailecek tatil yapt\u0131\u011f\u0131n\u0131z Esat&#8217;\u0131n rejimi vard\u0131. Aram\u0131zda ter\u00f6rle m\u00fccadele i\u00e7in Adana Mutabakat\u0131 vard\u0131, g\u00fcvenli\u011fimiz vard\u0131. \u015eimdi s\u0131n\u0131r\u0131n \u00f6te yan\u0131nda kimler var? I\u015e\u0130D var, Nusra var, ad\u0131n\u0131 san\u0131n\u0131 bilmedi\u011fimiz, d\u00fcnyan\u0131n d\u00f6rt bir yan\u0131ndan gelen ve T\u00fcrkiye \u00fczerinden oraya giden onlarca irili ufakl\u0131 ter\u00f6r \u00f6rg\u00fct\u00fc var, binlerce eli kanl\u0131 ter\u00f6rist var. PKK&#8217;n\u0131n oradaki kolu YPG var. Suriye fiyaskosunun bedelini maalesef hepimiz \u00f6d\u00fcyoruz\u201d dedi. Bu ter\u00f6r \u00f6rg\u00fctlerinin yaratt\u0131\u011f\u0131 kanl\u0131 ter\u00f6rden, zavall\u0131 Suriyeli karde\u015flerimizden sonra maalesef en b\u00fcy\u00fck zarar\u0131 \u00fclkemiz ve kendi halk\u0131m\u0131z g\u00f6rmekte\u201d dedi.<\/p>\n<p>\u0130HVANCI S\u0130YASET B\u0130TMEL\u0130, OB\u0130T KURULMALI<br \/>\n\u00a0<br \/>\nSuriye\u2019de ya\u015fanan i\u00e7 sava\u015f nedeniyle 3,5 milyon Suriyeli g\u00f6\u00e7menin T\u00fcrkiye\u2019de ya\u015fad\u0131\u011f\u0131n\u0131 belirten \u00c7ak\u0131r\u00f6zer, \u201cBug\u00fcne kadar 32 milyar dolar harcam\u0131\u015f\u0131z, daha da harcayaca\u011f\u0131z. Onlar\u0131n giderek kal\u0131c\u0131 h\u00e2le gelen T\u00fcrkiye&#8217;deki ikameti \u00e7ok b\u00fcy\u00fck ekonomik ve sosyal s\u0131k\u0131nt\u0131lar\u0131 beraberinde ta\u015f\u0131makta\u201d dedi. \u00c7ak\u0131r\u00f6zer, h\u00fck\u00fcmetin Suriye politikas\u0131na ili\u015fkin yap\u0131lmas\u0131 gerekenleri \u015fu \u015fekilde s\u0131ralad\u0131: \u201c Yap\u0131lmas\u0131 gereken, Suriye&#8217;de rejim de\u011fi\u015fikli\u011fine y\u00f6nelik \u0130hvanc\u0131 siyasetin bir an \u00f6nce terk edilmesidir. Suriye&#8217;de i\u00e7 bar\u0131\u015f\u0131n sa\u011flanmas\u0131 i\u00e7in siyasi ge\u00e7i\u015f s\u00fcrecine \u00fclkemiz ve t\u00fcm uluslararas\u0131 akt\u00f6rler destek vermelidir. Genel Ba\u015fkan\u0131m\u0131z Say\u0131n Kemal K\u0131l\u0131\u00e7daro\u011flu taraf\u0131ndan kamuoyuna a\u00e7\u0131klanan Orta Do\u011fu bar\u0131\u015f ve i\u015f birli\u011fi te\u015fkilat\u0131 da yine b\u00f6lgemizdeki sorunlara derman olacak bir modeldir.\u201d<br \/>\n\u00c7ak\u0131r\u00f6zer T\u00fcrkiye\u2019nin Suudi Arabistan, \u0130srail, AB ve Do\u011fu Akdeniz politikalar\u0131na ili\u015fkin \u015fu de\u011ferlendirmelerde bulundu:<\/p>\n<p>AB KURUMLARIYLA \u0130L\u0130\u015eK\u0130LER\u0130M\u0130Z ZEDENELD\u0130<\/p>\n<p>\u201cD\u0131\u015f politikam\u0131z\u0131n \u00f6teden beri en \u00f6nemli \u00e7\u0131pas\u0131, muas\u0131r medeniyet hedefimizin en \u00f6nemli duraklar\u0131ndan biri olan Avrupa kurumlar\u0131yla sa\u011flam ili\u015fkiler olmu\u015ftur. Ama bak\u0131n, on alt\u0131 y\u0131ll\u0131k AKP iktidarlar\u0131 ve sonras\u0131ndaki tek adam y\u00f6netimi \u00fclkemizi bu kurumlarla ili\u015fkilerde ne h\u00e2le getirdi? Kurucusu oldu\u011fumuz \u2018Avrupa&#8217;n\u0131n vicdan\u0131\u2019 diye tan\u0131d\u0131\u011f\u0131m\u0131z Avrupa Konseyinde12 Eyl\u00fcl asker\u00ee darbesinden sonra ikinci kez denetim alt\u0131ndaki \u00fclke konumuna d\u00f6nmemiz AKP d\u00f6neminde olmu\u015ftur. Neden? Demokrasiden uzakla\u015ft\u0131\u011f\u0131m\u0131z i\u00e7in. Avrupa \u0130nsan Haklar\u0131 Mahkemesine evrensel hukuk standartlar\u0131na uygun bir yarg\u0131\u00e7 g\u00f6ndermeyi \u00a0dahi beceremiyoruz. \u00dc\u00e7\u00fcnc\u00fc kez g\u00f6nderdi\u011fimiz heyet iade reddediliyor. Avrupa Birli\u011fiyle m\u00fczakereler donmu\u015f durumda, Avrupa Parlamentosu maddi yard\u0131mlara pe\u015f pe\u015fe veto koyuyor, \u00fcyelik m\u00fczakerelerimizin ask\u0131ya al\u0131nmas\u0131 g\u00fcndemde. \u00dcyesi oldu\u011fumuz Avrupa G\u00fcvenlik ve \u0130\u015fbirli\u011fi Te\u015fkilat\u0131, T\u00fcrkiye&#8217;deki hak ihlallerine ili\u015fkin, se\u00e7imlerdeki \u015faibelere ili\u015fkin birbiri ard\u0131na olumsuz raporlar yazmakta.<br \/>\nT\u00fcrkiye&#8217;nin mazlum Filistinli halk\u0131n yan\u0131nda oldu\u011funu etkin bir \u015fekilde g\u00f6stermesi gerekir. Bak\u0131n, bug\u00fcne kadar Gazze&#8217;de 60 sivil \u0130srail kur\u015funlar\u0131yla hayat\u0131n\u0131 kaybetti, 2.700&#8217;\u00fc a\u015fk\u0131n Filistinli yaraland\u0131. Ta\u015fl\u0131 sald\u0131r\u0131larda iki g\u00fcn \u00f6nce 45 ya\u015f\u0131ndaki Ay\u015fe Muhammed Radi hayat\u0131n\u0131 kaybetti. Bug\u00fcn \u0130srail taraf\u0131ndan bir okul kapat\u0131ld\u0131. Lafa gelince mangalda k\u00fcl b\u0131rakmayanlar Filistin&#8217;e ger\u00e7ek ve samimi destek s\u00f6z konusu oldu\u011funda maalesef ortada yoklar. Mavi Marmara Anla\u015fmas\u0131 d\u00e2hil \u0130srail&#8217;le yap\u0131lan t\u00fcm anla\u015fmalar\u0131n iptal edilmesi \u00f6nerimiz bu Meclis\u2019te k\u0131sa bir s\u00fcre \u00f6nce Adalet ve Kalk\u0131nma Partisi oylar\u0131yla reddedilmi\u015ftir. Gazze \u00fczerindeki insan haklar\u0131na ayk\u0131r\u0131 abluka h\u00e2l\u00e2 s\u00fcrmektedir. Bug\u00fcn Ekonomi Bakanl\u0131\u011f\u0131m\u0131z\u0131n internet sayfas\u0131ndaki verilere bak\u0131n, \u0130srail&#8217;le ekonomik ili\u015fkilerin Filistinlilere y\u00f6nelik t\u00fcm katliamlara ra\u011fmen nas\u0131l aksamad\u0131\u011f\u0131n\u0131, nas\u0131l 2017&#8217;de zirve yapt\u0131\u011f\u0131n\u0131 g\u00f6receksiniz. Hatta Irak B\u00f6lgesel K\u00fcrt Y\u00f6netimi&#8217;nden \u0130srail&#8217;e yine AKP H\u00fck\u00fbmeti arac\u0131l\u0131\u011f\u0131yla petrol bile ta\u015f\u0131nm\u0131\u015ft\u0131r. Bug\u00fcn bu meselenin Ba\u011fdat H\u00fck\u00fbmeti taraf\u0131ndan tahkime ta\u015f\u0131nd\u0131\u011f\u0131 y\u00f6n\u00fcnde haberler duymaktay\u0131z. \u00a0<\/p>\n<p>DEN\u0130Z YETK\u0130 ALANLARIMIZ TEHD\u0130T ED\u0130LMEKTE<\/p>\n<p>T\u00fcrkiye Cumhuriyeti&#8217;nin ve Kuzey K\u0131br\u0131s T\u00fcrk Cumhuriyeti&#8217;nin deniz ilgi ve yetki alanlar\u0131m\u0131z\u0131 tehlikeye atan geli\u015fmeler ya\u015fanmakta ve AKP \u00a0y\u00f6netimi hi\u00e7bir \u015fey yapmamaktad\u0131r. Yunanistan, G\u00fcney K\u0131br\u0131s Rum Y\u00f6netimi ve M\u0131s\u0131r, i\u015f birli\u011fi i\u00e7inde bizi Antalya k\u00f6rfezine hapsetmeye \u00e7al\u0131\u015fmakta, hatta tehdit bile edebilmektedirler. Maalesef bu kayg\u0131 verici geli\u015fmeler kar\u015f\u0131s\u0131nda AKP iktidarlar\u0131 hamaset d\u0131\u015f\u0131nda hi\u00e7bir somut ad\u0131m atamam\u0131\u015ft\u0131r.\u201d<br \/>\n\u00c7ak\u0131r\u00f6zer ABD\u2019li Rahip Brunsan\u2019\u0131n serbest b\u0131rak\u0131lmas\u0131 ile Suudi gazeteci Cemal Ka\u015f\u0131k\u00e7\u0131\u2019n\u0131n kaybolmas\u0131na ili\u015fkin de \u015fu de\u011ferlendirmeleri yapt\u0131:<br \/>\n\u201cTransatlantik ili\u015fkilerin \u00f6nemli akt\u00f6r\u00fc Amerika Birle\u015fik Devletleriyle ili\u015fkilerimizin ad\u0131 stratejiktir ama geldi\u011fi nokta vahimdir, ibretliktir. Bak\u0131n, son ya\u015fanan Rahip Brunson olay\u0131nda ya\u015fananlar T\u00fcrk yarg\u0131s\u0131 ad\u0131na, hukukumuz ad\u0131na utan\u00e7 vericidir. Yarg\u0131daki geri gidi\u015fi, \u00e7\u00fcr\u00fcmeyi bu davada ya\u015fananlar \u00e7ok net g\u00f6stermi\u015ftir. Bu ki\u015fi rahip midir, casus mudur? E\u011fer rahipse ve su\u00e7u yoksa neden bir y\u0131l hapse att\u0131n\u0131z, \u00fczerinden pazarl\u0131k yap\u0131labilen bir rehine muamelesi yapt\u0131n\u0131z? Yok e\u011fer casussa ve iddia edildi\u011fi gibi ter\u00f6r \u00f6rg\u00fctlerine destek veriyorsa o zaman neden tehditler, \u015fantajlar kar\u015f\u0131s\u0131nda boyun e\u011ferek b\u0131rak\u0131yorsunuz? Hukuk devletinde, demokrasilerde &#8220;al papaz\u0131, ver papaz\u0131&#8221; diye rehine pazarl\u0131\u011f\u0131 \u00fczerinden d\u0131\u015f politika olmaz. Olursa i\u015fte b\u00f6yle olur. Yarg\u0131n\u0131z\u0131n ve \u00fclkenizin itibar\u0131 yerle bir olur.\u00a0<\/p>\n<p>MEZHEP\u00c7\u0130 HESAPLA\u015eMANIN BEDEL\u0130<br \/>\n\u00a0 \u00a0<br \/>\n&#8220;Ger\u00e7ek bir hukuk devletinde, ger\u00e7ek bir demokraside insanlar bir anda ortadan kaybolmaz. Suudi Gazeteci Cemal Ka\u015f\u0131k\u00e7\u0131&#8217;dan \u0130stanbul&#8217;daki Suudi Arabistan Ba\u015fkonsoloslu\u011funa gittikten sonra haber al\u0131namam\u0131\u015ft\u0131r. Bu mesele, her \u015feyden \u00f6nce \u00fclkemizde ya\u015fayanlar\u0131n hem kendi yurtta\u015flar\u0131m\u0131z hem de yabanc\u0131lar\u0131n can g\u00fcvenli\u011fi a\u00e7\u0131s\u0131ndan kayg\u0131 vericidir. T\u00fcrkiye topraklar\u0131nda yabanc\u0131 devletlerin bu kadar rahat operasyon yapaca\u011f\u0131 bir \u00fclke h\u00e2line d\u00f6n\u00fc\u015fmesi \u00fclkemizin kabul edilemez. Ka\u015f\u0131k\u00e7\u0131 hadisesi \u00fclkemizin Orta Do\u011fu&#8217;daki mezhep\u00e7i, ideolojik i\u00e7 hesapla\u015fmalara nas\u0131l a\u00e7\u0131k h\u00e2le getirildi\u011finin ve \u00fclkede gizli operasyonlar yap\u0131labildi\u011finin kan\u0131t\u0131d\u0131r.\u201d<br \/>\nT\u00fcrkiye\u2019nin d\u00fcnyadaki itibar\u0131n\u0131n, sadece di\u011fer \u00fclkelerle olan ili\u015fkilerinden ibaret olmad\u0131\u011f\u0131n\u0131 belirten \u00c7ak\u0131r\u00f6zer demokrasi ve hukuk devleti \u00e7a\u011fr\u0131s\u0131nda bulunarak, \u201c Art\u0131k \u00fclkelerin d\u00fcnyadaki itibar\u0131n\u0131 belirleyen unsurlar\u0131n ba\u015f\u0131nda demokrasilerinin kalitesi, hukuk devletlerinin g\u00fc\u00e7l\u00fcl\u00fc\u011f\u00fc gelmektedir yani i\u00e7erideki huzur, karde\u015flik, demokrasi ortam\u0131, hak ve \u00f6zg\u00fcrl\u00fck ortam\u0131n\u0131n zenginli\u011fi d\u0131\u015f politikadaki itibara b\u00fcy\u00fck katk\u0131 sa\u011flamaktad\u0131r. D\u00fcnyada hukukun \u00fcst\u00fcnl\u00fc\u011f\u00fc s\u0131ralamas\u0131nda 113 \u00fclke aras\u0131nda 101&#8217;inci s\u0131raday\u0131z. Bu s\u0131ralamada \u00fcstlere \u00e7\u0131kmadan d\u00fcnyadaki itibar\u0131m\u0131z y\u00fckselmez. D\u00fcnya Bas\u0131n \u00d6zg\u00fcrl\u00fc\u011f\u00fc Endeksinde 180 \u00fclke aras\u0131nda 157&#8217;nci s\u0131raday\u0131z. \u00dclkemize, insan\u0131m\u0131za yak\u0131\u015fmayan rakamlar, g\u00f6r\u00fcnt\u00fclerdir bunlar. Buradan bir kez daha demokrasi, bir kez daha hukuk devleti istiyoruz. \u00dclkemizde demokrasimizi, hukuk devletimizi g\u00fc\u00e7lendirmezsek, bilimsel, laik e\u011fitimi g\u00fc\u00e7lendirmezsek uluslararas\u0131 arenada hak etti\u011fimiz sayg\u0131n yeri yeniden kazanamay\u0131z de\u011ferli milletvekilleri.<\/p>\n","protected":false},"excerpt":{"rendered":"<p>CHP Eski\u015fehir Milletvekili Utku \u00c7ak\u0131r\u00f6zer, 16 y\u0131ll\u0131k AKP iktidar\u0131n\u0131n \u00fclkeyi d\u0131\u015f politikada s\u00fcr\u00fckledi\u011fi \u00e7\u0131kmaz\u0131n T\u00fcrkiye\u2019ye \u00e7ok b\u00fcy\u00fck bedeli oldu\u011funu belirterek, \u201cSizin beceriksiz politikalar\u0131n\u0131z\u0131n sonucu ortaya \u00e7\u0131kan Suriye fiyaskosunun bedelini 81 &hellip; <a href=\"https:\/\/akdenizolaygazetesi.com\/?p=2784\" class=\"more-link\">Devam\u0131n\u0131 Oku&#8230;<\/a><\/p>\n","protected":false},"author":1,"featured_media":0,"comment_status":"open","ping_status":"open","sticky":false,"template":"","format":"standard","meta":[],"categories":[],"tags":[],"_links":{"self":[{"href":"https:\/\/akdenizolaygazetesi.com\/index.php?rest_route=\/wp\/v2\/posts\/2784"}],"collection":[{"href":"https:\/\/akdenizolaygazetesi.com\/index.php?rest_route=\/wp\/v2\/posts"}],"about":[{"href":"https:\/\/akdenizolaygazetesi.com\/index.php?rest_route=\/wp\/v2\/types\/post"}],"author":[{"embeddable":true,"href":"https:\/\/akdenizolaygazetesi.com\/index.php?rest_route=\/wp\/v2\/users\/1"}],"replies":[{"embeddable":true,"href":"https:\/\/akdenizolaygazetesi.com\/index.php?rest_route=%2Fwp%2Fv2%2Fcomments&post=2784"}],"version-history":[{"count":0,"href":"https:\/\/akdenizolaygazetesi.com\/index.php?rest_route=\/wp\/v2\/posts\/2784\/revisions"}],"wp:attachment":[{"href":"https:\/\/akdenizolaygazetesi.com\/index.php?rest_route=%2Fwp%2Fv2%2Fmedia&parent=2784"}],"wp:term":[{"taxonomy":"category","embeddable":true,"href":"https:\/\/akdenizolaygazetesi.com\/index.php?rest_route=%2Fwp%2Fv2%2Fcategories&post=2784"},{"taxonomy":"post_tag","embeddable":true,"href":"https:\/\/akdenizolaygazetesi.com\/index.php?rest_route=%2Fwp%2Fv2%2Ftags&post=2784"}],"curies":[{"name":"wp","href":"https:\/\/api.w.org\/{rel}","templated":true}]}}