{"id":2785,"date":"2020-11-04T18:23:18","date_gmt":"2020-11-04T15:23:18","guid":{"rendered":"http:\/\/mersinekonomipolitikagazetesi.com\/?p=2785"},"modified":"2020-11-04T18:23:18","modified_gmt":"2020-11-04T15:23:18","slug":"yesilbogaz-mazbatasini-aldi","status":"publish","type":"post","link":"https:\/\/akdenizolaygazetesi.com\/?p=2785","title":{"rendered":"YE\u015e\u0130LBO\u011eAZ MAZBATASINI ALDI"},"content":{"rendered":"<p>Mersin Barosu\u2019nun Se\u00e7imli Ola\u011fan Genel Kurulun\u2019da 756 oy alarak yeniden Baro Ba\u015fkanl\u0131\u011f\u0131\u2019na se\u00e7ilen Av. Bilgin Ye\u015filbo\u011faz, mazbatas\u0131n\u0131 ald\u0131. Eski baro ba\u015fkanlar\u0131 ve \u00e7ok say\u0131da avukat\u0131n kat\u0131l\u0131m\u0131yla Mersin Baro Odas\u0131\u2019nda ger\u00e7ekle\u015fen Mazbata T\u00f6reni\u2019nde \u00fcyeler mazbatalar\u0131n\u0131 Divan Ba\u015fkan\u0131 Av. Halit Ak\u0131n\u2019dan teslim ald\u0131.<\/p>\n<p>\u00a02018-2020 d\u00f6nemi i\u00e7in g\u00f6reve ba\u015flayan Ye\u015filbo\u011faz, konu\u015fmas\u0131nda se\u00e7imin kaybedeni olmad\u0131\u011f\u0131n\u0131 belirterek, \u201cKazanan Mersin Barosu olmu\u015ftur. Koltuk sevdas\u0131 i\u00e7in de\u011fil, m\u00fccadele etmek i\u00e7in g\u00f6reve talip oldum. Gittik\u00e7e yok olan hukuk sistemimizde, g\u00f6m\u00fclm\u00fc\u015f adalet sistemimizi, haklar\u0131m\u0131z\u0131 t\u0131rnaklar\u0131m\u0131zla kaz\u0131yarak bir g\u00fcn, g\u00fcn y\u00fcz\u00fcne \u00e7\u0131karmak i\u00e7in m\u00fccadele edece\u011fiz.\u201d dedi.<\/p>\n<p>\u201cMERS\u0130N BAROSU HER DA\u0130M YANINIZDA\u201d<\/p>\n<p>756 oy al\u0131p g\u00fcven tazeleyerek, yeniden ba\u015fkanl\u0131\u011fa se\u00e7ilmi\u015f olmas\u0131n\u0131n ve yeni se\u00e7ilen kurul \u00fcyeleriyle birlikte g\u00f6reve ba\u015flam\u0131\u015f olmas\u0131n\u0131n mutlulu\u011funu ve onurunu ya\u015fad\u0131klar\u0131n\u0131 ifade eden Ye\u015filbo\u011faz, \u201cYakla\u015f\u0131k 4 ayl\u0131k g\u00f6rev s\u00fcremde, yeni d\u00f6nemde Mersin Barosu\u2019nun \u00e7\u0131tas\u0131n\u0131 daha da y\u00fckseltmek amac\u0131yla hayata ge\u00e7irece\u011fimiz projelerimizin \u00f6n haz\u0131rl\u0131k \u00e7al\u0131\u015fmalar\u0131n\u0131 ger\u00e7ekle\u015ftirmek i\u00e7in \u00f6nemli ad\u0131mlar att\u0131k. Her daim mazlumun, haks\u0131zl\u0131\u011fa u\u011frayan\u0131n yan\u0131nda olup, toplumsal sorunlarda duyarl\u0131l\u0131k g\u00f6sterip vermi\u015f oldu\u011fumuz tepkiler neticesinde, \u00a0toplumun ve meslekta\u015flar\u0131m\u0131z\u0131n g\u00f6z\u00fcnde, \u2018Mersin Barosu her daim yan\u0131m\u0131zda\u2019 izlenimi yaratm\u0131\u015f olmam\u0131z, bizim i\u00e7in son derece \u00f6nemliydi.\u201d dedi.<br \/>\nYe\u015filbo\u011faz, yeni d\u00f6nemde ben ve yeni se\u00e7ilen kurul \u00fcyelerimizle birlikte, sizlere daha \u00f6nce a\u00e7\u0131klam\u0131\u015f oldu\u011fum \u00a0projelerimizi, sizlerin de \u00f6neri ve beklentileri do\u011frultusunda, sizlerden alaca\u011f\u0131m\u0131z g\u00fc\u00e7 ve destekle bir bir ger\u00e7ekle\u015ftireceklerini ifade etti.\u00a0<\/p>\n<p>\u201cM\u00dcCADELE ETMEK \u0130\u00c7\u0130N BURADAYIM\u201d<\/p>\n<p>OHAL ve KHK\u2019larla birlikte hukuk sistemimizin yerle bir oldu\u011funu vurgulayan Ye\u015filbo\u011faz, gerek yarg\u0131daki sorunlar\u0131n, gerekse meslekta\u015flar\u0131n\u0131n adliyede ya\u015fam\u0131\u015f olduklar\u0131 sorunlar\u0131n kat kat artt\u0131\u011f\u0131n\u0131 s\u00f6yledi. Ye\u015filbo\u011faz, \u201cBu zor s\u00fcre\u00e7te g\u00f6revim de ne kadar zor oldu\u011funun bilincindeyim. Hukukun \u00fcst\u00fcnl\u00fc\u011f\u00fc ve adaletin tesisi i\u00e7in aktif bir \u00e7al\u0131\u015fma ortaya koymam\u0131z gerekti\u011finin fark\u0131nday\u0131m. Koltuk sevdas\u0131 i\u00e7in de\u011fil; hak, hukuk, adalet, \u00f6zg\u00fcrl\u00fck ve daha g\u00fc\u00e7l\u00fc meslek \u00f6rg\u00fct\u00fc yaratma sevdas\u0131 u\u011fruna m\u00fccadele etmek i\u00e7in bu kutsal g\u00f6reve talip oldum. Bu koltuk \u015fahs\u0131m\u0131n de\u011fil, hepimizin koltu\u011fu. Gittik\u00e7e yok olan hukuk sistemimizde, g\u00f6m\u00fclm\u00fc\u015f adalet sistemimizi, haklar\u0131m\u0131z\u0131 t\u0131rnaklar\u0131m\u0131zla kaz\u0131yarak bir g\u00fcn, g\u00fcn y\u00fcz\u00fcne \u00e7\u0131karmak i\u00e7in m\u00fccadele edece\u011fiz. \u00c7\u00fcnk\u00fc adalet yoksa, \u00e7\u00f6k\u00fc\u015f vard\u0131r. Adalet yoksa bar\u0131\u015f yoktur, ter\u00f6r vard\u0131r. Adaletin bitti\u011fi yerde devletin varl\u0131\u011f\u0131ndan da s\u00f6z edemeyiz\u201d \u015feklinde konu\u015ftu.<\/p>\n<p>Hukukun \u00fcst\u00fcnl\u00fc\u011f\u00fcne inanarak, yarg\u0131 ba\u011f\u0131ms\u0131zl\u0131\u011f\u0131n\u0131 sonuna kadar savunmaya, bu u\u011furda m\u00fccadele etmeye devam edeceklerine vurgu yapan Ye\u015filbo\u011faz, \u201cBa\u011f\u0131ms\u0131z savunman\u0131n hakk\u0131n\u0131 ve hukukunu sonuna kadar savunan bir baro olarak dimdik durmaya devam edece\u011fiz. T\u00fcrkiye\u2019nin neresinde olursa olsun, haklar\u0131 gasp edilen her meslekta\u015f\u0131m\u0131z i\u00e7in meydanlara \u00e7\u0131k\u0131p m\u00fccadele etmeye, haklar\u0131n\u0131 aramaya devam edece\u011fiz. T\u00fcm meslekta\u015flar\u0131m\u0131z\u0131n haklar\u0131n\u0131 savunmak benim ve birlikte \u00e7al\u0131\u015faca\u011f\u0131m yol arkada\u015flar\u0131m\u0131n \u015fiar\u0131 olacakt\u0131r. \u00c7\u00fcnk\u00fc barolar bir hukuk \u00f6rg\u00fct\u00fcd\u00fcr. Sizlere, baromuzda hi\u00e7 olmad\u0131\u011f\u0131 kadar birlik ve beraberli\u011fi sa\u011flayaca\u011f\u0131m\u0131za, meslekta\u015flar\u0131m\u0131z aras\u0131nda hi\u00e7bir ayr\u0131m yapmadan dayan\u0131\u015fmay\u0131 \u00f6n planda tutaca\u011f\u0131m\u0131za s\u00f6z veriyorum. \u00dcretken, yenilik\u00e7i, \u015feffaf, ben de\u011fil biz diyerek hareket eden bir y\u00f6netim \u015fekli benimseyerek, Mersin Barosu\u2019nu her ge\u00e7en g\u00fcn daha da y\u00fckselecektir.<\/p>\n<p>D\u00fc\u015f\u00fcncelerini hi\u00e7bir platformda a\u00e7\u0131klamaktan \u00e7ekinmeyece\u011fini belirten Mersin Baro Ba\u015fkan\u0131 Bilgin Ye\u015filbo\u011faz, \u201cT\u00fcm meslekta\u015flar\u0131m\u0131z\u0131n, vatanda\u015flar\u0131m\u0131z\u0131n, kentimizin, do\u011fam\u0131z\u0131n ve sesi olmayan hayvanlar\u0131n; \u00a0hukuki haklar\u0131n\u0131n savunucusu ve bek\u00e7isi olmaya devam edece\u011fiz. \u00a0 Mesle\u011fimize, meslekta\u015f\u0131m\u0131za, baromuza hizmet etmek i\u00e7in, hukukun \u00fcst\u00fcnl\u00fc\u011f\u00fc ilkesini egemen k\u0131lmak i\u00e7in m\u00fccadelemiz devam edecek. \u00dclkemizi ayd\u0131nl\u0131k yar\u0131nlara ta\u015f\u0131mak i\u00e7in T\u00fcrkiye Cumhuriyeti\u2019nin kurucu de\u011ferlerinden \u00f6d\u00fcn vermeden, insan hak ve \u00f6zg\u00fcrl\u00fckleri, hukukun \u00fcst\u00fcnl\u00fc\u011f\u00fc, adil yarg\u0131lanma hakk\u0131, ba\u011f\u0131ms\u0131z ve tarafs\u0131z yarg\u0131, ba\u011f\u0131ms\u0131z savunma, hukuk devleti ve demokrasi i\u00e7in m\u00fccadele devam edece\u011fiz. Bu u\u011furda g\u00f6revimizi sizlerin de deste\u011fiyle ortak ak\u0131lla sonuna kadar y\u00fcr\u00fctece\u011fiz. Zaman birlikte m\u00fccadele etme zaman\u0131d\u0131r.\u201d diyerek s\u00f6zlerini noktalad\u0131. (B\u00fcltendir)<\/p>\n","protected":false},"excerpt":{"rendered":"<p>Mersin Barosu\u2019nun Se\u00e7imli Ola\u011fan Genel Kurulun\u2019da 756 oy alarak yeniden Baro Ba\u015fkanl\u0131\u011f\u0131\u2019na se\u00e7ilen Av. Bilgin Ye\u015filbo\u011faz, mazbatas\u0131n\u0131 ald\u0131. Eski baro ba\u015fkanlar\u0131 ve \u00e7ok say\u0131da avukat\u0131n kat\u0131l\u0131m\u0131yla Mersin Baro Odas\u0131\u2019nda ger\u00e7ekle\u015fen &hellip; <a href=\"https:\/\/akdenizolaygazetesi.com\/?p=2785\" class=\"more-link\">Devam\u0131n\u0131 Oku&#8230;<\/a><\/p>\n","protected":false},"author":1,"featured_media":0,"comment_status":"open","ping_status":"open","sticky":false,"template":"","format":"standard","meta":[],"categories":[],"tags":[],"_links":{"self":[{"href":"https:\/\/akdenizolaygazetesi.com\/index.php?rest_route=\/wp\/v2\/posts\/2785"}],"collection":[{"href":"https:\/\/akdenizolaygazetesi.com\/index.php?rest_route=\/wp\/v2\/posts"}],"about":[{"href":"https:\/\/akdenizolaygazetesi.com\/index.php?rest_route=\/wp\/v2\/types\/post"}],"author":[{"embeddable":true,"href":"https:\/\/akdenizolaygazetesi.com\/index.php?rest_route=\/wp\/v2\/users\/1"}],"replies":[{"embeddable":true,"href":"https:\/\/akdenizolaygazetesi.com\/index.php?rest_route=%2Fwp%2Fv2%2Fcomments&post=2785"}],"version-history":[{"count":0,"href":"https:\/\/akdenizolaygazetesi.com\/index.php?rest_route=\/wp\/v2\/posts\/2785\/revisions"}],"wp:attachment":[{"href":"https:\/\/akdenizolaygazetesi.com\/index.php?rest_route=%2Fwp%2Fv2%2Fmedia&parent=2785"}],"wp:term":[{"taxonomy":"category","embeddable":true,"href":"https:\/\/akdenizolaygazetesi.com\/index.php?rest_route=%2Fwp%2Fv2%2Fcategories&post=2785"},{"taxonomy":"post_tag","embeddable":true,"href":"https:\/\/akdenizolaygazetesi.com\/index.php?rest_route=%2Fwp%2Fv2%2Ftags&post=2785"}],"curies":[{"name":"wp","href":"https:\/\/api.w.org\/{rel}","templated":true}]}}