{"id":27891,"date":"2023-10-01T09:16:26","date_gmt":"2023-10-01T06:16:26","guid":{"rendered":"http:\/\/akdenizolaygazetesi.com\/?p=27891"},"modified":"2023-10-01T09:16:26","modified_gmt":"2023-10-01T06:16:26","slug":"sabri-tekli-iskur-ile-birlikte-istihdam-festivali-duzenleyecegiz","status":"publish","type":"post","link":"https:\/\/akdenizolaygazetesi.com\/?p=27891","title":{"rendered":"Sabri Tekli: \u0130\u015eKUR ile birlikte istihdam festivali d\u00fczenleyece\u011fiz"},"content":{"rendered":"<p>Mersin Yat\u0131r\u0131mc\u0131 \u0130\u015f \u0130nsanlar\u0131 Derne\u011fi Ba\u015fkan\u0131 Co\u015fkun Do\u011fmu\u015f ve y\u00f6netim kurulu \u00fcyeleri Mersin Tarsus Organize Sanayi B\u00f6lgesi&#8217;ni ziyaret ederek b\u00f6lgenin \u00e7al\u0131\u015fmalar\u0131 hakk\u0131nda bilgi ald\u0131.<\/p>\n<p>Ger\u00e7ekle\u015ftirilen toplant\u0131ya MTOSB Ba\u015fkan\u0131 Sabri Tekli, MERYAD Ba\u015fkan\u0131 Co\u015fkun Do\u011fmu\u015f, MTOSB Y\u00f6netim Kurulu \u00dcyeleri Seyfetullah I\u015f\u0131k, Mehmet Orgun, Hasan Y\u0131ld\u0131r\u0131m, Denetim Kurulu \u00dcyesi Bedri Aky\u00fcz, Mehmet Atilla, M\u00fcte\u015febbis \u00dcyesi Ali K\u0131ra\u00e7, MTOSB B\u00f6lge M\u00fcd\u00fcr\u00fc Halil Y\u0131lmaz, MTOSB B\u00f6lge M\u00fcd\u00fcr Yard\u0131mc\u0131lar\u0131 P\u0131nar \u00d6zal Kan\u0131k, Hasan \u00c7ay ve MERYAD y\u00f6netim kurulu \u00fcyeleri kat\u0131ld\u0131.<\/p>\n<p>MTOSB&#8217;nin projeleri hakk\u0131nda MERYAD y\u00f6netimine bilgiler aktaran MTOSB Ba\u015fkan\u0131 Sabri Tekli, &#8220;Mersin Tarsus Organize Sanayi B\u00f6lgesi s\u00fcrekli b\u00fcy\u00fcmeye ve geli\u015fmeye devam ediyor. Yapaca\u011f\u0131m\u0131z projeler aras\u0131nda ilk olarak b\u00f6lgelerimize birer petrol istasyonu, birer otel ve al\u0131\u015fveri\u015f merkezi, yan\u0131 s\u0131ra \u015fu anda en \u00e7ok ihtiya\u00e7 duyulan kre\u015f projemizi de hayata ge\u00e7iriyoruz. Buray\u0131 bir \u015fehir olarak planl\u0131yoruz. Bunlar\u0131n d\u0131\u015f\u0131nda otoban ba\u011flant\u0131 yolu \u00e7al\u0131\u015fmalar\u0131m\u0131z devam etmekte. Yakla\u015f\u0131k 14 bin ki\u015finin \u00e7al\u0131\u015faca\u011f\u0131 Avox beyaz e\u015fya fabrikas\u0131 da b\u00f6lgemizde yak\u0131n zamanda faaliyetlerine ba\u015flayacak. \u015euanda \u0130\u015eKUR ile birlikte b\u00f6lgemizde b\u00fcy\u00fck bir projeye imza ataca\u011f\u0131z. Model Fabrika ve Yenilik Merkezi&#8217;nin \u00f6n\u00fcnde i\u015f araya gen\u00e7lerimiz ile sanayicilerimizi bulu\u015fturarak bir istihdam festivali tad\u0131nda projeye imza ataca\u011f\u0131z. Bizler i\u00e7in \u00fcretim ve istihdam \u00e7ok \u00f6nemli. Tek hedefimiz \u00fcretim ve \u00fcretimden asla ka\u00e7m\u0131yoruz. Sanayicilerimiz ile son derece gurur duyuyorum ve onlara elimden geldi\u011fince destek olmaya \u00e7al\u0131\u015f\u0131yorum. \u0130SO 500&#8217;de ge\u00e7en y\u0131l 10 firmam\u0131z yer ald\u0131, bu y\u0131l ise bir firmam\u0131z daha ba\u015far\u0131 g\u00f6stermesi ile birlikte say\u0131m\u0131z 11&#8217;e \u00e7\u0131kt\u0131. Buradan bu firmalar\u0131m\u0131z\u0131 da tek tek kutluyor, ba\u015far\u0131lar\u0131n\u0131n devam\u0131n\u0131 diliyorum&#8221; dedi.<\/p>\n<p>MERYAD Ba\u015fkan\u0131 Co\u015fkun Do\u011fmu\u015f ise MTOSB&#8217;nin yo\u011fun tempo ile \u00e7al\u0131\u015ft\u0131\u011f\u0131n\u0131 ve her ge\u00e7en g\u00fcn ba\u015far\u0131lar\u0131na bir yenisini daha ekledi\u011fini belirterek, &#8220;Mersin Tarsus Organize Sanayi B\u00f6lgesi&#8217;nin geli\u015fimi biz i\u015f d\u00fcnyas\u0131 temsilcilerini son derece sevindiriyor. Burada yap\u0131lan \u00e7al\u0131\u015fmalar\u0131 bug\u00fcn g\u00f6zlerimizle g\u00f6rd\u00fck ve gurur duyduk. Bakt\u0131\u011f\u0131m zaman b\u00f6lge i\u00e7erisinde bir tane bile kapal\u0131 fabrika g\u00f6rmedim, hepsinin bacas\u0131 t\u00fct\u00fcyor ve \u00fcretimlerini son h\u0131zla ger\u00e7ekle\u015ftiriyorlar. Bunlar\u0131n yan\u0131nda inovasyona, yeni projelere ve istihdama verilen de\u011fer de t\u00fcm takdirleri hak ediyor. MTOSB&#8217;nin bu derece b\u00fcy\u00fcmesine ve geli\u015fmesine \u00f6n ayak olan ba\u015fta MTOSB Ba\u015fkan\u0131 Sabri Tekli ve ekibini kutluyor, kentimiz i\u00e7in g\u00f6stermi\u015f oldu\u011fu \u00f6zverili \u00e7al\u0131\u015fmalar i\u00e7in de te\u015fekk\u00fcr ediyorum&#8221; dedi.<\/p>\n","protected":false},"excerpt":{"rendered":"<p>Mersin Yat\u0131r\u0131mc\u0131 \u0130\u015f \u0130nsanlar\u0131 Derne\u011fi Ba\u015fkan\u0131 Co\u015fkun Do\u011fmu\u015f ve y\u00f6netim kurulu \u00fcyeleri Mersin Tarsus Organize Sanayi B\u00f6lgesi&#8217;ni ziyaret ederek b\u00f6lgenin \u00e7al\u0131\u015fmalar\u0131 hakk\u0131nda bilgi ald\u0131. Ger\u00e7ekle\u015ftirilen toplant\u0131ya MTOSB Ba\u015fkan\u0131 Sabri Tekli, &hellip; <a href=\"https:\/\/akdenizolaygazetesi.com\/?p=27891\" class=\"more-link\">Devam\u0131n\u0131 Oku&#8230;<\/a><\/p>\n","protected":false},"author":2,"featured_media":27892,"comment_status":"open","ping_status":"open","sticky":false,"template":"","format":"standard","meta":[],"categories":[8,2,3],"tags":[],"_links":{"self":[{"href":"https:\/\/akdenizolaygazetesi.com\/index.php?rest_route=\/wp\/v2\/posts\/27891"}],"collection":[{"href":"https:\/\/akdenizolaygazetesi.com\/index.php?rest_route=\/wp\/v2\/posts"}],"about":[{"href":"https:\/\/akdenizolaygazetesi.com\/index.php?rest_route=\/wp\/v2\/types\/post"}],"author":[{"embeddable":true,"href":"https:\/\/akdenizolaygazetesi.com\/index.php?rest_route=\/wp\/v2\/users\/2"}],"replies":[{"embeddable":true,"href":"https:\/\/akdenizolaygazetesi.com\/index.php?rest_route=%2Fwp%2Fv2%2Fcomments&post=27891"}],"version-history":[{"count":1,"href":"https:\/\/akdenizolaygazetesi.com\/index.php?rest_route=\/wp\/v2\/posts\/27891\/revisions"}],"predecessor-version":[{"id":27893,"href":"https:\/\/akdenizolaygazetesi.com\/index.php?rest_route=\/wp\/v2\/posts\/27891\/revisions\/27893"}],"wp:featuredmedia":[{"embeddable":true,"href":"https:\/\/akdenizolaygazetesi.com\/index.php?rest_route=\/wp\/v2\/media\/27892"}],"wp:attachment":[{"href":"https:\/\/akdenizolaygazetesi.com\/index.php?rest_route=%2Fwp%2Fv2%2Fmedia&parent=27891"}],"wp:term":[{"taxonomy":"category","embeddable":true,"href":"https:\/\/akdenizolaygazetesi.com\/index.php?rest_route=%2Fwp%2Fv2%2Fcategories&post=27891"},{"taxonomy":"post_tag","embeddable":true,"href":"https:\/\/akdenizolaygazetesi.com\/index.php?rest_route=%2Fwp%2Fv2%2Ftags&post=27891"}],"curies":[{"name":"wp","href":"https:\/\/api.w.org\/{rel}","templated":true}]}}