{"id":27897,"date":"2023-10-01T09:20:28","date_gmt":"2023-10-01T06:20:28","guid":{"rendered":"http:\/\/akdenizolaygazetesi.com\/?p=27897"},"modified":"2023-10-01T09:20:28","modified_gmt":"2023-10-01T06:20:28","slug":"buyuksehir-cocuk-gelisim-merkezleri-cocuklara-rehber-olmaya-devam-ediyor","status":"publish","type":"post","link":"https:\/\/akdenizolaygazetesi.com\/?p=27897","title":{"rendered":"B\u00dcY\u00dcK\u015eEH\u0130R \u00c7OCUK GEL\u0130\u015e\u0130M MERKEZLER\u0130, \u00c7OCUKLARA REHBER OLMAYA DEVAM ED\u0130YOR"},"content":{"rendered":"<p>Mersin B\u00fcy\u00fck\u015fehir Belediyesi Kad\u0131n ve Aile Hizmetleri Dairesi Ba\u015fkanl\u0131\u011f\u0131 b\u00fcnyesinde hizmet veren \u00c7ocuk Geli\u015fim Merkezleri&#8217;nde e\u011fitim g\u00f6ren 36-72 ay aras\u0131 \u00e7ocuklar, uzman kadro e\u015fli\u011finde bili\u015fsel, sosyal, \u00f6z bak\u0131m ve duyu\u015fsal alanlarda desteklenip, erken ya\u015fta kaliteli bir e\u011fitim program\u0131yla tan\u0131\u015fma f\u0131rsat\u0131 buluyor. Okul \u00f6ncesi e\u011fitim kapsam\u0131nda nitelikli e\u011fitim imk\u00e2n\u0131 sunan \u00c7ocuk Geli\u015fim Merkezleri&#8217;nde, her bir \u00e7ocu\u011fun geli\u015fimine ayr\u0131 ayr\u0131 \u00f6zen g\u00f6steriliyor.<\/p>\n<p>Bu kapsamda \u00e7ocuklara erken ya\u015fta hem kaliteli bir e\u011fitim f\u0131rsat\u0131 sunan, hem de ebeveynlerine dan\u0131\u015fmanl\u0131k hizmeti veren \u00c7ocuk Geli\u015fim Merkezleri, k\u00fc\u00e7\u00fckten b\u00fcy\u00fc\u011fe herkese rehber olmaya devam ediyor. \u00c7ocuk Geli\u015fim Merkezleri&#8217;nde e\u011fitim g\u00f6ren \u00e7ocuklar telefon, tablet ve televizyon gibi g\u00fcn\u00fcm\u00fcz dijital d\u00fcnyas\u0131n\u0131n getirmi\u015f oldu\u011fu ekran ba\u011f\u0131ml\u0131l\u0131klar\u0131n\u0131 da en aza indirip, geli\u015fim yolculuklar\u0131n\u0131 \u00f6\u011fretmenlerinin \u0131\u015f\u0131\u011f\u0131nda y\u00fcr\u00fctme imk\u00e2n\u0131 buluyor. Miniklerin erken ya\u015fta geli\u015fimine katk\u0131 sa\u011flayan B\u00fcy\u00fck\u015fehir&#8217;in \u00c7ocuk Geli\u015fim Merkezleri&#8217;nden, aileler de b\u00fcy\u00fck memnuniyet duyuyor.<\/p>\n<p>Tan\u0131\u015f\u0131k: &#8220;\u00c7ocuklara, b\u00fcy\u00fcme ve geli\u015fme yolculu\u011funda rehberlik ediyoruz&#8221;<\/p>\n<p>\u00c7ocuk Geli\u015fim Merkezleri&#8217;nde, \u00e7ocuklar\u0131n geli\u015fimini destekleyecek etkinliklerin yap\u0131ld\u0131\u011f\u0131n\u0131 ve bu s\u00fcre\u00e7te ebeveynleri de desteklediklerini belirten Kad\u0131n ve Aile Hizmetleri Dairesi Ba\u015fkanl\u0131\u011f\u0131 b\u00fcnyesinde bulunan \u00c7ocuk Geli\u015fim Merkezleri&#8217;nin E\u011fitim Koordinat\u00f6r\u00fc \u00d6zlem Tan\u0131\u015f\u0131k, &#8220;\u00c7ocuklara, b\u00fcy\u00fcme ve geli\u015fme yolculu\u011funda rehberlik etmeye \u00e7al\u0131\u015f\u0131yoruz. Ayn\u0131 zamanda dan\u0131\u015fmanl\u0131k hizmetleri de veriyoruz. Bu dan\u0131\u015fmanl\u0131k hizmetlerimizi, hem \u00e7ocuklar\u0131m\u0131zda g\u00f6r\u00fclen herhangi bir geli\u015fimsel problem durumunda, hem de ebeveynlerimizin bizden talep etti\u011fi durumlarda ger\u00e7ekle\u015ftiriyoruz&#8221; dedi.  <\/p>\n<p>&#8220;\u00c7ocuklar\u0131 a\u015famal\u0131 olarak ekran ba\u011f\u0131ml\u0131l\u0131\u011f\u0131ndan uzakla\u015ft\u0131rmal\u0131y\u0131z&#8221;<\/p>\n<p>G\u00fcn\u00fcm\u00fczde teknolojinin geli\u015fmesine ba\u011fl\u0131 olarak telefon ve tablet kullan\u0131m\u0131n\u0131n erken ya\u015flara inmesi sebebiyle ekran ba\u011f\u0131ml\u0131l\u0131\u011f\u0131n\u0131n da erken ya\u015flarda olu\u015fmaya ba\u015flad\u0131\u011f\u0131n\u0131 dile getiren Tan\u0131\u015f\u0131k, &#8220;Bu s\u00fcre\u00e7te \u00e7ocuklar\u0131n okula ba\u015flamalar\u0131 ve sosyalle\u015fmeleri, geli\u015fimlerini daha da olumlu etkiliyor. Bununla ilgili olarak, ebeveynlerimizle de g\u00f6r\u00fc\u015fmeler sa\u011fl\u0131yoruz. Bu g\u00f6r\u00fc\u015fmelerde, a\u015famal\u0131 bir \u015fekilde ekran s\u00fcresini azaltmalar\u0131n\u0131 rica ediyoruz. Bu kapsamda, \u00e7ocuklar\u0131n\u0131 destekleyebilecekleri etkinlik \u00f6nerilerimiz oluyor. Biz de e\u011fitim programlar\u0131m\u0131z kapsam\u0131nda, okul i\u00e7erisinde \u00e7ocuklar\u0131m\u0131z\u0131n dikkat s\u00fcrelerini destekleyici ve dikkat becerilerini geli\u015ftirici aktivitelerle, ekrana maruz kalma s\u00fcrelerini azaltmalar\u0131na y\u00f6nelik destek veriyoruz&#8221; \u015feklinde konu\u015ftu.<\/p>\n<p> &#8220;\u00c7ocuk Geli\u015fim Merkezi&#8217;nin, \u00e7ocu\u011fuma her a\u00e7\u0131dan katk\u0131s\u0131 oldu&#8221;<\/p>\n<p>M\u00fcnir \u00d6zkul \u00c7ocuk Geli\u015fim Merkezi&#8217;ne gelmeden \u00f6nce, \u00e7ocu\u011funun s\u00fcrekli tablet ve telefonla i\u00e7 i\u00e7e oldu\u011funu dile getiren anne Meryem Yavuz, &#8220;K\u0131z\u0131m evde s\u00fcrekli televizyon, tablet, telefonla i\u00e7 i\u00e7eydi ve bunlardan pek uzakla\u015ft\u0131ram\u0131yorduk. Daha sonra \u00e7ok ara\u015ft\u0131rd\u0131m ve k\u0131z\u0131m\u0131 buraya yazd\u0131rd\u0131m. Art\u0131k daha az telefon ve tablet ile ilgilenip, burada s\u00fcrekli etkinlik yapmaktan eve yorgun bir \u015fekilde geliyor. Ak\u015fam da yeme\u011fini yiyip erkenden yat\u0131yor&#8221; diye konu\u015ftu.<\/p>\n<p>\u00c7ocuk Geli\u015fim Merkezi&#8217;ne geldikten sonra k\u0131z\u0131nda \u00e7ok olumlu de\u011fi\u015fiklikler oldu\u011funu ifade eden Yavuz, &#8220;Buradaki etkinliklerden sonra, k\u0131z\u0131m\u0131n konu\u015fmas\u0131nda \u00e7ok b\u00fcy\u00fck farkl\u0131l\u0131k oldu. \u00d6nceden daha az konu\u015fuyordu. \u015eimdilerde ise daha \u00e7ok soru soruyor ve kendini daha g\u00fczel ifade etmeye ba\u015flad\u0131. Uyku problemi vard\u0131, onu yendik. Odas\u0131nda yatma problemi vard\u0131, bunu a\u015ft\u0131k. Bizim hayat\u0131m\u0131zda olumlu y\u00f6nde \u00e7ok etkisi oldu&#8221; \u015feklinde konu\u015ftu.<\/p>\n<p>Okuldan \u00e7\u0131kt\u0131ktan sonra k\u0131z\u0131n\u0131n eve de\u015farj olmu\u015f \u015fekilde geldi\u011fini, bu y\u00fczden de tablet veya telefona ihtiya\u00e7 duymad\u0131\u011f\u0131n\u0131 anlatan Yavuz, &#8220;Ekrana baksa bile art\u0131k hemen uykusu geliyor. Bu a\u00e7\u0131dan \u00e7ok fark etti. Kimsenin akl\u0131na, &#8216;Burada verilen e\u011fitim \u00fccretsiz diye e\u011fitim kalitesi d\u00fc\u015f\u00fck olur&#8217;  gibi bir d\u00fc\u015f\u00fcnce gelmesin. E\u011fitimi de, yemekleri de, temizli\u011fi de her a\u00e7\u0131dan 10 numara&#8221; ifadelerini kulland\u0131.<\/p>\n<p>&#8220;Burayla ilgili olarak \u00e7evremden \u00e7ok tavsiye ald\u0131m ve memnunum&#8221;<\/p>\n<p>\u00c7ocu\u011funun bir seneden beri M\u00fcnir \u00d6zkul \u00c7ocuk Geli\u015fim Merkezi&#8217;nden faydaland\u0131\u011f\u0131n\u0131 aktaran anne \u00d6zlem G\u00fcnd\u00fcz, &#8220;Buradan \u00e7ok memnunun. O\u011flum bir y\u0131ld\u0131r ekrana maruz kalm\u0131yor. \u0130\u00e7im \u00e7ok rahat. \u00c7ocu\u011fumun el becerileri ve konu\u015fmas\u0131nda geli\u015fimi \u00e7ok artt\u0131. Biz evde aktiviteler yap\u0131yorduk, ama burada hocalar\u0131m\u0131z\u0131n e\u015fli\u011finde jimnastik, ko\u015fu ve oyun etkinlikleriyle her becerisi daha da artt\u0131&#8221; dedi.<\/p>\n<p>\u00c7ocu\u011funun ekran s\u00fcresini k\u0131smak i\u00e7in ald\u0131\u011f\u0131 \u00f6nlemlerle de ilgili bilgi aktaran G\u00fcnd\u00fcz, &#8220;O\u011flum zaten g\u00fcn boyu okulda. Sonras\u0131nda biz muhabbetimizi daha \u00e7ok art\u0131rd\u0131k. Okulda \u00f6\u011fretmeni ne yapt\u0131ysa, evde onu tekrarlamaya \u00e7al\u0131\u015ft\u0131k. &#8216;Anne birazc\u0131k televizyon izleyebilir miyim&#8217; dedi\u011finde, \u00f6\u011fretmenine sorarak m\u00fcsaade ettim. B\u00f6ylelikle konforumuz daha da artt\u0131. Uyku ve yemek d\u00fczenimiz daha da g\u00fczelle\u015fti. \u015eu anki durumdan \u00e7ok memnunum&#8221; diye belirtti.<\/p>\n<p>B\u00fcy\u00fck\u015fehir&#8217;in \u00c7ocuk Geli\u015fim Merkezi&#8217;ne kay\u0131t yapt\u0131rmadan \u00f6nce bir\u00e7ok \u00f6zel kurum gezdi\u011fini ve ara\u015ft\u0131rma yapt\u0131\u011f\u0131n\u0131 s\u00f6zlerine ekleyen G\u00fcnd\u00fcz, &#8220;Bu s\u00fcre\u00e7te hem devlet, hem de \u00f6zel kurumlar\u0131 gezdim. Burayla ilgili \u00e7evremden \u00e7ok tavsiye ald\u0131m ve buraya gelmeye karar verdim. \u00d6\u011fretmenlerimiz de \u00e7ok iyi&#8221; ifadelerini kulland\u0131.<\/p>\n","protected":false},"excerpt":{"rendered":"<p>Mersin B\u00fcy\u00fck\u015fehir Belediyesi Kad\u0131n ve Aile Hizmetleri Dairesi Ba\u015fkanl\u0131\u011f\u0131 b\u00fcnyesinde hizmet veren \u00c7ocuk Geli\u015fim Merkezleri&#8217;nde e\u011fitim g\u00f6ren 36-72 ay aras\u0131 \u00e7ocuklar, uzman kadro e\u015fli\u011finde bili\u015fsel, sosyal, \u00f6z bak\u0131m ve duyu\u015fsal &hellip; <a href=\"https:\/\/akdenizolaygazetesi.com\/?p=27897\" class=\"more-link\">Devam\u0131n\u0131 Oku&#8230;<\/a><\/p>\n","protected":false},"author":2,"featured_media":27898,"comment_status":"open","ping_status":"open","sticky":false,"template":"","format":"standard","meta":[],"categories":[2,3],"tags":[],"_links":{"self":[{"href":"https:\/\/akdenizolaygazetesi.com\/index.php?rest_route=\/wp\/v2\/posts\/27897"}],"collection":[{"href":"https:\/\/akdenizolaygazetesi.com\/index.php?rest_route=\/wp\/v2\/posts"}],"about":[{"href":"https:\/\/akdenizolaygazetesi.com\/index.php?rest_route=\/wp\/v2\/types\/post"}],"author":[{"embeddable":true,"href":"https:\/\/akdenizolaygazetesi.com\/index.php?rest_route=\/wp\/v2\/users\/2"}],"replies":[{"embeddable":true,"href":"https:\/\/akdenizolaygazetesi.com\/index.php?rest_route=%2Fwp%2Fv2%2Fcomments&post=27897"}],"version-history":[{"count":1,"href":"https:\/\/akdenizolaygazetesi.com\/index.php?rest_route=\/wp\/v2\/posts\/27897\/revisions"}],"predecessor-version":[{"id":27899,"href":"https:\/\/akdenizolaygazetesi.com\/index.php?rest_route=\/wp\/v2\/posts\/27897\/revisions\/27899"}],"wp:featuredmedia":[{"embeddable":true,"href":"https:\/\/akdenizolaygazetesi.com\/index.php?rest_route=\/wp\/v2\/media\/27898"}],"wp:attachment":[{"href":"https:\/\/akdenizolaygazetesi.com\/index.php?rest_route=%2Fwp%2Fv2%2Fmedia&parent=27897"}],"wp:term":[{"taxonomy":"category","embeddable":true,"href":"https:\/\/akdenizolaygazetesi.com\/index.php?rest_route=%2Fwp%2Fv2%2Fcategories&post=27897"},{"taxonomy":"post_tag","embeddable":true,"href":"https:\/\/akdenizolaygazetesi.com\/index.php?rest_route=%2Fwp%2Fv2%2Ftags&post=27897"}],"curies":[{"name":"wp","href":"https:\/\/api.w.org\/{rel}","templated":true}]}}