{"id":27906,"date":"2023-10-02T13:30:25","date_gmt":"2023-10-02T10:30:25","guid":{"rendered":"http:\/\/akdenizolaygazetesi.com\/?p=27906"},"modified":"2023-10-02T13:30:25","modified_gmt":"2023-10-02T10:30:25","slug":"akdeniz-belediye-baskani-gultak-teror-saldirisini-kinadi","status":"publish","type":"post","link":"https:\/\/akdenizolaygazetesi.com\/?p=27906","title":{"rendered":"AKDEN\u0130Z BELED\u0130YE BA\u015eKANI G\u00dcLTAK, TER\u00d6R SALDIRISINI KINADI"},"content":{"rendered":"<p>Akdeniz Belediye Ba\u015fkan\u0131 Mustafa G\u00fcltak, Ankara\u2019da, \u0130\u00e7i\u015fleri Bakanl\u0131\u011f\u0131 Emniyet Genel M\u00fcd\u00fcrl\u00fc\u011f\u00fc\u2019ne y\u00f6nelik ter\u00f6r sald\u0131r\u0131s\u0131n\u0131 k\u0131nad\u0131; \u201cDevlet ve millet olarak uzun y\u0131llard\u0131r verdi\u011fimiz m\u00fccadele sayesinde tesis edilen huzur ve g\u00fcven ortam\u0131n\u0131n bozulmas\u0131na y\u00f6nelik hi\u00e7bir giri\u015fim ba\u015far\u0131l\u0131 olamayacakt\u0131r\u201d dedi.<br \/>\nAkdeniz Belediye Meclisi Ekim ay\u0131 ilk birle\u015fiminde konu\u015fan Ba\u015fkan G\u00fcltak; hafta sonunda ger\u00e7ekle\u015fen ter\u00f6r sald\u0131r\u0131s\u0131na kahramanca kar\u015f\u0131l\u0131k verirken yaralanan g\u00fcvenlik g\u00fc\u00e7lerine \u015fifalar diledi. \u201cBu ve benzeri hain eylem ve sald\u0131r\u0131lar ter\u00f6r \u00f6rg\u00fct\u00fcn\u00fcn son \u00e7\u0131rp\u0131n\u0131\u015flar\u0131d\u0131r\u201d diyen Ba\u015fkan G\u00fcltak, \u201cHi\u00e7bir ter\u00f6r \u00f6rg\u00fct\u00fc, \u00fclkemizin kutlu y\u00fcr\u00fcy\u00fc\u015f\u00fcn\u00fc engelleyemeyecektir. Milletimizin gelece\u011fine, huzuruna ve g\u00fcvenli\u011fine kast eden al\u00e7aklar emellerine ula\u015famam\u0131\u015ft\u0131r, bundan sonra da ula\u015famayacaklard\u0131r. \u00c7\u00fcnk\u00fc Milletimiz ter\u00f6re asla teslim olmam\u0131\u015ft\u0131r, bundan sonra da olmayacakt\u0131r\u201d \u015feklinde konu\u015ftu.<br \/>\n\u201cT\u00fcrkiye; hi\u00e7bir ter\u00f6r \u00f6rg\u00fct\u00fcne asla teslim olmad\u0131, asla da olmayacak!\u201d<br \/>\nS\u00f6zlerini; \u201cSald\u0131r\u0131y\u0131 ger\u00e7ekle\u015ftiren ter\u00f6r \u00f6rg\u00fct\u00fcn\u00fc, arkas\u0131ndaki karanl\u0131k g\u00fc\u00e7leri bir kez daha \u015fiddetle k\u0131n\u0131yor ve lanetliyorum\u201d \u015feklinde s\u00fcrd\u00fcren Ba\u015fkan G\u00fcltak; \u201cDevlet ve millet olarak uzun y\u0131llard\u0131r verdi\u011fimiz m\u00fccadeleler neticesinde tesis edilen huzur, bar\u0131\u015f ve g\u00fcven ortam\u0131n\u0131n bozulmas\u0131na y\u00f6nelik hi\u00e7bir giri\u015fim ba\u015far\u0131l\u0131 olamayacakt\u0131r. T\u00fcrkiye; ad\u0131 ne olursa olsun ter\u00f6re ve ter\u00f6riste hi\u00e7bir zaman teslim olmad\u0131, bundan sonra da olmayacakt\u0131r. Milletimiz ve devletimiz, hain ve karanl\u0131k odaklara f\u0131rsat vermeyecek, birlik, beraberlik ve karde\u015flik i\u00e7inde m\u00fccadelesini s\u00fcrd\u00fcrecektir\u201d ifadelerini kulland\u0131.<\/p>\n","protected":false},"excerpt":{"rendered":"<p>Akdeniz Belediye Ba\u015fkan\u0131 Mustafa G\u00fcltak, Ankara\u2019da, \u0130\u00e7i\u015fleri Bakanl\u0131\u011f\u0131 Emniyet Genel M\u00fcd\u00fcrl\u00fc\u011f\u00fc\u2019ne y\u00f6nelik ter\u00f6r sald\u0131r\u0131s\u0131n\u0131 k\u0131nad\u0131; \u201cDevlet ve millet olarak uzun y\u0131llard\u0131r verdi\u011fimiz m\u00fccadele sayesinde tesis edilen huzur ve g\u00fcven ortam\u0131n\u0131n &hellip; <a href=\"https:\/\/akdenizolaygazetesi.com\/?p=27906\" class=\"more-link\">Devam\u0131n\u0131 Oku&#8230;<\/a><\/p>\n","protected":false},"author":2,"featured_media":27907,"comment_status":"open","ping_status":"open","sticky":false,"template":"","format":"standard","meta":[],"categories":[3],"tags":[],"_links":{"self":[{"href":"https:\/\/akdenizolaygazetesi.com\/index.php?rest_route=\/wp\/v2\/posts\/27906"}],"collection":[{"href":"https:\/\/akdenizolaygazetesi.com\/index.php?rest_route=\/wp\/v2\/posts"}],"about":[{"href":"https:\/\/akdenizolaygazetesi.com\/index.php?rest_route=\/wp\/v2\/types\/post"}],"author":[{"embeddable":true,"href":"https:\/\/akdenizolaygazetesi.com\/index.php?rest_route=\/wp\/v2\/users\/2"}],"replies":[{"embeddable":true,"href":"https:\/\/akdenizolaygazetesi.com\/index.php?rest_route=%2Fwp%2Fv2%2Fcomments&post=27906"}],"version-history":[{"count":1,"href":"https:\/\/akdenizolaygazetesi.com\/index.php?rest_route=\/wp\/v2\/posts\/27906\/revisions"}],"predecessor-version":[{"id":27908,"href":"https:\/\/akdenizolaygazetesi.com\/index.php?rest_route=\/wp\/v2\/posts\/27906\/revisions\/27908"}],"wp:featuredmedia":[{"embeddable":true,"href":"https:\/\/akdenizolaygazetesi.com\/index.php?rest_route=\/wp\/v2\/media\/27907"}],"wp:attachment":[{"href":"https:\/\/akdenizolaygazetesi.com\/index.php?rest_route=%2Fwp%2Fv2%2Fmedia&parent=27906"}],"wp:term":[{"taxonomy":"category","embeddable":true,"href":"https:\/\/akdenizolaygazetesi.com\/index.php?rest_route=%2Fwp%2Fv2%2Fcategories&post=27906"},{"taxonomy":"post_tag","embeddable":true,"href":"https:\/\/akdenizolaygazetesi.com\/index.php?rest_route=%2Fwp%2Fv2%2Ftags&post=27906"}],"curies":[{"name":"wp","href":"https:\/\/api.w.org\/{rel}","templated":true}]}}