{"id":28045,"date":"2023-10-11T12:47:50","date_gmt":"2023-10-11T09:47:50","guid":{"rendered":"http:\/\/akdenizolaygazetesi.com\/?p=28045"},"modified":"2023-10-11T12:47:50","modified_gmt":"2023-10-11T09:47:50","slug":"kendi-gunlerinde-hem-yaristilar-hem-fidan-diktiler","status":"publish","type":"post","link":"https:\/\/akdenizolaygazetesi.com\/?p=28045","title":{"rendered":"KEND\u0130 G\u00dcNLER\u0130NDE HEM YARI\u015eTILAR HEM F\u0130DAN D\u0130KT\u0130LER"},"content":{"rendered":"<p>Mersin B\u00fcy\u00fck\u015fehir Belediyesi Sa\u011fl\u0131k \u0130\u015fleri Dairesi, &#8216;D\u00fcnya Serebral Palsi Fark\u0131ndal\u0131k G\u00fcn\u00fc&#8217; dolay\u0131s\u0131yla, Engelsiz Ya\u015fam Park\u0131&#8217;nda etkinlik d\u00fczenledi. &#8216;Serebral Palsi&#8217; tan\u0131l\u0131 \u00f6zel bireylere ve ailelerine y\u00f6nelik d\u00fczenlenen etkinlikte, Floor Curling turnuvas\u0131 ve fidan dikimi yap\u0131ld\u0131.<\/p>\n<p>Sosyal hayata kat\u0131l\u0131mda zorluk \u00e7eken \u00f6zel bireylerin daha rahat sosyalle\u015febilmesi, daha \u00e7ok insanla kayna\u015fabilmesi ve Serebral Palsi fark\u0131ndal\u0131\u011f\u0131n\u0131n yay\u0131lmas\u0131 i\u00e7in her y\u0131l etkinlikler d\u00fczenleyen B\u00fcy\u00fck\u015fehir Belediyesi, bu y\u0131l da anlaml\u0131 bir etkinli\u011fe imza atm\u0131\u015f oldu.<\/p>\n<p>Serebral Palsi&#8217;yi simgeleyen ye\u015fil balonlarla s\u00fcslenen Engelsiz Ya\u015fam Park\u0131&#8217;n\u0131n dans alan\u0131nda, Floor Curling turnuvas\u0131 d\u00fczenlendi. Turnuvada \u00f6zel bireyler hem \u00f6\u011frendi, hem de e\u011flendi. K\u0131yas\u0131ya bir m\u00fccadelenin ya\u015fand\u0131\u011f\u0131 turnuvada, \u00f6zel bireyler heyecanla yar\u0131\u015ft\u0131. Kazanan ilk 3 ki\u015fiye de plaket verildi.<\/p>\n<p>Turnuvan\u0131n ard\u0131ndan Ya\u015fam Park\u0131&#8217;n\u0131n bah\u00e7esinde \u00f6zel bireyler, kendi g\u00fcnlerinin an\u0131s\u0131na fidan dikti. Dikimin ard\u0131ndan ise, ye\u015fil balonlarla s\u00fcslenen alanda pasta kesildi.<\/p>\n<p>\u00d6zdal: &#8220;\u0130nce motor, psiko motor ve \u00f6z bak\u0131m becerileri ile ilgili \u00e7al\u0131\u015fmalar yap\u0131yoruz&#8221;<\/p>\n<p>Serebral Palsi&#8217;li \u00e7ocuklar\u0131n, psiko motor ve ince motor becerilerinin geli\u015fmesi i\u00e7in destek olduklar\u0131n\u0131 kaydeden Engelsiz Ya\u015fam Merkezi&#8217;nde \u00d6zel E\u011fitim \u00d6\u011fretmeni olarak g\u00f6rev yapan Fatma Esra \u00d6zdal, &#8220;Serebral Palsi, beyin felci olarak bilinir. \u00c7ocuklar\u0131n kas ve iskelet sisteminde baz\u0131 s\u0131k\u0131nt\u0131lar \u00e7\u0131kmas\u0131na neden olur. Motor becerilerde, psiko motor becerilerde, ince motor becerilerde baz\u0131 gerilik s\u00f6z konusudur. Biz bu durumlar\u0131 a\u015fabilmek ad\u0131na; ince motor becerileri, psiko motor becerileri ve \u00f6z bak\u0131m becerileri ile ilgili \u00e7al\u0131\u015fmalar yap\u0131yoruz. Mola Evi&#8217;ne ald\u0131\u011f\u0131m\u0131z zamanlarda da \u00e7ocuklar\u0131m\u0131zla ilgileniyoruz. En b\u00fcy\u00fck s\u0131k\u0131nt\u0131lar\u0131 yemek yeme konusunda oluyor. O konuda da yard\u0131mc\u0131 olmaya \u00e7al\u0131\u015f\u0131yoruz&#8221; dedi.<\/p>\n<p>Her y\u0131l farkl\u0131 etkinlikler yapt\u0131klar\u0131n\u0131 kaydeden \u00d6zdal, &#8220;\u00c7ocuklar\u0131m\u0131z\u0131n mutlu olmas\u0131 ve bir \u015feyleri ba\u015farabildiklerini fark etmeleri i\u00e7in, her sene oldu\u011fu gibi bu y\u0131l da bir etkinlik d\u00fczenledik. Ebeveynler de di\u011fer velilerle ayn\u0131 sorunlar\u0131 ya\u015fad\u0131klar\u0131 i\u00e7in, birbirleriyle fikir al\u0131\u015fveri\u015fi yap\u0131yorlar&#8221; diye konu\u015ftu.<\/p>\n<p>Y\u0131lmaz: &#8220;Serebral Palsi&#8217;li \u00e7ocuklar\u0131m\u0131z bu spor bran\u015f\u0131n\u0131 ilk defa oynad\u0131&#8221;<\/p>\n<p>Engelsiz Ya\u015fam Merkezi&#8217;nde g\u00f6rev yapan Beden E\u011fitimi \u00d6\u011fretmeni Fatma Nur Y\u0131lmaz, &#8220;D\u00fcnya Serebral Palsi Fark\u0131ndal\u0131k G\u00fcn\u00fc dolay\u0131s\u0131yla, Floor Curling turnuvas\u0131 d\u00fczenledik. Hem tan\u0131\u015fma, hem de Floor Curling&#8217;i tan\u0131ma etkinli\u011fi ger\u00e7ekle\u015fmi\u015f oldu. Serebral Palsi&#8217;li \u00e7ocuklar\u0131m\u0131z bu spor bran\u015f\u0131n\u0131 ilk defa oynad\u0131. \u0130\u00e7erisinde ba\u015far\u0131l\u0131 olan \u00f6\u011frencilerimiz de vard\u0131 ve gayet mutlu oldular&#8221; dedi.<\/p>\n<p>Kendir: &#8220;K\u0131z\u0131m bu etkinliklere seve seve geliyor&#8221;<\/p>\n<p>Elif Naz Kendir&#8217;in annesi Fadile Kendir, insanlar\u0131n Serebral Palsi&#8217;li \u00e7ocuklar\u0131n pek fark\u0131nda olmad\u0131\u011f\u0131n\u0131 belirterek, yap\u0131lan etkinli\u011fin fark\u0131ndal\u0131k olu\u015fturmak i\u00e7in \u00f6nemli oldu\u011funu kaydetti. Kendir, &#8220;Etkinlikten \u00e7ok memnunuz. B\u00fcy\u00fck\u015fehir Belediyesi bu konuda engellilere ayr\u0131cal\u0131k yapt\u0131. Onlara b\u00f6yle g\u00fczel \u015feyler tasarlad\u0131klar\u0131 i\u00e7in te\u015fekk\u00fcr ediyorum. K\u0131z\u0131m b\u00f6yle etkinliklerden, gezmelerden \u00e7ok ho\u015flan\u0131yor ve seve seve geliyor. Etkinlik olduk\u00e7a da geliyoruz&#8221; dedi.<\/p>\n<p>Ers\u00f6z: &#8220;O\u011flum, arkada\u015flar\u0131yla burada olman\u0131n keyfini ve hazz\u0131n\u0131 ya\u015f\u0131yor&#8221;<\/p>\n<p>22 ya\u015f\u0131ndaki H\u00fcseyin Ers\u00f6z&#8217;\u00fcn annesi Raziye Ers\u00f6z, Engelsiz Ya\u015fam Park\u0131 ve etkinliklerin kendileri i\u00e7in bulunmaz bir nimet oldu\u011funu belirterek, &#8220;Burada bir arada olmak, de\u011ferli hissettirilmek g\u00fczel bir \u015fey. Engelsiz Ya\u015fam Park\u0131 muhte\u015fem, ola\u011fan\u00fcst\u00fc bir ortam. Fakat benim \u00e7ocu\u011fumun bedensel rahats\u0131zl\u0131\u011f\u0131 oldu\u011fu i\u00e7in ve benim de arac\u0131m olmad\u0131\u011f\u0131 i\u00e7in, onu buraya getirip g\u00f6t\u00fcrmekte biraz zorluk \u00e7ekiyorum. Belediyemizin arabas\u0131yla O&#8217;nu buraya getirmeye \u00e7al\u0131\u015f\u0131yorum&#8221; diye konu\u015ftu.<\/p>\n<p>Ers\u00f6z, o\u011flunun y\u00fcr\u00fcme g\u00fc\u00e7l\u00fc\u011f\u00fc ya\u015famas\u0131ndan dolay\u0131 baz\u0131 etkinliklere kat\u0131lmakta zorluk \u00e7ekseler de, m\u00fcmk\u00fcn oldu\u011funca gelmeye \u00e7al\u0131\u015ft\u0131klar\u0131n\u0131 ifade ederek, &#8220;Liseyi bitirdikten sonra onun \u00e7al\u0131\u015fabilece\u011fi sosyal ortamlar, etkinlikler yapabilece\u011fi durumlar s\u00f6z konusu olmad\u0131\u011f\u0131 i\u00e7in, b\u00f6yle bir yerde bulunmas\u0131 onun i\u00e7in b\u00fcy\u00fck bir kazan\u00e7. Gen\u00e7 ve okulu bitirmi\u015f bir \u00e7ocuk. \u00c7al\u0131\u015famad\u0131\u011f\u0131, sosyal ortamlara tek ba\u015f\u0131na gidemedi\u011fi ve kendi hayat\u0131na bir \u015feyler katamad\u0131\u011f\u0131 i\u00e7in, buradaki arkada\u015flar\u0131yla bir arada olman\u0131n keyfini ve hazz\u0131n\u0131 ya\u015f\u0131yor. Bu O&#8217;na mutluluk veriyor. O mutlu olunca, ben de mutlu oluyorum&#8221; ifadelerini kulland\u0131.<\/p>\n<p>Tulumbac\u0131: &#8220;Burada \u00e7ocuklar\u0131m\u0131zla birlikte biz de hayat bulduk&#8221;<\/p>\n<p>K\u0131z\u0131 Ya\u011fmur ile etkinli\u011fe kat\u0131lan Berrin Tulumbac\u0131 ise, &#8220;Buras\u0131 o kadar g\u00fczel bir yer ki, bizim i\u00e7in bir evin \u00f6tesinde oldu. \u00c7ocuklar\u0131m\u0131z mutlu. Bir de mutlulu\u011fun yan\u0131nda, yap\u0131lan aktiviteler var. Hadi \u00e7ocuklar\u0131 mutlu ettiniz tamam, bir de bizleri mutlu ediyorlar. Yani bundan daha \u00f6tesinin olabilece\u011fini d\u00fc\u015f\u00fcnemiyorum&#8221; diye konu\u015ftu. Engelsiz Ya\u015fam Park\u0131&#8217;nda veliler i\u00e7in de \u00e7e\u015fitli etkinlikler ger\u00e7ekle\u015fti\u011fini belirten Tulumbac\u0131, &#8220;Biz burada \u00e7ocuklar\u0131m\u0131zla birlikte hayat bulduk. Benim Ya\u011fmur&#8217;u b\u0131rak\u0131p bir yere gitme olas\u0131l\u0131\u011f\u0131m yok. Bize bu birlikteli\u011fi sa\u011flamalar\u0131 \u00e7ok g\u00fczel&#8221; ifadelerini kulland\u0131.<\/p>\n<p>Engelsiz Ya\u015fam Park\u0131&#8217;ndan \u00f6nce k\u0131z\u0131 Ya\u011fmur&#8217;u ba\u015fka kurslara g\u00f6t\u00fcrd\u00fc\u011f\u00fcn\u00fc, ancak \u00e7ok zorland\u0131\u011f\u0131n\u0131 ifade eden Tulumbac\u0131, &#8220;Ba\u015fka yerlerde ya Ya\u011fmur onlar\u0131 kabullenmiyor, ya da onlar Ya\u011fmur&#8217;u kabullenmiyordu. Ama burada k\u0131z\u0131m Ya\u011fmur arkada\u015flar\u0131yla ve annesiyle beraber \u00e7ok mutlu&#8221; dedi.<\/p>\n<p>Serebral Palsi nedir?<\/p>\n<p>Belirtileri, genellikle bebeklik veya \u00e7ocukluk \u00e7a\u011f\u0131nda ortaya \u00e7\u0131kan; beynin zedelenmesi ya da beynin geli\u015fiminde meydana gelen bir anormallik sonucunda duru\u015f, hareket, denge bozuklu\u011fu ve kas yetersizli\u011fi anlam\u0131na gelen &#8216;Serebral Palsi&#8217; hayat boyu devam ediyor.<\/p>\n","protected":false},"excerpt":{"rendered":"<p>Mersin B\u00fcy\u00fck\u015fehir Belediyesi Sa\u011fl\u0131k \u0130\u015fleri Dairesi, &#8216;D\u00fcnya Serebral Palsi Fark\u0131ndal\u0131k G\u00fcn\u00fc&#8217; dolay\u0131s\u0131yla, Engelsiz Ya\u015fam Park\u0131&#8217;nda etkinlik d\u00fczenledi. &#8216;Serebral Palsi&#8217; tan\u0131l\u0131 \u00f6zel bireylere ve ailelerine y\u00f6nelik d\u00fczenlenen etkinlikte, Floor Curling turnuvas\u0131 &hellip; <a href=\"https:\/\/akdenizolaygazetesi.com\/?p=28045\" class=\"more-link\">Devam\u0131n\u0131 Oku&#8230;<\/a><\/p>\n","protected":false},"author":2,"featured_media":28046,"comment_status":"open","ping_status":"open","sticky":false,"template":"","format":"standard","meta":[],"categories":[3,9,10],"tags":[],"_links":{"self":[{"href":"https:\/\/akdenizolaygazetesi.com\/index.php?rest_route=\/wp\/v2\/posts\/28045"}],"collection":[{"href":"https:\/\/akdenizolaygazetesi.com\/index.php?rest_route=\/wp\/v2\/posts"}],"about":[{"href":"https:\/\/akdenizolaygazetesi.com\/index.php?rest_route=\/wp\/v2\/types\/post"}],"author":[{"embeddable":true,"href":"https:\/\/akdenizolaygazetesi.com\/index.php?rest_route=\/wp\/v2\/users\/2"}],"replies":[{"embeddable":true,"href":"https:\/\/akdenizolaygazetesi.com\/index.php?rest_route=%2Fwp%2Fv2%2Fcomments&post=28045"}],"version-history":[{"count":1,"href":"https:\/\/akdenizolaygazetesi.com\/index.php?rest_route=\/wp\/v2\/posts\/28045\/revisions"}],"predecessor-version":[{"id":28047,"href":"https:\/\/akdenizolaygazetesi.com\/index.php?rest_route=\/wp\/v2\/posts\/28045\/revisions\/28047"}],"wp:featuredmedia":[{"embeddable":true,"href":"https:\/\/akdenizolaygazetesi.com\/index.php?rest_route=\/wp\/v2\/media\/28046"}],"wp:attachment":[{"href":"https:\/\/akdenizolaygazetesi.com\/index.php?rest_route=%2Fwp%2Fv2%2Fmedia&parent=28045"}],"wp:term":[{"taxonomy":"category","embeddable":true,"href":"https:\/\/akdenizolaygazetesi.com\/index.php?rest_route=%2Fwp%2Fv2%2Fcategories&post=28045"},{"taxonomy":"post_tag","embeddable":true,"href":"https:\/\/akdenizolaygazetesi.com\/index.php?rest_route=%2Fwp%2Fv2%2Ftags&post=28045"}],"curies":[{"name":"wp","href":"https:\/\/api.w.org\/{rel}","templated":true}]}}