{"id":2805,"date":"2020-11-04T18:23:19","date_gmt":"2020-11-04T15:23:19","guid":{"rendered":"http:\/\/mersinekonomipolitikagazetesi.com\/?p=2805"},"modified":"2020-11-04T18:23:19","modified_gmt":"2020-11-04T15:23:19","slug":"dolar-7-5-liraya-cikti-deniz-zaten-tukenmisti","status":"publish","type":"post","link":"https:\/\/akdenizolaygazetesi.com\/?p=2805","title":{"rendered":"\u201cDOLAR 7.5 LIRAYA \u00c7IKTI DENIZ ZATEN TUKENMI\u015eTI\u201d"},"content":{"rendered":"<p>\u201cBizde dolar 7.5 liraya t\u0131rmand\u0131. \u00c7\u00fcnk\u00fc deniz zaten t\u00fckenmi\u015fti. \u0130sraflar\u0131m\u0131z\u0131 kar\u015f\u0131layabilecek halimiz yoktu. Yap-i\u015flet-devret ve \u00f6zelle\u015ftirmelerin kredileri yurtd\u0131\u015f\u0131ndan bulunmas\u0131 gerekirken i\u00e7 kaynaklardan sa\u011fland\u0131, sanayiciye para kalmad\u0131.\u201d<\/p>\n<p>T\u00fcrkiye ekonomisinin san\u0131lan\u0131n aksine ABD Ba\u015fkan\u0131 Donald Trump&#8217;\u0131n a\u011fustos ay\u0131nda att\u0131\u011f\u0131 tweet&#8217;le s\u0131k\u0131nt\u0131ya girmedi\u011fini s\u00f6yleyen Ankara Sanayi Odas\u0131 -ASO- Ba\u015fkan\u0131 Nurettin \u00d6zdebir: \u201cBizde dolar 7.5 liraya t\u0131rmand\u0131. \u00c7\u00fcnk\u00fc deniz zaten t\u00fckenmi\u015fti. \u0130sraflar\u0131m\u0131z\u0131 kar\u015f\u0131layabilecek halimiz yoktu. Her y\u0131l Bo\u011faz K\u00f6pr\u00fcs\u00fc paras\u0131n\u0131 ithal cep telefonlar\u0131na verecek kadar zengin de\u011filiz. B\u00f6yle bir hovardal\u0131kla d\u0131\u015f \u015foklar\u0131n etkilerinden kurtulmam\u0131z m\u00fcmk\u00fcn de\u011fil. Yap-i\u015flet-devret ve \u00f6zelle\u015ftirmelerin kredileri yurtd\u0131\u015f\u0131ndan bulunmas\u0131 gerekirken i\u00e7 kaynaklardan sa\u011fland\u0131, sanayiciye para kalmad\u0131. \u00dcretim ekonomisi yeterince desteklenemedi.\u201d diyerek cesurca a\u00e7\u0131klamas\u0131 ile i\u015f d\u00fcnyas\u0131n\u0131n sesi oldu.<\/p>\n<p>T\u00fcrkiye Odalar ve Borsalar Birli\u011fi -TOBB- ve ona ba\u011fl\u0131 kurumlar ba\u015fta olmak \u00fczere i\u015f d\u00fcnyas\u0131n\u0131n temsilcileri ya\u015fanmakta olan ekonomik kriz kar\u015f\u0131s\u0131nda suskunlu\u011funu s\u00fcrd\u00fcr\u00fcrken, Ankara Sanayi Odas\u0131 y\u00f6neticileri ekonomide ya\u015fanmakta olan ac\u0131 ger\u00e7ekleri seslerini y\u00fckselterek ortaya d\u00f6kt\u00fc.<br \/>\n\u201c\u00dcRET\u0130M EKONOM\u0130S\u0130 YETER\u0130NCE DESTEKLENMED\u0130\u201d<\/p>\n<p>Antalya&#8217;da d\u00fczenlenen ASO meslek komiteleri toplant\u0131s\u0131n\u0131n a\u00e7\u0131l\u0131\u015f\u0131nda konu\u015fan ASO Ba\u015fkan\u0131 Nurettin \u00d6zdebir: \u201cT\u00fcrkiye ekonomisi san\u0131lan\u0131n aksine ABD Ba\u015fkan\u0131 Donald Trump&#8217;\u0131n a\u011fustos ay\u0131nda att\u0131\u011f\u0131 tweet&#8217;le s\u0131k\u0131nt\u0131ya girmedi. O tweet&#8217;ten \u00f6nce de piyasada bor\u00e7lar\u0131n \u00f6denmesi ve tahsilatlarda \u00e7ok ciddi s\u0131k\u0131nt\u0131lar vard\u0131. Trump, T\u00fcrkiye&#8217;ye yapt\u0131\u011f\u0131n\u0131n daha a\u011f\u0131r\u0131n\u0131, \u00fcstelik de hakarete varacak d\u00fczeyde Almanya&#8217;ya yapt\u0131 ancak kriz ya\u015fanmad\u0131. Bizde dolar 7.5 liraya t\u0131rmand\u0131. \u00c7\u00fcnk\u00fc deniz zaten t\u00fckenmi\u015fti. \u0130sraflar\u0131m\u0131z\u0131 kar\u015f\u0131layabilecek halimiz yoktu. Her y\u0131l Bo\u011faz K\u00f6pr\u00fcs\u00fc paras\u0131n\u0131 ithal cep telefonlar\u0131na verecek kadar zengin de\u011filiz. B\u00f6yle bir hovardal\u0131kla d\u0131\u015f \u015foklar\u0131n etkilerinden kurtulmam\u0131z m\u00fcmk\u00fcn de\u011fil. Yap-i\u015flet-devret ve \u00f6zelle\u015ftirmelerin kredileri yurtd\u0131\u015f\u0131ndan bulunmas\u0131 gerekirken i\u00e7 kaynaklardan sa\u011fland\u0131, sanayiciye para kalmad\u0131. \u00dcretim ekonomisi yeterince desteklenemedi. De\u011ferli TL politikas\u0131yla sanal refah yarat\u0131ld\u0131. Rekabet edemez hale d\u00fc\u015fen sanayici, \u00fcretimi b\u0131rak\u0131p daha k\u00e2rl\u0131 olan in\u015faat ve AVM yat\u0131r\u0131mlar\u0131na y\u00f6neldi. \u0130malat yapamaz hale geldik. \u2018Ekonomi duvara toslayacak&#8217; dedik, dinletemedik. Her \u015fokta d\u00fczeltme yap\u0131l\u0131nca iyi oldu\u011fumuzu sand\u0131k.&#8221; diyerek ekonomide ya\u015fanan ac\u0131 ger\u00e7ekleri ortaya koydu.<\/p>\n<p>\u201cT\u00dcRK\u0130YE ULUSLARARASI P\u0130YASADA TEFEC\u0130LER\u0130N EL\u0130NE D\u00dc\u015eT\u00dc!\u201d<\/p>\n<p>Toplant\u0131da konu\u015fan ASO Meclis \u00dcyesi Adnan Keskin de ekonomide s\u0131k\u0131nt\u0131 ya\u015fanmas\u0131n\u0131n nedeninin yurtd\u0131\u015f\u0131ndan para ve yat\u0131r\u0131m gelmemesi oldu\u011funu belirterek: &#8220;Bir bankan\u0131n (\u0130\u015f Bankas\u0131) hisselerine el konulaca\u011f\u0131 konu\u015fulan bir \u00fclkeye yabanc\u0131 yat\u0131r\u0131mc\u0131n\u0131n gelmesi m\u00fcmk\u00fcn de\u011fil. Siz bir yat\u0131r\u0131m yapacaks\u0131n\u0131z ama Cumhurba\u015fkan\u0131&#8217;n\u0131n karar\u0131yla yat\u0131r\u0131m\u0131n\u0131za el konulacak. Yat\u0131r\u0131m yapar m\u0131s\u0131n\u0131z? D\u0131\u015f faiz y\u00fczde 2.5 d\u00fczeyindeyken Hazine&#8217;nin y\u00fczde 7.5 faizle bor\u00e7 bulmas\u0131 ba\u015far\u0131 de\u011fil, vahim durumdur. T\u00fcrkiye uluslararas\u0131 piyasalarda adeta tefecilerin eline d\u00fc\u015ft\u00fc.&#8221; \u015feklinde konu\u015ftu.<br \/>\nKonu\u015fmas\u0131n\u0131n devam\u0131nda Adnan Keskin, artan d\u00f6viz kuru ve faizler y\u00fcz\u00fcnden kredileri \u00f6deyemez duruma d\u00fc\u015ft\u00fcklerini vurgulayarak, cirolar\u0131n\u0131n tamam\u0131n\u0131 verseler dahi kredi bor\u00e7lar\u0131n\u0131 \u00f6demeye yetmedi\u011fini s\u00f6yledi.<br \/>\n\u00a0\u00a0<br \/>\n\u201cANT\u0130DEMOKRAT\u0130K UYGULAMALARLA NEREYE KADAR G\u0130DECE\u011e\u0130Z?\u201d<\/p>\n<p>ASO Meclis \u00dcyesi Adnan Keskin: \u201cBunlar\u0131 ni\u00e7in konu\u015fmuyoruz. Antidemokratik uygulamalarla nereye kadar gidece\u011fiz? Sizin s\u00f6ylemenizle ne faiz d\u00fc\u015fer ne de enflasyon. AB&#8217;yi, d\u00fcnyay\u0131 komuta edemezsiniz. Y\u00fczde 45 maliyetle \u00fcretiyoruz. B\u0131rak\u0131n maliyeti kar\u015f\u0131lamay\u0131, hi\u00e7 olmazsa i\u015f\u00e7imizin maa\u015f\u0131n\u0131 \u00f6deyebilmek i\u00e7in y\u00fczde 10-25 zararla satmaya \u00e7al\u0131\u015f\u0131yoruz, yine de olmuyor karde\u015fim. Neden hep biz bedel \u00f6d\u00fcyoruz, yeter art\u0131k. Boya, et, tekstil; hepsi \u2018Batt\u0131k&#8217; diyor. Art\u0131k l\u00fctfen sesinizi y\u00fckseltin.&#8221;\u00a0<\/p>\n","protected":false},"excerpt":{"rendered":"<p>\u201cBizde dolar 7.5 liraya t\u0131rmand\u0131. \u00c7\u00fcnk\u00fc deniz zaten t\u00fckenmi\u015fti. \u0130sraflar\u0131m\u0131z\u0131 kar\u015f\u0131layabilecek halimiz yoktu. Yap-i\u015flet-devret ve \u00f6zelle\u015ftirmelerin kredileri yurtd\u0131\u015f\u0131ndan bulunmas\u0131 gerekirken i\u00e7 kaynaklardan sa\u011fland\u0131, sanayiciye para kalmad\u0131.\u201d T\u00fcrkiye ekonomisinin san\u0131lan\u0131n aksine &hellip; <a href=\"https:\/\/akdenizolaygazetesi.com\/?p=2805\" class=\"more-link\">Devam\u0131n\u0131 Oku&#8230;<\/a><\/p>\n","protected":false},"author":1,"featured_media":0,"comment_status":"open","ping_status":"open","sticky":false,"template":"","format":"standard","meta":[],"categories":[],"tags":[],"_links":{"self":[{"href":"https:\/\/akdenizolaygazetesi.com\/index.php?rest_route=\/wp\/v2\/posts\/2805"}],"collection":[{"href":"https:\/\/akdenizolaygazetesi.com\/index.php?rest_route=\/wp\/v2\/posts"}],"about":[{"href":"https:\/\/akdenizolaygazetesi.com\/index.php?rest_route=\/wp\/v2\/types\/post"}],"author":[{"embeddable":true,"href":"https:\/\/akdenizolaygazetesi.com\/index.php?rest_route=\/wp\/v2\/users\/1"}],"replies":[{"embeddable":true,"href":"https:\/\/akdenizolaygazetesi.com\/index.php?rest_route=%2Fwp%2Fv2%2Fcomments&post=2805"}],"version-history":[{"count":0,"href":"https:\/\/akdenizolaygazetesi.com\/index.php?rest_route=\/wp\/v2\/posts\/2805\/revisions"}],"wp:attachment":[{"href":"https:\/\/akdenizolaygazetesi.com\/index.php?rest_route=%2Fwp%2Fv2%2Fmedia&parent=2805"}],"wp:term":[{"taxonomy":"category","embeddable":true,"href":"https:\/\/akdenizolaygazetesi.com\/index.php?rest_route=%2Fwp%2Fv2%2Fcategories&post=2805"},{"taxonomy":"post_tag","embeddable":true,"href":"https:\/\/akdenizolaygazetesi.com\/index.php?rest_route=%2Fwp%2Fv2%2Ftags&post=2805"}],"curies":[{"name":"wp","href":"https:\/\/api.w.org\/{rel}","templated":true}]}}