{"id":28051,"date":"2023-10-11T12:51:01","date_gmt":"2023-10-11T09:51:01","guid":{"rendered":"http:\/\/akdenizolaygazetesi.com\/?p=28051"},"modified":"2023-10-11T12:51:01","modified_gmt":"2023-10-11T09:51:01","slug":"100-yil-donumunde-cumhuriyetimiz-sempozyumu-mersinlileri-bekliyor","status":"publish","type":"post","link":"https:\/\/akdenizolaygazetesi.com\/?p=28051","title":{"rendered":"&#8216;100. YIL D\u00d6N\u00dcM\u00dcNDE CUMHUR\u0130YET\u0130M\u0130Z SEMPOZYUMU&#8217; MERS\u0130NL\u0130LER\u0130 BEKL\u0130YOR"},"content":{"rendered":"<p>Mersin B\u00fcy\u00fck\u015fehir Belediyesi K\u00fclt\u00fcr ve Sosyal \u0130\u015fler Dairesi Ba\u015fkanl\u0131\u011f\u0131, Cumhuriyet&#8217;in 100. y\u0131l\u0131na yak\u0131\u015f\u0131r bir dizi etkinlik ger\u00e7ekle\u015ftirecek. Bu etkinliklerden biri de, &#8216;100. Y\u0131l D\u00f6n\u00fcm\u00fcnde Cumhuriyetimiz Sempozyumu&#8217; olacak. B\u00fcy\u00fck\u015fehir Belediyesi&#8217;nin destekleriyle ger\u00e7ekle\u015fecek bir di\u011fer k\u00fclt\u00fcrel organizasyon ise, 14 Ekim&#8217;de ba\u015flayacak olan ve 22 Ekim&#8217;e kadar devam edecek olan 8. CNR Mersin Kitap Fuar\u0131 olacak.<\/p>\n<p>Cumhuriyet&#8217;in kurulu\u015f ve geli\u015fimine dair her \u015fey bu sempozyumda<\/p>\n<p>Mersin&#8217;e De\u011fer Katanlar (MEDEKA) Kent Tarihi Kurulu taraf\u0131ndan, \u0130\u00e7el Sanat Kul\u00fcb\u00fc Tarih Kurulu&#8217;nun da deste\u011fiyle yap\u0131lacak olan sempozyum, 13 Ekim Cuma g\u00fcn\u00fc saat 15.00&#8217;te Kongre ve Sergi Saray\u0131&#8217;nda ger\u00e7ekle\u015fecek. Sempozyum, &#8216;Cumhuriyet D\u00f6nemi Bestecilerden Se\u00e7kiler&#8217; adl\u0131 m\u00fczik dinletisiyle ba\u015flayacak.<\/p>\n<p>2 g\u00fcn boyunca 4 oturumun yap\u0131laca\u011f\u0131 sempozyumda, alan\u0131nda uzman akademisyenler T\u00fcrkiye Cumhuriyeti&#8217;nin kurulu\u015f, geli\u015fme ve ilerleme s\u00fcrecinde; iktisat, bas\u0131n ve medya, sinema, T\u00fcrk dili, kamu y\u00f6netimi ve milli sermaye konular\u0131 \u00fczerine \u00f6nemli bilgiler aktaracak. 14 Ekim&#8217;de yap\u0131lacak 4. ve son oturumda ise Mersin \u00f6zelinde konulara de\u011finilecek.<\/p>\n<p>Sempozyumun konular\u0131, saat ve kat\u0131l\u0131mc\u0131 bilgilerine, Mersin B\u00fcy\u00fck\u015fehir Belediyesi&#8217;nin sosyal medya hesaplar\u0131 \u00fczerinden ula\u015f\u0131labilecek.<\/p>\n<p>Co\u015fkuner: &#8220;Cumhuriyet&#8217;in kurulu\u015f ve geli\u015fme s\u00fcreci, akademik bir anlay\u0131\u015fla ortaya konulacak&#8221;<\/p>\n<p>K\u00fclt\u00fcr ve Sosyal \u0130\u015fler Dairesi Ba\u015fkanl\u0131\u011f\u0131 olarak bu y\u0131l Cumhuriyet&#8217;in 100. y\u0131l\u0131 kapsam\u0131nda bir dizi etkinlik ger\u00e7ekle\u015ftirdiklerini ve bunlardan birisinin de &#8216;100. Y\u0131l D\u00f6n\u00fcm\u00fcnde Cumhuriyetimiz Sempozyumu&#8217; oldu\u011funu ifade eden K\u00fclt\u00fcr ve Sosyal \u0130\u015fler Dairesi Ba\u015fkanl\u0131\u011f\u0131&#8217;na ba\u011fl\u0131 Kent Kat\u0131l\u0131m\u0131 ve Sivil Toplum \u0130le \u0130li\u015fkiler \u015eube M\u00fcd\u00fcr\u00fc \u00c7a\u011fan Co\u015fkuner, &#8220;Mersin&#8217;e De\u011fer Katanlar Kent Tarihi Kurulu ve \u0130\u00e7el Sanat Kul\u00fcb\u00fc Tarih Kurulu&#8217;nun da katk\u0131lar\u0131yla, 13-14 Ekim&#8217;de s\u00f6z konusu sempozyumumuzu ger\u00e7ekle\u015ftirece\u011fiz. Sempozyum \u00e7er\u00e7evesinde; T\u00fcrkiye Cumhuriyeti&#8217;nin kurulu\u015f ve geli\u015fme s\u00fcrecinin tarihi, siyasi, sosyal, k\u00fclt\u00fcrel, ekonomik boyutlar\u0131, akademik bir anlay\u0131\u015fla ortaya konulacak&#8221; dedi.<\/p>\n<p>Sempozyum kapsam\u0131nda &#8216;Ya\u015fas\u0131n Cumhuriyet&#8217; adl\u0131 foto\u011fraf sergisi de olacak<\/p>\n<p>Alanlar\u0131nda uzman akademisyen ve ara\u015ft\u0131rmac\u0131lar\u0131 bir araya getirecek sempozyumun bilgi \u00fcretimine katk\u0131 sa\u011flamas\u0131, yeni bak\u0131\u015f a\u00e7\u0131lar\u0131 sunmas\u0131 ve \u00fclkemizin y\u00fczy\u0131ll\u0131k s\u00fcrecine \u0131\u015f\u0131k tutmas\u0131n\u0131 beklediklerini s\u00f6zlerine ekleyen Co\u015fkuner, &#8220;Sempozyumumuzun yan\u0131 s\u0131ra, &#8216;Ya\u015fas\u0131n Cumhuriyet&#8217; adl\u0131 foto\u011fraf sergimiz de yine kat\u0131l\u0131mc\u0131lar\u0131n ziyaretine a\u00e7\u0131k olacak. 13 Ekim Cuma g\u00fcn\u00fc saat 15.00&#8217;te a\u00e7\u0131l\u0131\u015f\u0131n\u0131 ger\u00e7ekle\u015ftirece\u011fimiz sempozyuma t\u00fcm Mersinlileri bekliyoruz&#8221; diye konu\u015ftu.<\/p>\n<p>CNR Mersin Kitap Fuar\u0131 da 14 Ekim&#8217;de kap\u0131lar\u0131n\u0131 kitapseverlere a\u00e7\u0131yor<\/p>\n<p>Ayn\u0131 zaman dilimi i\u00e7erisinde ger\u00e7ekle\u015fecek bir di\u011fer etkinlik ise CNR Mersin Kitap Fuar\u0131 olacak. Mersin B\u00fcy\u00fck\u015fehir Belediyesi&#8217;nin destekleriyle bu y\u0131l 8.&#8217;si ger\u00e7ekle\u015fecek olan CNR Mersin Kitap Fuar\u0131, 14 Ekim&#8217;de Yeni\u015fehir Fuar Merkezi&#8217;nde kap\u0131lar\u0131n\u0131 a\u00e7acak. 22 Ekim&#8217;e kadar s\u00fcrecek olan fuarda Mersin B\u00fcy\u00fck\u015fehir Belediyesi&#8217;nin de stand\u0131 yer alacak. K\u00fclt\u00fcr Yay\u0131nlar\u0131&#8217;ndan \u00e7\u0131kar\u0131lan kitaplar\u0131n yazarlar\u0131yla da imza g\u00fcn\u00fc d\u00fczenleyecek olan B\u00fcy\u00fck\u015fehir Belediyesi, stand\u0131 ziyaret edenlere \u00fccretsiz kitap hediye edecek.<\/p>\n<p>G\u00fcler: &#8220;T\u00fcm kitapseverleri stand\u0131m\u0131za bekliyoruz&#8221;<\/p>\n<p>K\u00fclt\u00fcr ve Sosyal \u0130\u015fler Dairesi Ba\u015fkanl\u0131\u011f\u0131 K\u00fclt\u00fcr Tesisleri ve K\u00fct\u00fcphaneler \u015eube M\u00fcd\u00fcr\u00fc T\u00fclin G\u00fcler, bu y\u0131l 8.&#8217;si d\u00fczenlenecek olan Mersin Kitap Fuar\u0131&#8217;n\u0131n 14 Ekim Cumartesi g\u00fcn\u00fc ba\u015flayaca\u011f\u0131n\u0131 belirterek, &#8220;Mersin B\u00fcy\u00fck\u015fehir Belediyesi olarak stand\u0131m\u0131zda, K\u00fclt\u00fcr Yay\u0131nlar\u0131 kitaplar\u0131m\u0131zla birlikte haz\u0131r olaca\u011f\u0131z. Ayr\u0131ca t\u00fcm fuar s\u00fcresi boyunca, kitaplar\u0131m\u0131z\u0131n yazarlar\u0131yla birlikte imza g\u00fcn\u00fc d\u00fczenleyece\u011fiz. Buradan t\u00fcm vatanda\u015flar\u0131m\u0131z\u0131, t\u00fcm kitapseverlerimizi stand\u0131m\u0131za bekliyoruz&#8221; dedi. G\u00fcler ayr\u0131ca, B\u00fcy\u00fck\u015fehir Belediyesi olarak fuar boyunca, k\u00fclt\u00fcr yay\u0131nlar\u0131na ait kitaplar\u0131 vatanda\u015flara \u00fccretsiz bir \u015fekilde da\u011f\u0131tacaklar\u0131n\u0131 da s\u00f6zlerine ekledi.<\/p>\n","protected":false},"excerpt":{"rendered":"<p>Mersin B\u00fcy\u00fck\u015fehir Belediyesi K\u00fclt\u00fcr ve Sosyal \u0130\u015fler Dairesi Ba\u015fkanl\u0131\u011f\u0131, Cumhuriyet&#8217;in 100. y\u0131l\u0131na yak\u0131\u015f\u0131r bir dizi etkinlik ger\u00e7ekle\u015ftirecek. Bu etkinliklerden biri de, &#8216;100. Y\u0131l D\u00f6n\u00fcm\u00fcnde Cumhuriyetimiz Sempozyumu&#8217; olacak. B\u00fcy\u00fck\u015fehir Belediyesi&#8217;nin destekleriyle &hellip; <a href=\"https:\/\/akdenizolaygazetesi.com\/?p=28051\" class=\"more-link\">Devam\u0131n\u0131 Oku&#8230;<\/a><\/p>\n","protected":false},"author":2,"featured_media":28052,"comment_status":"open","ping_status":"open","sticky":false,"template":"","format":"standard","meta":[],"categories":[1,2,3],"tags":[],"_links":{"self":[{"href":"https:\/\/akdenizolaygazetesi.com\/index.php?rest_route=\/wp\/v2\/posts\/28051"}],"collection":[{"href":"https:\/\/akdenizolaygazetesi.com\/index.php?rest_route=\/wp\/v2\/posts"}],"about":[{"href":"https:\/\/akdenizolaygazetesi.com\/index.php?rest_route=\/wp\/v2\/types\/post"}],"author":[{"embeddable":true,"href":"https:\/\/akdenizolaygazetesi.com\/index.php?rest_route=\/wp\/v2\/users\/2"}],"replies":[{"embeddable":true,"href":"https:\/\/akdenizolaygazetesi.com\/index.php?rest_route=%2Fwp%2Fv2%2Fcomments&post=28051"}],"version-history":[{"count":1,"href":"https:\/\/akdenizolaygazetesi.com\/index.php?rest_route=\/wp\/v2\/posts\/28051\/revisions"}],"predecessor-version":[{"id":28053,"href":"https:\/\/akdenizolaygazetesi.com\/index.php?rest_route=\/wp\/v2\/posts\/28051\/revisions\/28053"}],"wp:featuredmedia":[{"embeddable":true,"href":"https:\/\/akdenizolaygazetesi.com\/index.php?rest_route=\/wp\/v2\/media\/28052"}],"wp:attachment":[{"href":"https:\/\/akdenizolaygazetesi.com\/index.php?rest_route=%2Fwp%2Fv2%2Fmedia&parent=28051"}],"wp:term":[{"taxonomy":"category","embeddable":true,"href":"https:\/\/akdenizolaygazetesi.com\/index.php?rest_route=%2Fwp%2Fv2%2Fcategories&post=28051"},{"taxonomy":"post_tag","embeddable":true,"href":"https:\/\/akdenizolaygazetesi.com\/index.php?rest_route=%2Fwp%2Fv2%2Ftags&post=28051"}],"curies":[{"name":"wp","href":"https:\/\/api.w.org\/{rel}","templated":true}]}}