{"id":28067,"date":"2023-10-12T12:40:55","date_gmt":"2023-10-12T09:40:55","guid":{"rendered":"http:\/\/akdenizolaygazetesi.com\/?p=28067"},"modified":"2023-10-12T12:40:55","modified_gmt":"2023-10-12T09:40:55","slug":"sahil-buyuksehirin-kafeleri-ile-daha-canli-daha-guzel","status":"publish","type":"post","link":"https:\/\/akdenizolaygazetesi.com\/?p=28067","title":{"rendered":"SAH\u0130L, B\u00dcY\u00dcK\u015eEH\u0130R&#8217;\u0130N KAFELER\u0130 \u0130LE DAHA CANLI DAHA G\u00dcZEL"},"content":{"rendered":"<p>Mersin B\u00fcy\u00fck\u015fehir Belediyesi, Mersin sahiline birbirinden g\u00fczel iki kafe daha kazand\u0131rd\u0131. Sahilin yeni g\u00f6zdeleri olan Panay\u0131r ve Tatl\u0131l\u0131k Kafe zengin ve lezzetli m\u00f6n\u00fcs\u00fcyle her ya\u015ftan Mersinliye hitap ediyor. Tatl\u0131, dondurma ve i\u00e7ecek \u00e7e\u015fitlerinin oldu\u011fu Tatl\u0131l\u0131k Kafe, sahilde turlayanlar\u0131n self servis hizmetinden faydalanaca\u011f\u0131 bir mekan \u00f6zelli\u011fi g\u00f6sterirken, Panay\u0131r Kafe ise geni\u015f oturum alan\u0131, \u015fezlonglar\u0131, g\u00fcn\u00fcn her saatine uygun zengin \u00f6\u011f\u00fcn, at\u0131\u015ft\u0131rmal\u0131k ve tatl\u0131 \u00e7e\u015fitleriyle Mersinlileri kar\u015f\u0131l\u0131yor.<\/p>\n<p>Renkli konseptli ve uygun fiyatl\u0131 kafeler<\/p>\n<p>Adnan Menderes Bulvar\u0131&#8217;nda k\u0131sa s\u00fcre \u00f6nce a\u00e7\u0131lmas\u0131na ra\u011fmen ilgin\u00e7 ve renkli g\u00f6rsel konseptiyle sahilde bisiklet s\u00fcren ve y\u00fcr\u00fcy\u00fc\u015fe \u00e7\u0131kan vatanda\u015flar\u0131n dikkatini \u00e7eken iki kafe de \u015fimdiden ilgi oda\u011f\u0131 oldu.<\/p>\n<p>Kafeler; arkada\u015flar\u0131yla bisiklet s\u00fcrmeye \u00e7\u0131kan k\u00fc\u00e7\u00fck \u00e7ocuklara da, arkada\u015flar\u0131yla e\u011flenceli vakit ge\u00e7irmek isteyen \u00fcniversite \u00f6\u011frencilerine de ailesiyle g\u00fczel bir mekanda bir \u015feyler yemek isteyen vatanda\u015flara da hitap ediyor. Her iki kafe de birbirinden farkl\u0131 lezzetlerin uygun fiyata bulundu\u011fu \u00f6zelli\u011fiyle de b\u00fct\u00e7e dostu bir yakla\u015f\u0131mla Mersinlilere hizmet veriyor. Panay\u0131r Kafe sabah 09.00&#8217;da kahvalt\u0131 \u00f6\u011f\u00fcn\u00fcyle ba\u015flayarak 23.00&#8217;e kadar a\u00e7\u0131kken, Tatl\u0131l\u0131k Kafe ise hafta i\u00e7i 14.00-00 hafta sonu ise 12.00-00.00 saatleri aras\u0131nda hizmete a\u00e7\u0131k.<\/p>\n<p>&#8220;Ad\u0131n\u0131 ruhundan alan bir kafe a\u00e7t\u0131k: Panay\u0131r&#8221;<\/p>\n<p>Sahile renk katan bir di\u011fer yeni kafe ise Panay\u0131r Kafe. Geni\u015f oturma alan\u0131 ve 16 adet \u015fezlongu ile farkl\u0131 bir konseptle misafirlerini a\u011f\u0131rlayan Panay\u0131r Kafe \u015fimdiden vatanda\u015flar\u0131n ilgi oda\u011f\u0131 oldu.<\/p>\n<p>Deniz K\u0131z\u0131 Turizm A.\u015e. Sahil Kafe Koordinat\u00f6r\u00fc \u00dcmit Sezer, Panay\u0131r Kafe ile bilgili bilgiler payla\u015ft\u0131. Konsepti anlatan Sezer, &#8220;Sahildeki kafelerimize ad\u0131n\u0131 da ruhundan alan panay\u0131r havas\u0131nda bir i\u015fletme daha eklemi\u015f bulunuyoruz. Buras\u0131 kendine \u00f6zg\u00fc konsept, yemek ve sunumlar\u0131 ile misafirlerimizin be\u011fenisini toplayacak. Kafemiz 09.00 ile 23.00 saatleri aras\u0131nda kahvalt\u0131dan ba\u015flay\u0131p g\u00fcn\u00fcn her \u00f6\u011f\u00fcn\u00fcne uygun \u00fcr\u00fcnleriyle hizmet veriyor. Kafemiz a\u00e7\u0131lal\u0131 iki hafta gibi bir s\u00fcre olmas\u0131na ra\u011fmen \u00e7ok b\u00fcy\u00fck bir talep var. Bu yo\u011fun ilgiden memnunuz. Bu ilginin artarak devam etmesini bekliyoruz. T\u00fcm Mersin halk\u0131n\u0131 bekliyoruz&#8221; dedi.<\/p>\n<p>&#8220;Arkada\u015flar\u0131m\u0131zla vakit ge\u00e7irebilece\u011fimiz \u00e7ok g\u00fczel bir yer olmu\u015f&#8221;<\/p>\n<p>\u0130stanbul&#8217;dan Mersin&#8217;e Radyo, Sinema ve Televizyon B\u00f6l\u00fcm\u00fc&#8217;nde okumaya gelen Sude Nalbant, arkada\u015flar\u0131yla sahilde gezerken Panay\u0131r Kafe&#8217;yi fark ettiklerini s\u00f6yleyerek, &#8220;Dola\u015f\u0131rken g\u00f6rd\u00fck ve \u00e7ok dikkatimizi \u00e7ekti. D\u0131\u015far\u0131dan \u00e7ok g\u00fczel bir mekan olarak g\u00f6r\u00fcn\u00fcyor. \u0130\u00e7eri girip bakmak istedik. Tatl\u0131lar\u0131na g\u00f6z att\u0131k. Bence gen\u00e7ler i\u00e7in \u00f6zellikle \u00fcniversitemizdeki gen\u00e7ler i\u00e7in \u00e7ok g\u00fczel bir mekan olaca\u011f\u0131n\u0131 d\u00fc\u015f\u00fcn\u00fcyorum. Her \u015fey harika g\u00f6r\u00fcn\u00fcyor. Arkada\u015flar\u0131m\u0131zla gelip oturabilece\u011fimiz, vakit ge\u00e7irebilece\u011fimiz \u00e7ok g\u00fczel bir yer olmu\u015f&#8221; ifadelerini kulland\u0131.<\/p>\n<p>&#8220;G\u00fczel d\u00fc\u015f\u00fcn\u00fclm\u00fc\u015f&#8221;<\/p>\n<p>Panay\u0131r Kafe&#8217;ye e\u015fi ve \u00e7ocu\u011fuyla gelen Yonca Demir, \u00e7ok be\u011fendi\u011fini ifade ederek, &#8220;Bence \u00e7ok g\u00fczel. Denize yak\u0131n olmas\u0131ndan dolay\u0131 zaten &#8216;bir gidip bakal\u0131m&#8217; dedik. Biz \u00e7ok be\u011fendik. Herkese tavsiye ediyoruz. Ger\u00e7ekten g\u00fczel d\u00fc\u015f\u00fcn\u00fclm\u00fc\u015f&#8221; dedi. Sahilde bulunan di\u011fer kafelere de gittiklerini de ifade eden Demir, &#8220;B\u00fcy\u00fck\u015fehir&#8217;in yapt\u0131\u011f\u0131 bence \u00e7ok g\u00fczel bir olay ve ke\u015fke t\u00fcm illerimizde bu ger\u00e7ekle\u015fse. B\u00fcy\u00fck\u015fehir&#8217;in hizmetlerinden memnunuz&#8221; diye konu\u015ftu.<\/p>\n<p>&#8220;Sahil kenar\u0131 olmas\u0131 \u00e7ok g\u00fczel&#8221;<\/p>\n<p>Ulya \u00c7elik de Mersin \u00dcniversitesi&#8217;nde birinci s\u0131n\u0131f \u00f6\u011frencisi. Sahilde vakit ge\u00e7irmek i\u00e7in Panay\u0131r Kafe&#8217;yi tercih eden \u00c7elik, &#8220;Biz arkada\u015flar\u0131m\u0131zla geldik. \u00c7ok memnun kald\u0131k. G\u00fczeldi, yemeklerini yedik, kahvesini i\u00e7tik. Sahil kenar\u0131 olmas\u0131 ayr\u0131ca \u00e7ok g\u00fczel bir \u015fey. \u00c7ok memnun kald\u0131k&#8221; \u015feklinde konu\u015ftu.<\/p>\n<p>Elif Su Uzuner, ailesiyle Panay\u0131r Kafe&#8217;ye gelenlerden. Uzuner, &#8220;Kafe baya g\u00fczel, tam benlik&#8221; derken Baba C\u00fcneyt Uzuner de, &#8220;Daha \u00f6nce bisikletle ge\u00e7erken dikkatimi \u00e7ekmi\u015fti. Bug\u00fcn \u00e7ocuklar\u0131 getirdim. Onlar da be\u011fendiler&#8221; dedi.<\/p>\n<p>Uyan\u0131k: &#8220;Sahildeki kafelere bir yenisini daha eklemenin mutlulu\u011funu ya\u015f\u0131yoruz&#8221;<\/p>\n<p>Denizk\u0131z\u0131 Turizm A.\u015e. Saha Koordinat\u00f6r\u00fc P\u0131nar Uyan\u0131k, B\u00fcy\u00fck\u015fehir olarak sahildeki kafelere bir yenisini daha eklemenin mutlulu\u011funu ya\u015fad\u0131klar\u0131n\u0131 belirterek, &#8220;Tatl\u0131l\u0131k Kafe&#8217;miz hafta i\u00e7i her g\u00fcn 14.00 ile 00.00 hafta sonu ise 12.00 \u2013 00.00 saatleri aras\u0131nda misafirlerimize hizmet vermektedir. \u015eubemizde \u00e7e\u015fit \u00e7e\u015fit tatl\u0131 ve pastalar\u0131n yan\u0131 s\u0131ra Bubble Tea,  limonata, milkshake gibi so\u011fuk i\u00e7eceklerimizi, kahve ve \u00e7ay gibi s\u0131cak i\u00e7eceklerimizi de misafirlerimizle bulu\u015fturuyoruz&#8221; dedi.<\/p>\n<p>&#8220;Tatl\u0131l\u0131k&#8217;ta \u00e7e\u015fit \u00e7e\u015fit dondurmalar\u0131m\u0131z\u0131 misafirlerimizle bulu\u015fturuyoruz&#8221;<\/p>\n<p>Tatl\u0131l\u0131k&#8217;ta birbirinden farkl\u0131 ve lezzetli dondurmalar\u0131n da misafirlerin be\u011fenisine sunuldu\u011funu aktaran Uyan\u0131k, &#8220;Tatl\u0131l\u0131k&#8217;ta \u00e7e\u015fit \u00e7e\u015fit dondurmalar\u0131m\u0131z\u0131 misafirlerimizle bulu\u015fturuyoruz. Bu dondurmalardan biz men\u00fc halinde on farkl\u0131 kap olu\u015fturduk. Gelen misafirlerimiz isterlerse bu kaplardan se\u00e7ip direkt al\u0131p gidebilirler ya da kendi tercihlerine g\u00f6re kendilerine \u00f6zel kap dondurmalar olu\u015fturabilirler&#8221; diye konu\u015ftu. Tatl\u0131l\u0131k&#8217;\u0131n vatanda\u015flar\u0131n u\u011frak noktas\u0131 haline gelmeye ba\u015flad\u0131\u011f\u0131n\u0131 da s\u00f6yleyen uyan\u0131k, &#8220;\u015eu an i\u00e7in olduk\u00e7a iyi yorumlar al\u0131yoruz. Gelen bir daha geliyor. Tatl\u0131lar\u0131m\u0131z\u0131 buradan al\u0131p gidiyorlar. Bir oturma alan\u0131m\u0131z yok, self servis \u015feklimde al\u0131p evlerine g\u00f6t\u00fcr\u00fcyorlar ya da burada sahilde y\u00fcr\u00fcy\u00fc\u015f\u00fcn tad\u0131n\u0131 \u00e7\u0131kar\u0131rken tatl\u0131lar\u0131m\u0131zla da y\u00fcr\u00fcy\u00fc\u015flerini destekliyorlar&#8221; ifadelerine yer verdi.<\/p>\n<p>&#8220;\u0130yi ki a\u00e7\u0131lm\u0131\u015f&#8221;<\/p>\n<p>Torunu ile sahilde vakit ge\u00e7irirken Tatl\u0131l\u0131k&#8217;\u0131 g\u00f6rd\u00fc\u011f\u00fcn\u00fc s\u00f6yleyen Oya K\u0131z\u0131ltan, &#8220;A\u00e7\u0131lmas\u0131 iyi olmu\u015f \u00e7\u00fcnk\u00fc buralarda tatl\u0131 alacak bir yer yok. Trib\u00fcn Kafe&#8217;ye gidiyoruz s\u0131kl\u0131kla. Torunum oray\u0131 \u00e7ok seviyor, \u00f6zg\u00fcrce geziyor. Buray\u0131 da yeni g\u00f6rd\u00fck ve \u00e7ok g\u00fczel, iyi ki a\u00e7\u0131lm\u0131\u015f&#8221; dedi.<\/p>\n<p>\u015eemiz: &#8220;Hem fiyatlar\u0131 uygun hem de \u00e7ok temiz&#8221;<\/p>\n<p>Vatanda\u015flardan Levent \u015eemiz, &#8220;Biz e\u015fimle birlikte bu sahilde hep y\u00fcr\u00fcy\u00fc\u015f yap\u0131yoruz. Belediyemizin a\u00e7m\u0131\u015f oldu\u011fu bir \u00e7ok sosyal yerlerden al\u0131\u015fveri\u015f yap\u0131yoruz. Oturuyoruz, \u00e7ay\u0131m\u0131z\u0131 i\u00e7iyoruz, hem fiyatlar\u0131 uygun hem de \u00e7ok temiz. Bir de bir \u00f6zelli\u011fi var; \u00e7ok dikkat ediyorum, \u00e7al\u0131\u015fanlar\u0131 p\u0131rlanta gibi insanlar, \u00f6zellikle se\u00e7iliyorlar herhalde hepsi \u00e7ok iyi insan&#8221; dedi. Sahilin ge\u00e7mi\u015f y\u0131llara g\u00f6re \u00e7ok g\u00fczel bir hal ald\u0131\u011f\u0131n\u0131 ifade eden \u015eemiz, &#8220;Eskiye g\u00f6re da\u011flar kadar fark var. Bir kere hijyen, temizlik var ve yedi\u011finden b\u00fcy\u00fck haz duyuyorsun. Mesela bal\u0131k lokantas\u0131 a\u00e7\u0131ld\u0131, orada bal\u0131k yedik muhte\u015femdi. S\u00fcper yerler&#8221; diye konu\u015ftu.<\/p>\n<p>&#8220;\u00dcr\u00fcnleri hep taze ve \u00e7ok g\u00fczel&#8221;<\/p>\n<p>Merve Sahillio\u011flu da k\u0131z\u0131yla sahil y\u00fcr\u00fcy\u00fc\u015f\u00fcnde dondurma molas\u0131 i\u00e7in Tatl\u0131l\u0131k&#8217;\u0131 tercih eden vatanda\u015flardan.  Sahillio\u011flu, k\u0131sa s\u00fcre \u00f6nce \u00fcr\u00fcnleri denemeye ba\u015flad\u0131\u011f\u0131n\u0131 ifade ederek, &#8220;Buraya \u00e7ok severek geliyoruz. Ben Bubble Tea almaya geldim, k\u0131z\u0131m mavi dondurman\u0131n hastas\u0131. \u00dcr\u00fcnleri hep taze ve \u00e7ok g\u00fczel. O y\u00fczden buray\u0131 tercih ediyoruz&#8221; diye belirtti.<\/p>\n<p>Finlandiya&#8217;dan gelen ve Mersin&#8217;de ya\u015fayan Tuija D\u00f6lek, bisiklet s\u00fcrerken Tatl\u0131l\u0131k Kafe&#8217;yi fark etti\u011fini ve dondurma ald\u0131\u011f\u0131n\u0131 s\u00f6yleyerek, &#8220;Yar\u0131n e\u015fimi de getirmek istiyorum, g\u00f6rs\u00fcn. Yeri \u00e7ok g\u00fczel. Hem spor hem deniz. T\u00fcrkiye&#8217;de nas\u0131l diyorlar; hay\u0131rl\u0131, u\u011furlu olsun&#8221; dedi.<\/p>\n<p>&#8220;\u00c7ok g\u00fczel bir mekan, her \u015fey var&#8221;<\/p>\n<p>Arkada\u015flar\u0131yla sahilde bisiklet s\u00fcren ve Tatl\u0131l\u0131k&#8217;a dondurma molas\u0131na gelen Emir Ad\u0131r, &#8220;Ge\u00e7erken dondurma alaca\u011f\u0131z. Hatta ak\u015fam buraya gelece\u011fiz. Daha \u00f6nce arkada\u015flar\u0131m\u0131zla bir kere dondurma alm\u0131\u015ft\u0131k, dondurmalar\u0131 da g\u00fczel&#8221; derken, Kerem Yeti\u015f ise Tatl\u0131l\u0131k i\u00e7in &#8220;\u00c7ok g\u00fczel. Her \u015fey var. Mesela Buble Tea&#8217;yi \u00e7ok seviyoruz. Onlar da var. Her \u015fey tat olarak da \u00e7ok g\u00fczel. Dondurma da al\u0131yoruz. \u00c7ok g\u00fczel bir mekan&#8221; ifadelerini kulland\u0131. Saadettin \u00c7ay ise, &#8220;Dondurmalar\u0131 \u00e7ok g\u00fczel. K\u00fclahlar\u0131 da bayat de\u011fil. Baz\u0131 mekanlarda bayat oluyor. Her \u015feyi de g\u00fczel yap\u0131yorlar&#8221; dedi.<\/p>\n","protected":false},"excerpt":{"rendered":"<p>Mersin B\u00fcy\u00fck\u015fehir Belediyesi, Mersin sahiline birbirinden g\u00fczel iki kafe daha kazand\u0131rd\u0131. Sahilin yeni g\u00f6zdeleri olan Panay\u0131r ve Tatl\u0131l\u0131k Kafe zengin ve lezzetli m\u00f6n\u00fcs\u00fcyle her ya\u015ftan Mersinliye hitap ediyor. Tatl\u0131, dondurma &hellip; <a href=\"https:\/\/akdenizolaygazetesi.com\/?p=28067\" class=\"more-link\">Devam\u0131n\u0131 Oku&#8230;<\/a><\/p>\n","protected":false},"author":2,"featured_media":28068,"comment_status":"open","ping_status":"open","sticky":false,"template":"","format":"standard","meta":[],"categories":[1,2,3],"tags":[],"_links":{"self":[{"href":"https:\/\/akdenizolaygazetesi.com\/index.php?rest_route=\/wp\/v2\/posts\/28067"}],"collection":[{"href":"https:\/\/akdenizolaygazetesi.com\/index.php?rest_route=\/wp\/v2\/posts"}],"about":[{"href":"https:\/\/akdenizolaygazetesi.com\/index.php?rest_route=\/wp\/v2\/types\/post"}],"author":[{"embeddable":true,"href":"https:\/\/akdenizolaygazetesi.com\/index.php?rest_route=\/wp\/v2\/users\/2"}],"replies":[{"embeddable":true,"href":"https:\/\/akdenizolaygazetesi.com\/index.php?rest_route=%2Fwp%2Fv2%2Fcomments&post=28067"}],"version-history":[{"count":1,"href":"https:\/\/akdenizolaygazetesi.com\/index.php?rest_route=\/wp\/v2\/posts\/28067\/revisions"}],"predecessor-version":[{"id":28069,"href":"https:\/\/akdenizolaygazetesi.com\/index.php?rest_route=\/wp\/v2\/posts\/28067\/revisions\/28069"}],"wp:featuredmedia":[{"embeddable":true,"href":"https:\/\/akdenizolaygazetesi.com\/index.php?rest_route=\/wp\/v2\/media\/28068"}],"wp:attachment":[{"href":"https:\/\/akdenizolaygazetesi.com\/index.php?rest_route=%2Fwp%2Fv2%2Fmedia&parent=28067"}],"wp:term":[{"taxonomy":"category","embeddable":true,"href":"https:\/\/akdenizolaygazetesi.com\/index.php?rest_route=%2Fwp%2Fv2%2Fcategories&post=28067"},{"taxonomy":"post_tag","embeddable":true,"href":"https:\/\/akdenizolaygazetesi.com\/index.php?rest_route=%2Fwp%2Fv2%2Ftags&post=28067"}],"curies":[{"name":"wp","href":"https:\/\/api.w.org\/{rel}","templated":true}]}}