{"id":28079,"date":"2023-10-12T17:09:27","date_gmt":"2023-10-12T14:09:27","guid":{"rendered":"http:\/\/akdenizolaygazetesi.com\/?p=28079"},"modified":"2023-10-12T17:09:27","modified_gmt":"2023-10-12T14:09:27","slug":"kayrakkeslide-3-gun-boyunca-off-road-ve-kamp-festivali","status":"publish","type":"post","link":"https:\/\/akdenizolaygazetesi.com\/?p=28079","title":{"rendered":"KAYRAKKE\u015eL\u0130&#8217;DE 3 G\u00dcN BOYUNCA OFF- ROAD VE KAMP FEST\u0130VAL\u0130"},"content":{"rendered":"<p>Toroslar Belediyesi, Mersin&#8217;de b\u00fcy\u00fck bir organizasyona daha imza atacak. Belediye, bu hafta sonu 13-14-15 Ekim tarihlerinde Kayrakke\u015fli Mahallesi&#8217;nde adrenalin ve heyecan\u0131n y\u00fcksek oldu\u011fu Off-Road ve Kamp Festivali ger\u00e7ekle\u015ftirecek.<\/p>\n<p>Festival, Mersin ve \u00e7evre il\u00e7elerinin yan\u0131 s\u0131ra Ni\u011fde, Osmaniye, Kahramanmara\u015f, Kayseri, Konya ve Adana illerinden de off-road tutkunlar\u0131n\u0131 a\u011f\u0131rlayacak.<\/p>\n<p>Toroslar Belediyesi taraf\u0131ndan Kayrakke\u015fli Mahallesi&#8217;nde otomobil sporu Off-Road i\u00e7in \u00f6zel olarak haz\u0131rlanan parkur da tamamland\u0131. Sporcular, zorlu parkurlar\u0131 a\u015fmak i\u00e7in yar\u0131\u015facak.<\/p>\n<p>&#8220;OFF-ROAD YARI\u015eLARI, SOSYAL VE SPORT\u0130F ETK\u0130NL\u0130KLER, KONSERLER VE A\u00c7IK HAVA S\u0130NEMASI&#8221;<\/p>\n<p>Do\u011fan\u0131n g\u00fczelliklerini ke\u015ffetmek, arazi ara\u00e7lar\u0131n\u0131n h\u0131z\u0131n\u0131 hissetmek ve e\u011flenceli anlar biriktirmek isteyen vatanda\u015flar, Kayrakke\u015fli Mahallesi&#8217;nde bulunan Mersin Garip Camping alan\u0131nda 3 g\u00fcn boyunca hem kamp yapacak hem de yar\u0131\u015flara ve etkinliklere kat\u0131lacak.<\/p>\n<p>13 Ekim Cuma g\u00fcn\u00fc saat 08.00&#8217;da ba\u015flayacak olan kamp; Konser, Dj, \u00c7ocuklara \u00f6zel etkinlikler (\u00d6d\u00fcll\u00fc), Yeti\u015fkinler \u0130\u00e7in Etkinlikler (\u00d6d\u00fcll\u00fc), Voleybol, A\u00e7\u0131k Hava Sinemas\u0131, Trekking, Yoga, Ate\u015f Ba\u015f\u0131 Sohbet etkinlikleriyle ta\u00e7lanacak. Kamp, 15 Ekim Pazar g\u00fcn\u00fc sona erecek.<\/p>\n<p>Tam donan\u0131ml\u0131 arazi ara\u00e7lar\u0131n\u0131n yer alaca\u011f\u0131 Off -Road Yar\u0131\u015flar\u0131 ise 15 Ekim Pazar g\u00fcn\u00fc saat 10.00&#8217;da yap\u0131lacak. Yar\u0131\u015flar\u0131n ard\u0131ndan \u00f6d\u00fcl t\u00f6reni d\u00fczenlenecek.<\/p>\n<p>BA\u015eKAN YILMAZ; &#8220;T\u00dcM HALKIMIZ DAVETL\u0130D\u0130R&#8221;<\/p>\n<p>Toroslar Belediye Ba\u015fkan\u0131 Ats\u0131z Af\u015f\u0131n Y\u0131lmaz, 13 Ekim Cuma, 14 Ekim Cumartesi ve 15 Ekim Pazar g\u00fcn\u00fc Kayrakke\u015fli Mahallesi&#8217;nde d\u00fczenleyecekleri Off-Road ve Kamp Festivali&#8217;ne t\u00fcm hem\u015fehrilerini davet etti.<\/p>\n<p>Sporun merkezi Toroslar&#8217;da Off-Road bran\u015f\u0131nda da bir ilki ger\u00e7ekle\u015ftireceklerini belirten Ba\u015fkan Y\u0131lmaz; &#8220;Motosiklet ve modifiye ara\u00e7 tutkunlar\u0131n\u0131 bir araya getirdi\u011fimiz T\u00fcrkiye S\u00fcper Enduro \u015eampiyonas\u0131 ve Toroslar Otofest etkinli\u011fimizin ard\u0131ndan Toroslar\u0131m\u0131zda yine bir ilki ger\u00e7ekle\u015ftiriyoruz. 13-14-15 Ekim 2023 tarihlerinde Mersin&#8217;de Off-Road heyecan\u0131 ya\u015fanacak. \u00c7evre il ve il\u00e7elerden gelen misafirlerimizi, Kayrakke\u015fli Mahallemizde Off-Road ve Kamp Festivalimizde a\u011f\u0131rlayaca\u011f\u0131z. Bu sporun g\u00fcvenli ve kontroll\u00fc alanlarda yap\u0131lmas\u0131 \u00f6nemli. Bu noktada kamp alan\u0131nda g\u00fcvenli bir parkur olu\u015fturduk. Bu festival, vatanda\u015flar\u0131m\u0131z\u0131 sosyal ve sportif etkinliklerle bulu\u015fturmam\u0131z\u0131n yan\u0131 s\u0131ra dostluklar\u0131n, karde\u015fliklerin de kurulmas\u0131na vesile olacak bir organizasyondur. Cumhuriyetimizin 100. y\u0131l d\u00f6n\u00fcm\u00fc olan 29 Ekim 2023&#8217;e say\u0131l\u0131 g\u00fcnler kald\u0131. Bizler bu b\u00fcy\u00fck co\u015fkuyu ve gururu hep birlikte ya\u015famak istiyoruz. T\u00fcm hem\u015fehrilerimizi festivalimize bekliyoruz&#8221; \u015feklinde konu\u015ftu.<\/p>\n","protected":false},"excerpt":{"rendered":"<p>Toroslar Belediyesi, Mersin&#8217;de b\u00fcy\u00fck bir organizasyona daha imza atacak. Belediye, bu hafta sonu 13-14-15 Ekim tarihlerinde Kayrakke\u015fli Mahallesi&#8217;nde adrenalin ve heyecan\u0131n y\u00fcksek oldu\u011fu Off-Road ve Kamp Festivali ger\u00e7ekle\u015ftirecek. Festival, Mersin &hellip; <a href=\"https:\/\/akdenizolaygazetesi.com\/?p=28079\" class=\"more-link\">Devam\u0131n\u0131 Oku&#8230;<\/a><\/p>\n","protected":false},"author":2,"featured_media":28080,"comment_status":"open","ping_status":"open","sticky":false,"template":"","format":"standard","meta":[],"categories":[1,2,3],"tags":[],"_links":{"self":[{"href":"https:\/\/akdenizolaygazetesi.com\/index.php?rest_route=\/wp\/v2\/posts\/28079"}],"collection":[{"href":"https:\/\/akdenizolaygazetesi.com\/index.php?rest_route=\/wp\/v2\/posts"}],"about":[{"href":"https:\/\/akdenizolaygazetesi.com\/index.php?rest_route=\/wp\/v2\/types\/post"}],"author":[{"embeddable":true,"href":"https:\/\/akdenizolaygazetesi.com\/index.php?rest_route=\/wp\/v2\/users\/2"}],"replies":[{"embeddable":true,"href":"https:\/\/akdenizolaygazetesi.com\/index.php?rest_route=%2Fwp%2Fv2%2Fcomments&post=28079"}],"version-history":[{"count":1,"href":"https:\/\/akdenizolaygazetesi.com\/index.php?rest_route=\/wp\/v2\/posts\/28079\/revisions"}],"predecessor-version":[{"id":28081,"href":"https:\/\/akdenizolaygazetesi.com\/index.php?rest_route=\/wp\/v2\/posts\/28079\/revisions\/28081"}],"wp:featuredmedia":[{"embeddable":true,"href":"https:\/\/akdenizolaygazetesi.com\/index.php?rest_route=\/wp\/v2\/media\/28080"}],"wp:attachment":[{"href":"https:\/\/akdenizolaygazetesi.com\/index.php?rest_route=%2Fwp%2Fv2%2Fmedia&parent=28079"}],"wp:term":[{"taxonomy":"category","embeddable":true,"href":"https:\/\/akdenizolaygazetesi.com\/index.php?rest_route=%2Fwp%2Fv2%2Fcategories&post=28079"},{"taxonomy":"post_tag","embeddable":true,"href":"https:\/\/akdenizolaygazetesi.com\/index.php?rest_route=%2Fwp%2Fv2%2Ftags&post=28079"}],"curies":[{"name":"wp","href":"https:\/\/api.w.org\/{rel}","templated":true}]}}