{"id":28230,"date":"2023-10-20T13:31:19","date_gmt":"2023-10-20T10:31:19","guid":{"rendered":"http:\/\/akdenizolaygazetesi.com\/?p=28230"},"modified":"2023-10-20T13:31:19","modified_gmt":"2023-10-20T10:31:19","slug":"spora-ve-sporcuya-yonelik-calismalarimiz-devam-edecek","status":"publish","type":"post","link":"https:\/\/akdenizolaygazetesi.com\/?p=28230","title":{"rendered":"&#8220;SPORA VE SPORCUYA Y\u00d6NEL\u0130K \u00c7ALI\u015eMALARIMIZ DEVAM EDECEK&#8221;"},"content":{"rendered":"<p>Mersin B\u00fcy\u00fck\u015fehir Belediye Ba\u015fkan\u0131 Vahap Se\u00e7er, Sports TV&#8217;de Gazeteci Yeliz Karakaya&#8217;n\u0131n haz\u0131rlay\u0131p sundu\u011fu &#8216;Running&#8217; program\u0131na konuk oldu. Programda konu\u015fan Ba\u015fkan Vahap Se\u00e7er, B\u00fcy\u00fck\u015fehir Belediyesi Gen\u00e7lik ve Spor Hizmetleri Dairesi Ba\u015fkanl\u0131\u011f\u0131 koordinesinde 22 Ekim Pazar g\u00fcn\u00fc ger\u00e7ekle\u015fecek olan &#8217;15. Uluslararas\u0131 Tarsus Yar\u0131 Maratonu&#8217;na t\u00fcm sporcu ve vatanda\u015flar\u0131 davet ederek, B\u00fcy\u00fck\u015fehir olarak hayata ge\u00e7irdikleri sportif faaliyetler hakk\u0131nda bilgilendirmelerde bulundu.<\/p>\n<p>&#8220;Amac\u0131m\u0131z; medeniyetlerin be\u015fi\u011fi Tarsus&#8217;ta o ambiyans\u0131 ya\u015fatmak&#8221;<\/p>\n<p>D\u00fcnyan\u0131n en kadim kentlerinden birisi olan Tarsus&#8217;un, muazzam bir tarihi ve k\u00fclt\u00fcrel birikime de sahip oldu\u011funu vurgulayan Se\u00e7er, &#8220;Amac\u0131m\u0131z; tarih ve k\u00fclt\u00fcr kokan medeniyetlerin be\u015fi\u011fi Tarsus&#8217;ta o ambiyans\u0131 ya\u015fatmak, sporculara, Halk Ko\u015fusu&#8217;na kat\u0131lan halk\u0131m\u0131za ve oraya yar\u0131\u015fmalar\u0131 izlemeye gelen yurtta\u015flar\u0131m\u0131za o havay\u0131 teneff\u00fcs ettirmek&#8221; dedi. Bu y\u0131l 15.&#8217;si ger\u00e7ekle\u015ftirilecek yar\u0131 maratona ge\u00e7ti\u011fimiz y\u0131l 3 binin \u00fczerinde insan\u0131n kat\u0131ld\u0131\u011f\u0131n\u0131 hat\u0131rlatan Se\u00e7er, yar\u0131 maratonu her y\u0131l geleneksel olarak ger\u00e7ekle\u015ftirdiklerini ancak bu y\u0131l Cumhuriyet&#8217;in 100. y\u0131l\u0131 olmas\u0131 dolay\u0131s\u0131yla \u00f6zel bir anlam\u0131 oldu\u011funu ifade etti. Bu y\u0131l yar\u0131 maratona toplam 463 sporcunun kay\u0131t yapt\u0131rd\u0131\u011f\u0131n\u0131 s\u00f6yleyen Se\u00e7er, &#8220;Cumhuriyet&#8217;in 100. kurulu\u015f y\u0131l\u0131 bizim i\u00e7in \u00f6nemli bir y\u0131l. Geleneksel spor m\u00fcsabakalar\u0131 ya da faaliyetlerinin d\u0131\u015f\u0131nda k\u00fclt\u00fcrel, sanatsal faaliyetler de yap\u0131l\u0131yor. Bir de bu y\u0131la \u00f6zg\u00fc baz\u0131 etkinlikler var. Bu y\u0131l i\u00e7erisinde \u00e7ok say\u0131da etkinlik, festival, k\u00fclt\u00fcrel, sanatsal ve sportif faaliyetler de yap\u0131l\u0131yor&#8221; diye konu\u015ftu.<\/p>\n<p>&#8220;Yurt i\u00e7inden ve yurtd\u0131\u015f\u0131ndan b\u00fct\u00fcn vatanda\u015flar\u0131m\u0131z\u0131 bu g\u00fczel etkinli\u011fe davet ediyoruz&#8221;<\/p>\n<p>Tarihi kent Tarsus&#8217;ta yar\u0131 maraton keyfi ya\u015famak isteyen herkese \u00e7a\u011fr\u0131 yapan Se\u00e7er, &#8220;Yurt i\u00e7inden ve yurtd\u0131\u015f\u0131ndan b\u00fct\u00fcn vatanda\u015flar\u0131m\u0131z\u0131 ve halk\u0131m\u0131z\u0131 bu g\u00fczel etkinli\u011fe davet etmek istiyoruz. Halk Ko\u015fusu&#8217;na i\u015ftirak etsinler ve binlerce insan kat\u0131ls\u0131n. Bu g\u00fczel havay\u0131 teneff\u00fcs etsinler. \u00c7ocuklar\u0131yla ve aileleriyle beraber gelsinler. Bu tip etkinlikler sadece bir m\u00fcsabaka ya da yar\u0131\u015fmadan ibaret de\u011fil. Temel gayesi insanlar\u0131 bir araya getirmek. B\u00f6yle bir co\u011frafyada insanlar\u0131n rengine, etnik yap\u0131s\u0131na, kimli\u011fine tak\u0131lmadan, huzur i\u00e7erisinde, ho\u015f\u00e7a zaman ge\u00e7irebilece\u011fi, sportif faaliyette bulunabilece\u011fi ve izleyebilece\u011fi bir ortam yaratmak amac\u0131yla yap\u0131l\u0131yor&#8221; ifadelerini kulland\u0131.<\/p>\n<p>Mersin&#8217;de y\u0131l i\u00e7erisinde ger\u00e7ekle\u015ftirilen ve ger\u00e7ekle\u015ftirilecek olan etkinliklerden bahseden Se\u00e7er, &#8220;Haziran ay\u0131nda Kilikya Ultra Maratonu&#8217;nun ikincisini yapt\u0131k. Tarih kokan bir g\u00fczerg\u00e2h belirlendi. Bir\u00e7ok tarihi yerlerden, \u00f6ren yerlerinden, d\u00fcnyaca me\u015fhur ve tarihi yap\u0131lar\u0131n, mekanlar\u0131n oldu\u011fu bir g\u00fczergahta yar\u0131\u015fma yap\u0131ld\u0131. Haziran ay\u0131nda bir Bal\u0131k Festivalimiz vard\u0131. Bizim b\u00f6lgemize has bir \u00e7al\u0131\u015fmayd\u0131 bu da. Temmuz ay\u0131nda da futbol \u015fenliklerimiz oldu&#8221; dedi.<\/p>\n<p>Se\u00e7er, Cumhuriyet&#8217;in 100. y\u0131l\u0131 kapsam\u0131nda ger\u00e7ekle\u015ftirdikleri etkinlikleri anlatt\u0131<\/p>\n<p>Aral\u0131k ay\u0131nda Uluslararas\u0131 Mersin Maratonu&#8217;nun be\u015fincisini ger\u00e7ekle\u015ftireceklerini vurgulayan Se\u00e7er, &#8220;Buradan da bu vesileyle duyurusunu yapal\u0131m. O tarihe kadar insanlar\u0131n program\u0131n\u0131 yaparken 10 Aral\u0131k tarihine ayr\u0131 bir yer a\u00e7malar\u0131n\u0131, uygun olan, maraton ko\u015fmak isteyen ya da en az\u0131ndan bu etkinliklerde bulunup, bu yar\u0131\u015fmalar\u0131 izlemek isteyenlere buradan da duyurmak istiyorum. Yine Eyl\u00fcl ay\u0131nda Cumhuriyet&#8217;in 100. y\u0131l\u0131 kapsam\u0131nda Uluslararas\u0131 Bri\u00e7 Festivali etkinli\u011fimiz oldu. Ekim ba\u015f\u0131nda Eyl\u00fcl sonunda Pro Beach Tour Mersin Etab\u0131 oldu. \u00c7ok g\u00fczel bir plaj voleybol ma\u00e7lar\u0131n\u0131 izledi\u011fimiz bir turnuvayd\u0131. 7 \u00fclkeden 52 sporcu ve 26 tak\u0131m kat\u0131ld\u0131. Hem b\u00f6lge halk\u0131 hem \u015fehrin d\u0131\u015f\u0131ndan b\u00f6lgemize gelenler \u00e7ok g\u00fczel anlar ya\u015fad\u0131lar. Kas\u0131m ay\u0131nda bir de Uluslararas\u0131 Satran\u00e7 Turnuvam\u0131z olacak&#8221; ifadelerini kulland\u0131. Ger\u00e7ekle\u015ftirildikleri ve ger\u00e7ekle\u015ftirecekleri etkinliklerle kente sportif, k\u00fclt\u00fcrel ve sanatsal a\u00e7\u0131dan renk katmak istediklerinin alt\u0131n\u0131 \u00e7izen Se\u00e7er, bu t\u00fcr etkinliklerin gelecek y\u0131llarda daha da zenginle\u015ferek devam edece\u011fini aktard\u0131.<\/p>\n<p>&#8220;Mersin sportif faaliyetler i\u00e7in uygun bir yer&#8221;<\/p>\n<p>Mersin&#8217;in sportif faaliyetler i\u00e7in olduk\u00e7a uygun bir yer oldu\u011funa dikkat \u00e7eken Se\u00e7er, &#8220;Co\u011frafya, iklim ve lokasyon olarak uygunsunuz. B\u00f6lgemize ula\u015f\u0131m kolay, iklim yumu\u015fak. Burada hayat hem ekonomik a\u00e7\u0131dan hem de fiili ya\u015fam a\u00e7\u0131s\u0131ndan di\u011fer metropollere g\u00f6re zor de\u011fil. Spor tesisleri olarak da fena tesislere sahip de\u011filiz. Mersin sahil kenti ama Toros da\u011flar\u0131n\u0131n eteklerine kurulmu\u015f bir kent h\u00fcviyetinde. Da\u011f sporlar\u0131na da deniz sporlar\u0131na da di\u011fer spor disiplinlerine de uygunlu\u011funa bakarsan\u0131z muazzam bir kent. Belki yeterince buraya bu konuda genel makro bir politika uygulayarak \u00e7al\u0131\u015f\u0131lmam\u0131\u015f olabilir ama d\u00f6nemsel olarak da buraya yap\u0131lan yat\u0131r\u0131m, kentin sportif de\u011ferine katk\u0131 sundu ya da bu etkinlikleri yapabilecek manevra kabiliyeti y\u00fcksek bir kent haline getirdi&#8221; diye konu\u015ftu. 2013 y\u0131l\u0131nda yap\u0131lan Akdeniz Oyunlar\u0131&#8217;n\u0131n kente \u00f6nemli tesisler kazand\u0131rd\u0131\u011f\u0131n\u0131 hat\u0131rlatan Se\u00e7er, bu t\u00fcr organizasyonlar\u0131n kent kazan\u0131m\u0131 i\u00e7in son derece \u00f6nemli oldu\u011funa i\u015faret etti.<\/p>\n<p>&#8220;Spora ve sporcuya y\u00f6nelik \u00e7al\u0131\u015fmalar\u0131m\u0131z devam edecek&#8221;<\/p>\n<p>Se\u00e7er, &#8221; &#8216;Burada sportif kamp turizmine uygun bir yap\u0131 var m\u0131?&#8217; derseniz bunu &#8216;Evet&#8217; diye olumlu cevaplamak m\u00fcmk\u00fcn de\u011fil. Bir Antalya de\u011filiz. Antalya turizm b\u00f6lgesi. Bundan k\u0131rk y\u0131l \u00f6nce planlanm\u0131\u015f ve bug\u00fcnlere gelmi\u015f \u00e7ok muazzam geni\u015f tesisleri olan, \u00f6zellikle futbol tak\u0131mlar\u0131n\u0131n kamp yapabilece\u011fi alanlar oldu\u011fu bir kent. Mersin&#8217;de bu imk\u00e2nlar yok ama salonda yap\u0131lan sporlara uygunlu\u011fu olan tesislerde de iyi d\u00fczeydeyiz diyebilirim. Dolay\u0131s\u0131yla bu anlamda spor, turizm a\u00e7\u0131s\u0131ndan da \u00f6nemli imk\u00e2nlar sunabilir&#8221; diye konu\u015ftu. Yerel y\u00f6netimlerin bu konuda \u00f6nemli \u00e7al\u0131\u015fmalar\u0131 oldu\u011funa dikkat \u00e7eken Se\u00e7er, Mersin B\u00fcy\u00fck\u015fehir&#8217;in son derecede g\u00fczel ve modern tesisleri oldu\u011funu aktard\u0131. \u0130lk g\u00f6rev s\u00fcrelerinde oldu\u011fu gibi ikinci 5 y\u0131ll\u0131k g\u00f6rev s\u00fcrelerinde de spora ve sporcuya y\u00f6nelik \u00e7al\u0131\u015fmalar\u0131n devam edece\u011fini vurgulayan Se\u00e7er, ikinci 5 y\u0131ll\u0131k g\u00f6rev s\u00fcreklerinde de Mersin&#8217;in spor kenti olma h\u00fcviyetine \u00f6nemli katk\u0131lar yapacaklar\u0131n\u0131 kaydetti.<\/p>\n","protected":false},"excerpt":{"rendered":"<p>Mersin B\u00fcy\u00fck\u015fehir Belediye Ba\u015fkan\u0131 Vahap Se\u00e7er, Sports TV&#8217;de Gazeteci Yeliz Karakaya&#8217;n\u0131n haz\u0131rlay\u0131p sundu\u011fu &#8216;Running&#8217; program\u0131na konuk oldu. Programda konu\u015fan Ba\u015fkan Vahap Se\u00e7er, B\u00fcy\u00fck\u015fehir Belediyesi Gen\u00e7lik ve Spor Hizmetleri Dairesi Ba\u015fkanl\u0131\u011f\u0131 &hellip; <a href=\"https:\/\/akdenizolaygazetesi.com\/?p=28230\" class=\"more-link\">Devam\u0131n\u0131 Oku&#8230;<\/a><\/p>\n","protected":false},"author":2,"featured_media":28231,"comment_status":"open","ping_status":"open","sticky":false,"template":"","format":"standard","meta":[],"categories":[7,3,10],"tags":[],"_links":{"self":[{"href":"https:\/\/akdenizolaygazetesi.com\/index.php?rest_route=\/wp\/v2\/posts\/28230"}],"collection":[{"href":"https:\/\/akdenizolaygazetesi.com\/index.php?rest_route=\/wp\/v2\/posts"}],"about":[{"href":"https:\/\/akdenizolaygazetesi.com\/index.php?rest_route=\/wp\/v2\/types\/post"}],"author":[{"embeddable":true,"href":"https:\/\/akdenizolaygazetesi.com\/index.php?rest_route=\/wp\/v2\/users\/2"}],"replies":[{"embeddable":true,"href":"https:\/\/akdenizolaygazetesi.com\/index.php?rest_route=%2Fwp%2Fv2%2Fcomments&post=28230"}],"version-history":[{"count":1,"href":"https:\/\/akdenizolaygazetesi.com\/index.php?rest_route=\/wp\/v2\/posts\/28230\/revisions"}],"predecessor-version":[{"id":28232,"href":"https:\/\/akdenizolaygazetesi.com\/index.php?rest_route=\/wp\/v2\/posts\/28230\/revisions\/28232"}],"wp:featuredmedia":[{"embeddable":true,"href":"https:\/\/akdenizolaygazetesi.com\/index.php?rest_route=\/wp\/v2\/media\/28231"}],"wp:attachment":[{"href":"https:\/\/akdenizolaygazetesi.com\/index.php?rest_route=%2Fwp%2Fv2%2Fmedia&parent=28230"}],"wp:term":[{"taxonomy":"category","embeddable":true,"href":"https:\/\/akdenizolaygazetesi.com\/index.php?rest_route=%2Fwp%2Fv2%2Fcategories&post=28230"},{"taxonomy":"post_tag","embeddable":true,"href":"https:\/\/akdenizolaygazetesi.com\/index.php?rest_route=%2Fwp%2Fv2%2Ftags&post=28230"}],"curies":[{"name":"wp","href":"https:\/\/api.w.org\/{rel}","templated":true}]}}