{"id":28233,"date":"2023-10-20T16:48:35","date_gmt":"2023-10-20T13:48:35","guid":{"rendered":"http:\/\/akdenizolaygazetesi.com\/?p=28233"},"modified":"2023-10-20T16:48:35","modified_gmt":"2023-10-20T13:48:35","slug":"virane-haldeki-tirmil-tepesi-spor-ve-egitim-merkezine-donusuyor","status":"publish","type":"post","link":"https:\/\/akdenizolaygazetesi.com\/?p=28233","title":{"rendered":"V\u0130RANE HALDEK\u0130 TIRMIL TEPES\u0130 SPOR VE E\u011e\u0130T\u0130M MERKEZ\u0130NE D\u00d6N\u00dc\u015e\u00dcYOR"},"content":{"rendered":"<p>Akdeniz il\u00e7esi \u00d6zg\u00fcrl\u00fck Mahallesinde bulunan, bir d\u00f6nem hayvan pazar\u0131n\u0131n bulundu\u011fu ve \u00e7e\u015fitli eylemlerin ger\u00e7ekle\u015fti\u011fi \u2018T\u0131rm\u0131l Tepesi\u2019 \u015fimdi  &#8216;Gen\u00e7lik Merkezine\u2019 d\u00f6n\u00fc\u015f\u00fcyor. Akdeniz Belediyesi taraf\u0131ndan Gen\u00e7lik ve Spor Bakanl\u0131\u011f\u0131 ile Milli E\u011fitim Bakanl\u0131\u011f\u0131na tahsis edilen alana kazand\u0131r\u0131lacak &#8216;Gen\u00e7lik Merkezi\u2019 in\u015faat\u0131 \u00e7al\u0131\u015fmalar\u0131 devam ediyor.<\/p>\n<p>Akdeniz Belediye Ba\u015fkan\u0131 M. Mustafa G\u00fcltak, belediye teknik personeli ve y\u00fcklenici firma yetkilileri ile birlikte, \u00d6zg\u00fcrl\u00fck Mahallesi T\u0131rm\u0131l Tepesi b\u00f6lgesine kazand\u0131r\u0131lacak olan modern \u2019Gen\u00e7lik ve Spor Merkezi\u2019 projesinin devam eden in\u015fa \u00e7al\u0131\u015fmalar\u0131n\u0131 yerinde inceledi. Burada firma yetkililerinden bilgi alan G\u00fcltak, bu b\u00f6lgenin daha \u00f6nce lastiklerin yak\u0131ld\u0131\u011f\u0131, de\u011fi\u015fik farkl\u0131 ve illegal eylemlerin ger\u00e7ekle\u015ftirildi\u011fi bir meydan olarak an\u0131ld\u0131\u011f\u0131n\u0131 belirtti.<\/p>\n<p>\u201cBURASI LAST\u0130KLER\u0130N YAKILDI\u011eI, \u0130LLEGAL EYLEMLER\u0130N YAPILDI\u011eI B\u0130R MEYDANDI\u201d<\/p>\n<p>B\u00f6lgenin \u00f6ncesinde virane halde oldu\u011funu aktaran G\u00fcltak, \u201c\u015eehrin i\u00e7ine giriyordunuz, bir anda bir hayvan pazar\u0131yla ve hijyenik olmayan bir hayvan pazar\u0131 ile kar\u015f\u0131la\u015f\u0131yordunuz. Buras\u0131 lastiklerin yak\u0131ld\u0131\u011f\u0131, illegal eylemlerin yap\u0131ld\u0131\u011f\u0131 bir meydand\u0131. Bug\u00fcn ise burada Gen\u00e7lik ve Spor Bakanl\u0131\u011f\u0131m\u0131z\u0131n te\u015fvikleri ve Spor Toto Te\u015fkilat\u0131m\u0131z\u0131n destekleriyle t\u0131rm\u0131l tepesinde 1 gen\u00e7lik merkezi, 1 kapal\u0131 spor salonu, bin ki\u015filik kapasitesi olan bir futbol sahas\u0131 ve 1 tane de Milli E\u011fitim Bakanl\u0131\u011f\u0131m\u0131za tahsis edilerek, ortaokul yap\u0131lacak bir araziden bahsediyoruz. Yani burada 35 d\u00f6n\u00fcm arazimiz vard\u0131, bunlar\u0131n bir k\u0131sm\u0131n\u0131 Gen\u00e7lik ve Spor Bakanl\u0131\u011f\u0131na bir k\u0131sm\u0131n\u0131 Milli E\u011fitim Bakanl\u0131\u011f\u0131na tahsislerini yap\u0131p, bu projelerin de hayata ge\u00e7mesini sa\u011flad\u0131k&#8221; dedi.<\/p>\n<p>\u201c\u00d6ZG\u00dcRL\u00dcK MALLES\u0130NE YAKI\u015eIR B\u0130R KOMPLEKS\u0130 YAKIN B\u0130R TAR\u0130HTE A\u00c7ACA\u011eIZ\u201d<\/p>\n<p>\u0130n\u015faat \u00e7al\u0131\u015fmas\u0131n\u0131n h\u0131zla ilerledi\u011fini vurgulayan G\u00fcltak, &#8220;\u0130n\u015fallah 2-3 ay sonra burada 1 gen\u00e7lik merkezi ve 1 kapal\u0131 spor salonuna ula\u015fm\u0131\u015f olaca\u011f\u0131z. B\u00f6lgedeki ortaokul ihtiyac\u0131 da giderilmi\u015f olacak. Ba\u015fta Gen\u00e7lik ve Spor Bakan\u0131m\u0131z olmak \u00fczere bu destekleri bize veren, bu hayal gibi g\u00f6z\u00fcken projeleri hayata ge\u00e7irmemizi sa\u011flayan Cumhurba\u015fkan\u0131m\u0131z Recep Tayyip Erdo\u011fan\u2019a da ayr\u0131ca te\u015fekk\u00fcr etmek istiyorum. Ger\u00e7ekten 5 y\u0131l \u00f6nce pislik i\u00e7inde olan, molozlar\u0131n d\u00f6k\u00fcld\u00fc\u011f\u00fc, ge\u00e7ildi\u011finde g\u00f6r\u00fcnt\u00fclerin \u00e7ok k\u00f6t\u00fc oldu\u011fu bir alan\u0131n bir anda modern bir alana d\u00f6n\u00fc\u015ft\u00fcrmenin de gururunu ya\u015f\u0131yoruz. \u00d6zg\u00fcrl\u00fck Mahallesine ve di\u011fer mahallelere asl\u0131nda \u015fehrin ortas\u0131nda oldu\u011fu i\u00e7in yak\u0131\u015f\u0131r bir kompleksi yak\u0131n bir tarihte a\u00e7aca\u011f\u0131z&#8221; \u015feklinde konu\u015ftu.<\/p>\n","protected":false},"excerpt":{"rendered":"<p>Akdeniz il\u00e7esi \u00d6zg\u00fcrl\u00fck Mahallesinde bulunan, bir d\u00f6nem hayvan pazar\u0131n\u0131n bulundu\u011fu ve \u00e7e\u015fitli eylemlerin ger\u00e7ekle\u015fti\u011fi \u2018T\u0131rm\u0131l Tepesi\u2019 \u015fimdi &#8216;Gen\u00e7lik Merkezine\u2019 d\u00f6n\u00fc\u015f\u00fcyor. Akdeniz Belediyesi taraf\u0131ndan Gen\u00e7lik ve Spor Bakanl\u0131\u011f\u0131 ile Milli E\u011fitim &hellip; <a href=\"https:\/\/akdenizolaygazetesi.com\/?p=28233\" class=\"more-link\">Devam\u0131n\u0131 Oku&#8230;<\/a><\/p>\n","protected":false},"author":2,"featured_media":28234,"comment_status":"open","ping_status":"open","sticky":false,"template":"","format":"standard","meta":[],"categories":[3,10],"tags":[],"_links":{"self":[{"href":"https:\/\/akdenizolaygazetesi.com\/index.php?rest_route=\/wp\/v2\/posts\/28233"}],"collection":[{"href":"https:\/\/akdenizolaygazetesi.com\/index.php?rest_route=\/wp\/v2\/posts"}],"about":[{"href":"https:\/\/akdenizolaygazetesi.com\/index.php?rest_route=\/wp\/v2\/types\/post"}],"author":[{"embeddable":true,"href":"https:\/\/akdenizolaygazetesi.com\/index.php?rest_route=\/wp\/v2\/users\/2"}],"replies":[{"embeddable":true,"href":"https:\/\/akdenizolaygazetesi.com\/index.php?rest_route=%2Fwp%2Fv2%2Fcomments&post=28233"}],"version-history":[{"count":1,"href":"https:\/\/akdenizolaygazetesi.com\/index.php?rest_route=\/wp\/v2\/posts\/28233\/revisions"}],"predecessor-version":[{"id":28235,"href":"https:\/\/akdenizolaygazetesi.com\/index.php?rest_route=\/wp\/v2\/posts\/28233\/revisions\/28235"}],"wp:featuredmedia":[{"embeddable":true,"href":"https:\/\/akdenizolaygazetesi.com\/index.php?rest_route=\/wp\/v2\/media\/28234"}],"wp:attachment":[{"href":"https:\/\/akdenizolaygazetesi.com\/index.php?rest_route=%2Fwp%2Fv2%2Fmedia&parent=28233"}],"wp:term":[{"taxonomy":"category","embeddable":true,"href":"https:\/\/akdenizolaygazetesi.com\/index.php?rest_route=%2Fwp%2Fv2%2Fcategories&post=28233"},{"taxonomy":"post_tag","embeddable":true,"href":"https:\/\/akdenizolaygazetesi.com\/index.php?rest_route=%2Fwp%2Fv2%2Ftags&post=28233"}],"curies":[{"name":"wp","href":"https:\/\/api.w.org\/{rel}","templated":true}]}}