{"id":28236,"date":"2023-10-20T16:50:14","date_gmt":"2023-10-20T13:50:14","guid":{"rendered":"http:\/\/akdenizolaygazetesi.com\/?p=28236"},"modified":"2023-10-20T16:50:14","modified_gmt":"2023-10-20T13:50:14","slug":"avrupa-triatlonunun-kalbi-mersin-yenisehirde-atacak","status":"publish","type":"post","link":"https:\/\/akdenizolaygazetesi.com\/?p=28236","title":{"rendered":"Avrupa triatlonunun kalbi Mersin Yeni\u015fehir\u2019de atacak"},"content":{"rendered":"<p>Mersin Yeni\u015fehir Belediyesi ev sahipli\u011finde hafta sonu d\u00fczenlenecek olan Yeni\u015fehir Avrupa Triatlon Kupas\u0131, Yeni\u015fehir Avrupa Triatlon Gen\u00e7ler Kupas\u0131 ve ulusal yar\u0131\u015flarla triatlon sporunun kalbi Mersin\u2019de atacak.  Avrupa Triatlon Kupas\u0131\u2019na ikinci kez ev sahipli\u011fi yapt\u0131klar\u0131n\u0131 ifade eden Ba\u015fkan Abdullah \u00d6zyi\u011fit, t\u00fcm Mersinlileri yar\u0131\u015flar\u0131 izlemeye davet etti.<br \/>\nMersin Yeni\u015fehir Belediyesi, T\u00fcrkiye Triatlon Federasyonu ve Avrupa Triatlon Birli\u011fi  i\u015f birli\u011fiyle d\u00fczenlenecek Yeni\u015fehir Avrupa Triatlon Kupas\u0131\u2019nda Cumartesi ve Pazar g\u00fcn\u00fc Avrupa ve T\u00fcrkiye\u2019nin en iyi triatletleri, Yeni\u015fehir sahil \u015feridi ve Adnan Menderes Bulvar\u0131\u2019nda m\u00fccadele edecek.<br \/>\nYeni\u015fehir Avrupa Triatlon Kupas\u0131\u2019n\u0131n bas\u0131n lansman\u0131 Yeni\u015fehir Belediyesi Atat\u00fcrk K\u00fclt\u00fcr Merkezi\u2019nde yap\u0131ld\u0131. Lansman toplant\u0131s\u0131na Yeni\u015fehir Belediye Ba\u015fkan\u0131 Abdullah \u00d6zyi\u011fit\u2019in yan\u0131 s\u0131ra Mersin Vali Yard\u0131mc\u0131s\u0131 \u0130brahim K\u00fc\u00e7\u00fck, T\u00fcrkiye Triatlon Federasyonu Ba\u015fkan\u0131 \u0130brahim Yal\u00e7\u0131nkaya, Avrupa Triatlon Birli\u011fi Y\u00f6netim Kurulu \u00dcyesi Pascal Salamin, CHP Yeni\u015fehir \u0130l\u00e7e Ba\u015fkan\u0131 Toprak \u00c7al\u0131\u015fkan, Mersin Gen\u00e7lik ve Spor \u0130l M\u00fcd\u00fcr\u00fc \u00d6kke\u015f Demir, sivil toplum kurulu\u015flar\u0131n\u0131n ba\u015fkan ve temsilcileri, belediye meclis \u00fcyeleri, milli triatletler ve bas\u0131n mensuplar\u0131 kat\u0131ld\u0131.<br \/>\nBa\u015fkan \u00d6zyi\u011fit, \u201cY\u00fcz\u00fcnc\u00fc y\u0131lda bu organizasyonun Mersin\u2019de, Yeni\u015fehir\u2019de yap\u0131lm\u0131\u015f olmas\u0131 bizim i\u00e7in gurur vesilesi\u201d<br \/>\nToplant\u0131da konu\u015fan Yeni\u015fehir Belediye Ba\u015fkan\u0131 Abdullah \u00d6zyi\u011fit, \u201cYeni\u015fehir gibi g\u00fczide bir kentin b\u00f6yle bir organizasyonda olmas\u0131 gerekiyordu ve biz g\u00f6reve geldi\u011fimiz ilk y\u0131l bu ba\u011flant\u0131y\u0131 kurduk ve Yeni\u015fehir, bug\u00fcn sadece T\u00fcrkiye\u2019nin de\u011fil Avrupa\u2019n\u0131n da en g\u00fczel parkurlar\u0131ndan biri olarak kay\u0131tlara ge\u00e7mi\u015f durumda. Ulu \u00d6nder Mustafa Kemal Atat\u00fcrk\u2019\u00fcn bize emanet etti\u011fi Cumhuriyetin y\u00fcz\u00fcnc\u00fc y\u0131l\u0131nday\u0131z. Y\u00fcz\u00fcnc\u00fc y\u0131lda bu organizasyonun Mersin\u2019de, Yeni\u015fehir\u2019de yap\u0131lm\u0131\u015f olmas\u0131 bizim i\u00e7in gurur vesilesi.\u201d dedi. \u00d6n\u00fcm\u00fczdeki y\u0131l D\u00fcnya Kupas\u0131\u2019n\u0131 Mersin\u2019e getirmek istediklerini ifade eden Ba\u015fkan Abdullah \u00d6zyi\u011fit, 4 y\u0131l \u00f6nce ilk kez d\u00fczenledikleri triatlon yar\u0131\u015flar\u0131yla art\u0131k Yeni\u015fehir\u2019de triatlon sporunu yapan \u00e7ocuklar\u0131n oldu\u011funu s\u00f6yledi. \u00d6zyi\u011fit, \u201c\u0130nan\u0131yorum ki \u00f6n\u00fcm\u00fczdeki s\u00fcre\u00e7te Mersin\u2019den ve Yeni\u015fehir\u2019den yeti\u015fen atletlerimiz \u00fclkemize madalya kazand\u0131racak seviyeye gelecekler.\u201d diye konu\u015ftu.<br \/>\n\u201cBu yar\u0131\u015flar\u0131n yap\u0131labilmesi i\u00e7in ortaya bir irade konmas\u0131 gerekiyordu.\u201d<br \/>\nMersin Vali Yard\u0131mc\u0131s\u0131 \u0130brahim K\u00fc\u00e7\u00fck ise yapt\u0131\u011f\u0131 a\u00e7\u0131klamada \u015funlar\u0131 s\u00f6yledi: \u201cBu yar\u0131\u015flar\u0131n yap\u0131labilmesi i\u00e7in ortaya bir irade konmas\u0131 gerekiyordu. Bu a\u00e7\u0131dan Say\u0131n Belediye Ba\u015fkan\u0131m\u0131za te\u015fekk\u00fcr ediyorum. \u00c7\u00fcnk\u00fc o iradeyi kendileri ortaya koydular ve s\u00fcreklili\u011fini sa\u011flad\u0131lar. Tabi ki bu yar\u0131\u015flar\u0131n ger\u00e7ekle\u015ftirilebilmesi i\u00e7in iyi bir alt yap\u0131ya ve tesislere sahip olmak gerekiyordu. Yine onu da sa\u011flayan Gen\u00e7lik ve Spor Bakanl\u0131\u011f\u0131m\u0131z\u0131n alt yap\u0131s\u0131, yurtlar\u0131 ve di\u011fer tesisleri, spor alanlar\u0131 son derece geli\u015fmi\u015f ve daha \u00f6nceden kalan, devam eden yap\u0131la\u015fmayla beraber alt yap\u0131y\u0131 sa\u011flad\u0131. T\u00fcm payda\u015flar \u00fczerine d\u00fc\u015fen g\u00f6revi yerine getirdiler. Ve ayn\u0131 zamanda Mersin bu a\u00e7\u0131dan da avantajl\u0131 bir il. \u00c7\u00fcnk\u00fc Mersin g\u00f6rselli\u011fi ve turizmi ile, do\u011fas\u0131yla, havas\u0131yla, iklimiyle buna son derece uygun bir yer. Yeni\u015fehir bunlar\u0131n aras\u0131nda belki en g\u00fczel mekanlardan bir tanesi. Buna en lay\u0131k olanlardand\u0131. Burada ger\u00e7ekle\u015ftirildi\u011fi i\u00e7in ben t\u00fcm payda\u015flara te\u015fekk\u00fcr ediyorum. Eme\u011fi ge\u00e7en herkese te\u015fekk\u00fcr ediyorum.\u201d<br \/>\nY\u00fcz, ko\u015f ve s\u00fcr!<br \/>\nD\u00fcnyan\u0131n en ba\u015far\u0131l\u0131 triatletlerinin m\u00fccadele edece\u011fi yar\u0131\u015flarda,\u00a0T\u00fcrkiye&#8217;nin de aralar\u0131nda bulundu\u011fu 25 \u00fclkeden 280\u00a0sporu kat\u0131lacak. Yar\u0131\u015fmac\u0131lar ilk olarak Fenerbah\u00e7e Meydan\u0131&#8217;ndan denize girip 750 metre y\u00fczecek. Parkuru tamamlayan kat\u0131l\u0131mc\u0131lar, denizden \u00e7\u0131karak de\u011fi\u015fim istasyonunda bisiklete binip, Arkeoloji M\u00fczesi ile Mersin Marina kav\u015fa\u011f\u0131 aras\u0131nda 3 tur halinde 20 kilometre bisiklet s\u00fcrecek. Etab\u0131 bitiren yar\u0131\u015fmac\u0131lar, son olarak 2 tur olacak \u015fekilde 5 kilometre ko\u015facak.<br \/>\nYeni\u015fehir Avrupa Triatlon Gen\u00e7ler Kupas\u0131 yar\u0131\u015flar\u0131 Cumartesi g\u00fcn\u00fc saat 13.30\u2019da, Yeni\u015fehir Avrupa Triatlon Kupas\u0131 yar\u0131\u015flar\u0131 ise Pazar g\u00fcn\u00fc 13.30\u2019da ba\u015flayacak. <\/p>\n","protected":false},"excerpt":{"rendered":"<p>Mersin Yeni\u015fehir Belediyesi ev sahipli\u011finde hafta sonu d\u00fczenlenecek olan Yeni\u015fehir Avrupa Triatlon Kupas\u0131, Yeni\u015fehir Avrupa Triatlon Gen\u00e7ler Kupas\u0131 ve ulusal yar\u0131\u015flarla triatlon sporunun kalbi Mersin\u2019de atacak. Avrupa Triatlon Kupas\u0131\u2019na ikinci &hellip; <a href=\"https:\/\/akdenizolaygazetesi.com\/?p=28236\" class=\"more-link\">Devam\u0131n\u0131 Oku&#8230;<\/a><\/p>\n","protected":false},"author":2,"featured_media":28237,"comment_status":"open","ping_status":"open","sticky":false,"template":"","format":"standard","meta":[],"categories":[3,10],"tags":[],"_links":{"self":[{"href":"https:\/\/akdenizolaygazetesi.com\/index.php?rest_route=\/wp\/v2\/posts\/28236"}],"collection":[{"href":"https:\/\/akdenizolaygazetesi.com\/index.php?rest_route=\/wp\/v2\/posts"}],"about":[{"href":"https:\/\/akdenizolaygazetesi.com\/index.php?rest_route=\/wp\/v2\/types\/post"}],"author":[{"embeddable":true,"href":"https:\/\/akdenizolaygazetesi.com\/index.php?rest_route=\/wp\/v2\/users\/2"}],"replies":[{"embeddable":true,"href":"https:\/\/akdenizolaygazetesi.com\/index.php?rest_route=%2Fwp%2Fv2%2Fcomments&post=28236"}],"version-history":[{"count":1,"href":"https:\/\/akdenizolaygazetesi.com\/index.php?rest_route=\/wp\/v2\/posts\/28236\/revisions"}],"predecessor-version":[{"id":28238,"href":"https:\/\/akdenizolaygazetesi.com\/index.php?rest_route=\/wp\/v2\/posts\/28236\/revisions\/28238"}],"wp:featuredmedia":[{"embeddable":true,"href":"https:\/\/akdenizolaygazetesi.com\/index.php?rest_route=\/wp\/v2\/media\/28237"}],"wp:attachment":[{"href":"https:\/\/akdenizolaygazetesi.com\/index.php?rest_route=%2Fwp%2Fv2%2Fmedia&parent=28236"}],"wp:term":[{"taxonomy":"category","embeddable":true,"href":"https:\/\/akdenizolaygazetesi.com\/index.php?rest_route=%2Fwp%2Fv2%2Fcategories&post=28236"},{"taxonomy":"post_tag","embeddable":true,"href":"https:\/\/akdenizolaygazetesi.com\/index.php?rest_route=%2Fwp%2Fv2%2Ftags&post=28236"}],"curies":[{"name":"wp","href":"https:\/\/api.w.org\/{rel}","templated":true}]}}