{"id":2824,"date":"2020-11-04T18:23:19","date_gmt":"2020-11-04T15:23:19","guid":{"rendered":"http:\/\/mersinekonomipolitikagazetesi.com\/?p=2824"},"modified":"2020-11-04T18:23:19","modified_gmt":"2020-11-04T15:23:19","slug":"yerel-secimlerin-en-iddiali-partisi-ak-parti","status":"publish","type":"post","link":"https:\/\/akdenizolaygazetesi.com\/?p=2824","title":{"rendered":"\u201cYerel se\u00e7imlerin en  iddial\u0131 partisi AK Parti\u201d"},"content":{"rendered":"<p>AK Parti Genel Ba\u015fkanvekili Numan Kurtulmu\u015f, yerel se\u00e7imlerin en iddial\u0131 partisinin AK Parti oldu\u011funu belirterek, &#8220;Her yerde en g\u00fc\u00e7l\u00fc adaylar\u0131 koyup, onlarla yolumuza devam edece\u011fiz. Adaylar\u0131m\u0131zda 5 tane \u00f6nemli nitelik ar\u0131yoruz&#8221; dedi.\u00a0<br \/>\nAK Parti Genel Ba\u015fkanvekili Numan Kurtulmu\u015f, partinin Mersin \u0130l Dan\u0131\u015fma Kurulu Toplant\u0131s\u0131&#8217;na kat\u0131ld\u0131. Mersin B\u00fcy\u00fck\u015fehir Belediyesi Kongre ve Sergi Saray\u0131&#8217;nda ger\u00e7ekle\u015ftirilen toplant\u0131da Kurtulmu\u015f&#8217;a, AK Parti Genel Ba\u015fkan Yard\u0131mc\u0131s\u0131 L\u00fctfi Elvan ile \u0130l Ba\u015fkan\u0131 Cesim Ercik e\u015flik etti. Burada konu\u015fan Kurtulmu\u015f, bug\u00fcn itibariyle Mersin te\u015fkilat\u0131n\u0131n yerel se\u00e7im start\u0131n\u0131 verdiklerini s\u00f6yledi. Bug\u00fcnden itibaren 31 Mart 2019 tarihine kadar herkesin \u00e7al\u0131\u015faca\u011f\u0131n\u0131 kaydeden Kurtulmu\u015f, &#8220;\u0130n\u015fallah bu se\u00e7imde Mersin AK belediyecilikle tan\u0131\u015facakt\u0131r. Herkese \u00e7al\u0131\u015fmalarda ba\u015far\u0131lar diliyorum. G\u00fcn saflar\u0131 s\u0131kla\u015ft\u0131rma, birlik ve beraberlik, b\u00fct\u00fcn aram\u0131zda olan ayr\u0131l\u0131klar\u0131 bir kenar b\u0131rakma, kendimizi, \u00e7evremizi bir tarafa b\u0131rakarak milletimizi, halk\u0131m\u0131z\u0131, \u015fehrimizi \u00f6ne \u00e7\u0131karma vaktidir. Onun i\u00e7in canla ve ba\u015fla \u00e7al\u0131\u015f\u0131p, bu m\u00fccadeleyi s\u00fcrd\u00fcr\u00fcyoruz. D\u00fcnyan\u0131n hi\u00e7bir yerinde b\u00f6yle bir millet yok. D\u00fcnyadaki b\u00fct\u00fcn mazlumlar\u0131n g\u00f6z\u00fc, kula\u011f\u0131 sizin \u00fczerindedir. Bizim i\u00e7in siyaset kuru kuruya yap\u0131lan bir i\u015f de\u011fildir. Bu parti bir siyasi harekettir. Bu parti milletin \u00f6ze d\u00f6n\u00fc\u015f hareketidir. Bu parti yeniden b\u00fcy\u00fck T\u00fcrkiye\u2019nin kurulmas\u0131n\u0131 sa\u011flayacak partidir. AK Parti yerlidir, millidir, reformcudur, kalk\u0131nmac\u0131d\u0131r, halk\u0131na g\u00fcvenen T\u00fcrkiye partisidir ve bir d\u00fcnya partisidir&#8221; diye konu\u015ftu.\u00a0<\/p>\n<p>\u201cHer yerde yolumuza devam edece\u011fiz\u201d<\/p>\n<p>Yerel se\u00e7imlerin en iddial\u0131 partisinin AK Parti oldu\u011funa vurgu yapan Kurtulmu\u015f, &#8220;Allah\u2019\u0131n izniyle her yerde en g\u00fc\u00e7l\u00fc adaylar\u0131 koyup, onlarla yolumuza devam edece\u011fiz. Adaylar\u0131m\u0131zda 5 tane \u00f6nemli nitelik ar\u0131yoruz. Bir m\u00fctevaz\u0131 olmas\u0131. Kibrinin o pis kokusuyla \u00e7evresindeki insanlar\u0131 rahats\u0131z eden insanlar\u0131n bizim aram\u0131zda yeri yoktur, olmayacakt\u0131r. Asl\u0131nda m\u00fctevaz\u0131 olmak iyi bir insan olman\u0131n, iyi bir M\u00fcsl\u00fcman olman\u0131n da \u015fartlar\u0131ndan birisidir. \u0130kinci vas\u0131f adaylar\u0131m\u0131z\u0131n adaletli olmal\u0131d\u0131r. Adalet aleyhimize olsa dahi hakk\u0131n yan\u0131nda durmakt\u0131r. Adalet bir \u015fehrin, bir il\u00e7enin en g\u00fc\u00e7s\u00fcz insan\u0131 geldi\u011fi zaman onun i\u015fini \u00e7\u00f6zmek i\u00e7in \u00e7al\u0131\u015fmakt\u0131r. \u00dc\u00e7\u00fcnc\u00fcs\u00fc ehliyet sahibi olacak. Yani ald\u0131\u011f\u0131 g\u00f6revi yapabilecek bir niteli\u011fe, vasfa sahip olacak. 4\u2019\u00fcnc\u00fcs\u00fc ehliyet sahibi olan arkada\u015f\u0131m\u0131z\u0131 bu becerisini halka yans\u0131tabilecek bir birikime, bir tecr\u00fcbeye sahip olacak. Yani liyakat sahibi olacak. Be\u015fincisi ise sadakat sahibi olacak. 15 Temmuz darbesiyle bu sadakat meselesinin bu millet i\u00e7in ne kadar \u00f6nemli oldu\u011funu bir kere daha g\u00f6rd\u00fck. Adam pilot. O kadar e\u011fitim alm\u0131\u015f, millet ona o kadar masraf etmi\u015f. O ise bombalara u\u00e7a\u011f\u0131na koyuyor, d\u00fc\u011fmeye bas\u0131yor ve halk\u0131n \u00fczerine ate\u015f ediyor. Onlarca insan\u0131 \u015fehit olmas\u0131na vesile olmas\u0131na neden oluyor. Bu adam sadakatli mi? Bu adam kime sadakatli, Pensilvanya\u2019daki \u00f6rg\u00fct liderine sadakatli. \u015eimdi art\u0131k \u015funu \u00e7ok iyi biliyoruz. Sadakatten kast\u0131m\u0131z falancaya veya filancaya sadakat de\u011fil, millete sadakat \u00f6nemlidir. \u015eimdi se\u00e7imlerde bu \u00f6zelliklere sahip adaylar olacak. Ayn\u0131 \u015fekilde meclis \u00fcyelerimizde de ayn\u0131 \u00f6zellikleri arayaca\u011f\u0131z&#8221; ifadelerini kulland\u0131.\u00a0<\/p>\n<p>&#8220;Se\u00e7imlere kadar geceli ve g\u00fcnd\u00fczl\u00fc \u00e7al\u0131\u015faca\u011f\u0131z&#8221;<br \/>\n\u00a0<br \/>\nAK Parti Genel Ba\u015fkan Yard\u0131mc\u0131s\u0131 L\u00fctfi Elvan ise AK Parti\u2019nin bir millet hareketi oldu\u011funu dile getirdi. \u0130\u015fbirli\u011fiyle, g\u00fc\u00e7 birli\u011fiyle yollar\u0131na devam ettiklerini vurgulayan Elvan, &#8220;Mersin her alanda ata\u011fa kalkt\u0131. E\u011fitim, sa\u011fl\u0131k, k\u00fclt\u00fcr, ula\u015f\u0131m gibi hangi alana bakarsan\u0131z bak\u0131n \u00e7ok \u00f6nemli geli\u015fmelerin oldu\u011funu g\u00f6receksiniz. Biz bunu 1 Kas\u0131m 2015 se\u00e7imleri \u00f6ncesi vatanda\u015flar\u0131m\u0131zla payla\u015ft\u0131\u011f\u0131m\u0131zda, bir\u00e7ok vatanda\u015f\u0131m\u0131z bunlar bize \u00e7ok s\u00f6ylendi, bunlar ger\u00e7ekle\u015femez diyordu. Ancak \u015fimdi bak\u0131n 1,5 y\u0131l gibi k\u0131sa bir s\u00fcre i\u00e7erisinde Akdeniz sahil yolumuzda 10 t\u00fcnelimizi devreye soktuk. Ula\u015f\u0131m yat\u0131r\u0131mlar\u0131m\u0131za bakt\u0131\u011f\u0131m\u0131zda bug\u00fcn 30\u2019a yak\u0131n yat\u0131r\u0131m\u0131m\u0131z devam ediyor. Sa\u011fl\u0131kta sadece T\u00fcrkiye\u2019nin de\u011fil Avrupa\u2019n\u0131n en modern \u015fehir hastanelerinden birini buraya yapt\u0131k. G\u00fcnde 10 bin vatanda\u015f\u0131m\u0131z \u015fehir hastanesinden yararlan\u0131yor. \u0130l\u00e7elerimizde de bir\u00e7ok yat\u0131r\u0131mlar\u0131m\u0131z devam ediyor. E\u011fitimde de yat\u0131r\u0131mlar\u0131m\u0131z s\u00fcr\u00fcyor. Buradaki hedefimiz de Mersin\u2019i en k\u0131sa s\u00fcrede e\u011fitimde tekli e\u011fitim sistemine ge\u00e7irmektir. Bunu da yapaca\u011f\u0131z. Her il\u00e7emizdeki okul ihtiya\u00e7lar\u0131n\u0131 tek tek gideriyoruz. Turizmde de bir\u00e7ok sorunu \u00e7\u00f6zerek, \u00f6zellikle Kazanl\u0131 Turizm B\u00f6lgesinin ilan\u0131n\u0131 yapt\u0131k. 7 bin 500 yatakl\u0131 turizm b\u00f6lgesini yapmaya ba\u015flad\u0131k. Yeni organize sanayi merkezleri kurmaya da ba\u015flad\u0131k. Hedefimiz 2023 y\u0131l\u0131na geldi\u011fimizde i\u015fsizlik problemi olmayan bir Mersin olu\u015fturaca\u011f\u0131z. Tar\u0131m\u0131yla, sanayisiyle, hizmetler sekt\u00f6r\u00fcyle, ticaretiyle, e\u011fitimiyle, sa\u011fl\u0131\u011f\u0131yla Mersin art\u0131k bir cazibe merkezi konumuna gelme noktas\u0131nda. \u0130n\u015fallah \u00f6n\u00fcm\u00fczdeki g\u00fcnlerde daha fazla \u00e7al\u0131\u015faca\u011f\u0131z, daha fazla gayret g\u00f6sterece\u011fiz ve Mersin&#8217;imizin sadece T\u00fcrkiye&#8217;nin de\u011fil bu co\u011frafyan\u0131n, bu b\u00f6lgenin en \u00f6nemli cazibe merkezlerinden biri haline getirece\u011fiz. \u015eimdi yerel se\u00e7imler yakla\u015f\u0131yoruz. Bunun i\u00e7in se\u00e7imlere kadar geceli ve g\u00fcnd\u00fczl\u00fc \u00e7al\u0131\u015faca\u011f\u0131z&#8221; dedi.\u00a0<\/p>\n","protected":false},"excerpt":{"rendered":"<p>AK Parti Genel Ba\u015fkanvekili Numan Kurtulmu\u015f, yerel se\u00e7imlerin en iddial\u0131 partisinin AK Parti oldu\u011funu belirterek, &#8220;Her yerde en g\u00fc\u00e7l\u00fc adaylar\u0131 koyup, onlarla yolumuza devam edece\u011fiz. Adaylar\u0131m\u0131zda 5 tane \u00f6nemli nitelik &hellip; <a href=\"https:\/\/akdenizolaygazetesi.com\/?p=2824\" class=\"more-link\">Devam\u0131n\u0131 Oku&#8230;<\/a><\/p>\n","protected":false},"author":1,"featured_media":0,"comment_status":"open","ping_status":"open","sticky":false,"template":"","format":"standard","meta":[],"categories":[],"tags":[],"_links":{"self":[{"href":"https:\/\/akdenizolaygazetesi.com\/index.php?rest_route=\/wp\/v2\/posts\/2824"}],"collection":[{"href":"https:\/\/akdenizolaygazetesi.com\/index.php?rest_route=\/wp\/v2\/posts"}],"about":[{"href":"https:\/\/akdenizolaygazetesi.com\/index.php?rest_route=\/wp\/v2\/types\/post"}],"author":[{"embeddable":true,"href":"https:\/\/akdenizolaygazetesi.com\/index.php?rest_route=\/wp\/v2\/users\/1"}],"replies":[{"embeddable":true,"href":"https:\/\/akdenizolaygazetesi.com\/index.php?rest_route=%2Fwp%2Fv2%2Fcomments&post=2824"}],"version-history":[{"count":0,"href":"https:\/\/akdenizolaygazetesi.com\/index.php?rest_route=\/wp\/v2\/posts\/2824\/revisions"}],"wp:attachment":[{"href":"https:\/\/akdenizolaygazetesi.com\/index.php?rest_route=%2Fwp%2Fv2%2Fmedia&parent=2824"}],"wp:term":[{"taxonomy":"category","embeddable":true,"href":"https:\/\/akdenizolaygazetesi.com\/index.php?rest_route=%2Fwp%2Fv2%2Fcategories&post=2824"},{"taxonomy":"post_tag","embeddable":true,"href":"https:\/\/akdenizolaygazetesi.com\/index.php?rest_route=%2Fwp%2Fv2%2Ftags&post=2824"}],"curies":[{"name":"wp","href":"https:\/\/api.w.org\/{rel}","templated":true}]}}