{"id":28348,"date":"2023-10-27T13:18:59","date_gmt":"2023-10-27T10:18:59","guid":{"rendered":"http:\/\/akdenizolaygazetesi.com\/?p=28348"},"modified":"2023-10-27T13:18:59","modified_gmt":"2023-10-27T10:18:59","slug":"il-milli-egitim-mudurlugunde-devir-teslim-toreni","status":"publish","type":"post","link":"https:\/\/akdenizolaygazetesi.com\/?p=28348","title":{"rendered":"\u0130L M\u0130LL\u0130 E\u011e\u0130T\u0130M M\u00dcD\u00dcRL\u00dc\u011e\u00dcNDE DEV\u0130R TESL\u0130M T\u00d6REN\u0130"},"content":{"rendered":"<p>Mersin \u0130l Milli E\u011fitim M\u00fcd\u00fcr\u00fc olarak ilimize atanan Say\u0131n Fazilet DURMU\u015e, g\u00f6revi Say\u0131n Adem KOCA&#8217;dan devrald\u0131.<\/p>\n<p>Say\u0131n Fazilet DURMU\u015e, bug\u00fcne kadar yapm\u0131\u015f oldu\u011fu hizmetlerden dolay\u0131 Say\u0131n Adem KOCA&#8217;ya te\u015fekk\u00fcr etti. Say\u0131n Adem KOCA, &#8220;Bug\u00fcne kadar omuz omuza \u00e7al\u0131\u015ft\u0131\u011f\u0131m\u0131z, Mersinimizi birlik ve dayan\u0131\u015fma i\u00e7inde daha da y\u00fckseltti\u011fimiz ilimizin de\u011ferli protokol\u00fcne, payda\u015flar\u0131m\u0131za, meslekta\u015flar\u0131ma, t\u00fcm personelimize, en kalbi duygular\u0131mla te\u015fekk\u00fcr ediyor, \u00e7ok k\u0131ymetli evlatlar\u0131ma her daim ba\u015far\u0131lar; Say\u0131n Fazilet DURMU\u015e&#8217;a yeni g\u00f6revinde muvaffakiyetler diliyorum.&#8221; dedi.<\/p>\n<p>Say\u0131n Adem KOCA ve Say\u0131n Fazilet DURMU\u015e M\u00fcd\u00fcrl\u00fc\u011f\u00fcm\u00fcze ba\u011fl\u0131 t\u00fcm birimleri ziyaret ettiler. Say\u0131n Adem KOCA, \u0130l Milli E\u011fitim M\u00fcd\u00fcrl\u00fc\u011f\u00fcm\u00fcz y\u00f6neticileri ve personeliyle vedala\u015f\u0131rken Say\u0131n Fazilet DURMU\u015e da t\u00fcm birimlerle tan\u0131\u015farak selamla\u015ft\u0131.<\/p>\n<p>Mersin \u0130l Milli E\u011fitim M\u00fcd\u00fcr\u00fc Say\u0131n Fazilet DURMU\u015e, devir teslim t\u00f6reninin ard\u0131ndan birim amirleri ile bir toplant\u0131 ger\u00e7ekle\u015ftirdi. Say\u0131n DURMU\u015e toplant\u0131 sonras\u0131nda Mersin Valimiz Say\u0131n Ali Hamza PEHL\u0130VAN&#8217;\u0131 makam\u0131nda ziyaret etti.<\/p>\n","protected":false},"excerpt":{"rendered":"<p>Mersin \u0130l Milli E\u011fitim M\u00fcd\u00fcr\u00fc olarak ilimize atanan Say\u0131n Fazilet DURMU\u015e, g\u00f6revi Say\u0131n Adem KOCA&#8217;dan devrald\u0131. Say\u0131n Fazilet DURMU\u015e, bug\u00fcne kadar yapm\u0131\u015f oldu\u011fu hizmetlerden dolay\u0131 Say\u0131n Adem KOCA&#8217;ya te\u015fekk\u00fcr etti. &hellip; <a href=\"https:\/\/akdenizolaygazetesi.com\/?p=28348\" class=\"more-link\">Devam\u0131n\u0131 Oku&#8230;<\/a><\/p>\n","protected":false},"author":2,"featured_media":28349,"comment_status":"open","ping_status":"open","sticky":false,"template":"","format":"standard","meta":[],"categories":[3],"tags":[],"_links":{"self":[{"href":"https:\/\/akdenizolaygazetesi.com\/index.php?rest_route=\/wp\/v2\/posts\/28348"}],"collection":[{"href":"https:\/\/akdenizolaygazetesi.com\/index.php?rest_route=\/wp\/v2\/posts"}],"about":[{"href":"https:\/\/akdenizolaygazetesi.com\/index.php?rest_route=\/wp\/v2\/types\/post"}],"author":[{"embeddable":true,"href":"https:\/\/akdenizolaygazetesi.com\/index.php?rest_route=\/wp\/v2\/users\/2"}],"replies":[{"embeddable":true,"href":"https:\/\/akdenizolaygazetesi.com\/index.php?rest_route=%2Fwp%2Fv2%2Fcomments&post=28348"}],"version-history":[{"count":1,"href":"https:\/\/akdenizolaygazetesi.com\/index.php?rest_route=\/wp\/v2\/posts\/28348\/revisions"}],"predecessor-version":[{"id":28350,"href":"https:\/\/akdenizolaygazetesi.com\/index.php?rest_route=\/wp\/v2\/posts\/28348\/revisions\/28350"}],"wp:featuredmedia":[{"embeddable":true,"href":"https:\/\/akdenizolaygazetesi.com\/index.php?rest_route=\/wp\/v2\/media\/28349"}],"wp:attachment":[{"href":"https:\/\/akdenizolaygazetesi.com\/index.php?rest_route=%2Fwp%2Fv2%2Fmedia&parent=28348"}],"wp:term":[{"taxonomy":"category","embeddable":true,"href":"https:\/\/akdenizolaygazetesi.com\/index.php?rest_route=%2Fwp%2Fv2%2Fcategories&post=28348"},{"taxonomy":"post_tag","embeddable":true,"href":"https:\/\/akdenizolaygazetesi.com\/index.php?rest_route=%2Fwp%2Fv2%2Ftags&post=28348"}],"curies":[{"name":"wp","href":"https:\/\/api.w.org\/{rel}","templated":true}]}}