{"id":28351,"date":"2023-10-27T13:20:15","date_gmt":"2023-10-27T10:20:15","guid":{"rendered":"http:\/\/akdenizolaygazetesi.com\/?p=28351"},"modified":"2023-10-27T13:20:15","modified_gmt":"2023-10-27T10:20:15","slug":"fazilet-durmustan-goreve-baslama-mesaji","status":"publish","type":"post","link":"https:\/\/akdenizolaygazetesi.com\/?p=28351","title":{"rendered":"FAZ\u0130LET DURMU\u015e&#8217;TAN G\u00d6REVE BA\u015eLAMA MESAJI"},"content":{"rendered":"<p>Bir molan\u0131n en g\u00fczel yerinden, &#8220;Haydi yeniden ba\u015fl\u0131yoruz&#8221; evresinden herkese selamlar&#8230;<\/p>\n<p>Mill\u00ee E\u011fitim Bakan\u0131m\u0131z Say\u0131n Yusuf Tekin&#8217;in tensipleriyle, Mersin ilimizde g\u00f6reve ba\u015flaman\u0131n mutlulu\u011funu ya\u015f\u0131yorum. Bu vesileyle, Say\u0131n Bakan\u0131ma te\u015fekk\u00fcrlerimi arz ederim.<\/p>\n<p>Bu aziz vatan\u0131n her kar\u0131\u015f topra\u011f\u0131n\u0131 kutsal bilerek, u\u011fruna \u00f6denen bedelleri hep hat\u0131rda tutarak her g\u00fcn daha \u00e7ok \u00e7al\u0131\u015fmay\u0131 d\u00fcstur edinerek geliyorum. \u00dclkeyi emanet edece\u011fimizin bilinciyle yar\u0131nlar\u0131m\u0131z\u0131 yeti\u015ftirirken bir anne kadar hassas, bir doktor kadar dikkatli, bir hukuk\u00e7u kadar adil, bir \u00e7ift\u00e7i kadar umutlu, bir e\u011fitimci kadar sevgi dolu geliyorum. Akdeniz&#8217;in s\u0131cak insanlar\u0131 i\u00e7in, Toroslar\u0131n ete\u011findeki k\u0131rm\u0131z\u0131 yanakl\u0131 y\u00f6r\u00fck \u00e7ocuklar\u0131 ve T\u00fcrkiye&#8217;min s\u0131n\u0131flar\u0131n\u0131, s\u0131n\u0131rlar\u0131n\u0131 dolduran t\u00fcm yavrular\u0131n e\u011fitimi i\u00e7in geliyorum.<\/p>\n<p>&#8220;\u00dclkemizi kalk\u0131nd\u0131racak, d\u00fcnyada s\u00f6z sahibi k\u0131lacak; donan\u0131ml\u0131, okuyan, ara\u015ft\u0131ran, sorgulayan, katma de\u011fer \u00fcreten, ba\u015far\u0131l\u0131, ahlakl\u0131 ve erdemli gen\u00e7lere sahip olmak&#8221; amac\u0131 do\u011frultusunda, var olan bilgi, deneyim ve yetkinlikleri insanl\u0131k hayr\u0131na kullanma gayretiyle geliyorum.<\/p>\n<p>\u0130\u00e7inde bulundu\u011fumuz s\u00fcrecin \u00f6nemini ve de\u011ferini de derinden hissederek emin ad\u0131mlarla, &#8220;100. Y\u0131l&#8221; co\u015fkusuyla geliyorum!<\/p>\n<p>G\u00f6revi devrald\u0131\u011f\u0131m k\u0131ymetli meslekta\u015f\u0131m Adem Koca&#8217;ya ba\u015far\u0131l\u0131 \u00e7al\u0131\u015fmalar\u0131ndan dolay\u0131 te\u015fekk\u00fcr ediyor, &#8220;T\u00fcrkiye Y\u00fczy\u0131l\u0131&#8221; n\u0131n in\u015fas\u0131nda \u00f6z de\u011ferlerinin fark\u0131nda ve vatan\u0131n\u0131 her \u015feyden \u00e7ok seven bireyler yeti\u015ftirmek i\u00e7in \u00fczerime d\u00fc\u015feni en iyi \u015fekilde yapmak, ekip ruhunu daima canl\u0131 tutarak seviyeyi m\u00fcmk\u00fcn oldu\u011funca yukar\u0131ya ta\u015f\u0131ma yolunda t\u00fcm \u00f6\u011fretmen arkada\u015flar\u0131mla birlikte \u015fehrimizin sevgili \u00e7ocuklar\u0131 i\u00e7in g\u00fczel i\u015flere imza atmay\u0131 temenni ediyorum.<\/p>\n","protected":false},"excerpt":{"rendered":"<p>Bir molan\u0131n en g\u00fczel yerinden, &#8220;Haydi yeniden ba\u015fl\u0131yoruz&#8221; evresinden herkese selamlar&#8230; Mill\u00ee E\u011fitim Bakan\u0131m\u0131z Say\u0131n Yusuf Tekin&#8217;in tensipleriyle, Mersin ilimizde g\u00f6reve ba\u015flaman\u0131n mutlulu\u011funu ya\u015f\u0131yorum. Bu vesileyle, Say\u0131n Bakan\u0131ma te\u015fekk\u00fcrlerimi arz &hellip; <a href=\"https:\/\/akdenizolaygazetesi.com\/?p=28351\" class=\"more-link\">Devam\u0131n\u0131 Oku&#8230;<\/a><\/p>\n","protected":false},"author":2,"featured_media":28352,"comment_status":"open","ping_status":"open","sticky":false,"template":"","format":"standard","meta":[],"categories":[2,3],"tags":[],"_links":{"self":[{"href":"https:\/\/akdenizolaygazetesi.com\/index.php?rest_route=\/wp\/v2\/posts\/28351"}],"collection":[{"href":"https:\/\/akdenizolaygazetesi.com\/index.php?rest_route=\/wp\/v2\/posts"}],"about":[{"href":"https:\/\/akdenizolaygazetesi.com\/index.php?rest_route=\/wp\/v2\/types\/post"}],"author":[{"embeddable":true,"href":"https:\/\/akdenizolaygazetesi.com\/index.php?rest_route=\/wp\/v2\/users\/2"}],"replies":[{"embeddable":true,"href":"https:\/\/akdenizolaygazetesi.com\/index.php?rest_route=%2Fwp%2Fv2%2Fcomments&post=28351"}],"version-history":[{"count":1,"href":"https:\/\/akdenizolaygazetesi.com\/index.php?rest_route=\/wp\/v2\/posts\/28351\/revisions"}],"predecessor-version":[{"id":28353,"href":"https:\/\/akdenizolaygazetesi.com\/index.php?rest_route=\/wp\/v2\/posts\/28351\/revisions\/28353"}],"wp:featuredmedia":[{"embeddable":true,"href":"https:\/\/akdenizolaygazetesi.com\/index.php?rest_route=\/wp\/v2\/media\/28352"}],"wp:attachment":[{"href":"https:\/\/akdenizolaygazetesi.com\/index.php?rest_route=%2Fwp%2Fv2%2Fmedia&parent=28351"}],"wp:term":[{"taxonomy":"category","embeddable":true,"href":"https:\/\/akdenizolaygazetesi.com\/index.php?rest_route=%2Fwp%2Fv2%2Fcategories&post=28351"},{"taxonomy":"post_tag","embeddable":true,"href":"https:\/\/akdenizolaygazetesi.com\/index.php?rest_route=%2Fwp%2Fv2%2Ftags&post=28351"}],"curies":[{"name":"wp","href":"https:\/\/api.w.org\/{rel}","templated":true}]}}